{"id":138651,"date":"2023-02-05T18:22:36","date_gmt":"2023-02-05T21:22:36","guid":{"rendered":"https:\/\/portalv1.com.br\/?p=138651"},"modified":"2023-02-05T18:22:36","modified_gmt":"2023-02-05T21:22:36","slug":"entrega-dos-boletos-do-garantia-safra-comeca-nessa-segunda-feira-em-lagoa-do-sitio","status":"publish","type":"post","link":"https:\/\/portalv1.com.br\/entrega-dos-boletos-do-garantia-safra-comeca-nessa-segunda-feira-em-lagoa-do-sitio\/","title":{"rendered":"Entrega dos boletos do Garantia Safra come\u00e7a nessa segunda-feira em Lagoa do Sitio"},"content":{"rendered":"<p>A Secretaria Municipal de Agricultura de Lagoa do Sitio inicia nessa segunda-feira, 6 de fevereiro, a distribui\u00e7\u00e3o dos boletos para pagamento da contrapartida dos agricultores familiares ao Programa Garantia Safra 2022\/2023.<\/p>\n<p>A distribui\u00e7\u00e3o acontecer\u00e1 at\u00e9 a pr\u00f3xima quinta-feira (9) na sede da Secretaria de Agricultura na Avenida Mundin Ferreira das 08 \u00e0s 13 e das 14h \u00e0s 17h.<\/p>\n<p>O Garantia Safra \u00e9 pago aos agricultores familiares que vivem na regi\u00e3o do semi\u00e1rido brasileiro, em caso de perda da safra devido \u00e0 estiagem ou excesso de chuvas. 561 fam\u00edlias de Lagoa do Sitio ser\u00e3o beneficiadas esse ano.<\/p>\n<p>\u201cEsse \u00e9 mais um benef\u00edcio garantido para a popula\u00e7\u00e3o S\u00edtiolagoense gra\u00e7as ao empenho do prefeito S\u00e1vio Moura e do vice Isaur\u00ed, que vem pagando a contrapartida do munic\u00edpio em dias e mantendo o munic\u00edpio adimplente ao programa\u201d disse o secret\u00e1rio de agricultura Raimundo Paiva.<\/p>\n<p><strong>Tabela Garantia Safra<\/strong><\/p>\n<p>Valor do Benef\u00edcio: R$ 1.200,00;<\/p>\n<p>Ades\u00e3o do Agricultor: R$ 24,00;<\/p>\n<p>Valor do Aporte Estadual: R$ 144,00 (por agricultor aderido);<\/p>\n<p>Valor do Aporte Municipal: R$ 72,00 (por agricultor aderido);<\/p>\n<p>Valor do Aporte da Uni\u00e3o: R$ 480,00<\/p>\n","protected":false},"excerpt":{"rendered":"<p>A Secretaria Municipal de Agricultura de Lagoa do Sitio inicia nessa segunda-feira, 6 de fevereiro, a distribui\u00e7\u00e3o dos boletos para pagamento da contrapartida dos agricultores familiares ao Programa Garantia Safra&#8230;<\/p>\n","protected":false},"author":1,"featured_media":67439,"comment_status":"open","ping_status":"open","sticky":false,"template":"","format":"standard","meta":{"ngg_post_thumbnail":0,"footnotes":""},"categories":[243],"tags":[],"class_list":["post-138651","post","type-post","status-publish","format-standard","has-post-thumbnail","hentry","category-geral"],"views":206,"meta_data":{"thumb":"https:\/\/portalv1.com.br\/app\/wp-content\/uploads\/2019\/01\/GARANTIA-SAFRA-logo.jpg","imagem":{"fullsize":{"url":"https:\/\/portalv1.com.br\/app\/wp-content\/uploads\/2019\/01\/GARANTIA-SAFRA-logo.jpg","width":500,"height":316},"thumbnail":{"url":"https:\/\/portalv1.com.br\/app\/wp-content\/uploads\/2019\/01\/GARANTIA-SAFRA-logo-100x100.jpg","width":100,"height":100},"medium":{"url":"https:\/\/portalv1.com.br\/app\/wp-content\/uploads\/2019\/01\/GARANTIA-SAFRA-logo-300x190.jpg","width":300,"height":190}},"data":{"simple":"05\/02\/2023","date_time":"05\/02\/2023 15:22:36","date":"h\u00e1 3 anos"},"chapeu":"Saiba detalhes ","source":"m_destacada"},"_links":{"self":[{"href":"https:\/\/portalv1.com.br\/api\/wp\/v2\/posts\/138651","targetHints":{"allow":["GET"]}}],"collection":[{"href":"https:\/\/portalv1.com.br\/api\/wp\/v2\/posts"}],"about":[{"href":"https:\/\/portalv1.com.br\/api\/wp\/v2\/types\/post"}],"author":[{"embeddable":true,"href":"https:\/\/portalv1.com.br\/api\/wp\/v2\/users\/1"}],"replies":[{"embeddable":true,"href":"https:\/\/portalv1.com.br\/api\/wp\/v2\/comments?post=138651"}],"version-history":[{"count":0,"href":"https:\/\/portalv1.com.br\/api\/wp\/v2\/posts\/138651\/revisions"}],"wp:featuredmedia":[{"embeddable":true,"href":"https:\/\/portalv1.com.br\/api\/wp\/v2\/media\/67439"}],"wp:attachment":[{"href":"https:\/\/portalv1.com.br\/api\/wp\/v2\/media?parent=138651"}],"wp:term":[{"taxonomy":"category","embeddable":true,"href":"https:\/\/portalv1.com.br\/api\/wp\/v2\/categories?post=138651"},{"taxonomy":"post_tag","embeddable":true,"href":"https:\/\/portalv1.com.br\/api\/wp\/v2\/tags?post=138651"}],"curies":[{"name":"wp","href":"https:\/\/api.w.org\/{rel}","templated":true}]}}