{"id":138918,"date":"2023-02-16T10:55:41","date_gmt":"2023-02-16T13:55:41","guid":{"rendered":"https:\/\/portalv1.com.br\/?p=138918"},"modified":"2023-02-16T11:01:27","modified_gmt":"2023-02-16T14:01:27","slug":"prefeito-de-aroazes-manoel-neto-divulga-atracoes-dos-61-anos-da-cidade","status":"publish","type":"post","link":"https:\/\/portalv1.com.br\/prefeito-de-aroazes-manoel-neto-divulga-atracoes-dos-61-anos-da-cidade\/","title":{"rendered":"Prefeito de Aroazes Manoel Neto divulga atra\u00e7\u00f5es dos 61 anos da cidade"},"content":{"rendered":"<p>Em comemora\u00e7\u00e3o aos 61 anos de emancipa\u00e7\u00e3o pol\u00edtica-administrativa, no pr\u00f3ximo dia 27 de fevereiro, o prefeito de Aroazes Manoel Portela Neto divulgou os shows que animar\u00e3o a data festiva do munic\u00edpio.<\/p>\n<p>\u201cPreparem-se para festejar o anivers\u00e1rio de Aroazes. Nossa terra completa 61 anos de emancipa\u00e7\u00e3o e fa\u00e7o o convite a toda comunidade para juntos comemorarmos esse momento e compartilharmos a alegria que \u00e9 ser Aroazense. Vai ter muito forr\u00f3 com bandas: Brasas do Forr\u00f3, Anderson Rodrigues, Alanzim Coreano, Marcos Juli\u00e3o e Marcos Silva e Forr\u00f3 Bandido\u201d anunciou Manoel Portela Neto nas redes sociais que convido toda a regi\u00e3o.<\/p>\n<p>\u201cSalva essa data! \u00c9 dia 27 de fevereiro na Pra\u00e7a de Eventos de Aroazes. O evento \u00e9 uma realiza\u00e7\u00e3o da Prefeitura de Aroazes e apoio do Governo do Piau\u00ed\u201d frisou o gestor.<a href=\"https:\/\/portalv1.com.br\/app\/wp-content\/uploads\/2023\/02\/brasas.jpg\"><img loading=\"lazy\" decoding=\"async\" class=\"aligncenter size-large wp-image-138919\" src=\"https:\/\/portalv1.com.br\/app\/wp-content\/uploads\/2023\/02\/brasas-640x800.jpg\" alt=\"\" width=\"600\" height=\"750\" srcset=\"https:\/\/portalv1.com.br\/app\/wp-content\/uploads\/2023\/02\/brasas-640x800.jpg 640w, https:\/\/portalv1.com.br\/app\/wp-content\/uploads\/2023\/02\/brasas-300x375.jpg 300w, https:\/\/portalv1.com.br\/app\/wp-content\/uploads\/2023\/02\/brasas-768x960.jpg 768w, https:\/\/portalv1.com.br\/app\/wp-content\/uploads\/2023\/02\/brasas-1228x1536.jpg 1228w, https:\/\/portalv1.com.br\/app\/wp-content\/uploads\/2023\/02\/brasas.jpg 1349w\" sizes=\"auto, (max-width: 600px) 100vw, 600px\" \/><\/a><\/p>\n","protected":false},"excerpt":{"rendered":"<p>Em comemora\u00e7\u00e3o aos 61 anos de emancipa\u00e7\u00e3o pol\u00edtica-administrativa, no pr\u00f3ximo dia 27 de fevereiro, o prefeito de Aroazes Manoel Portela Neto divulgou os shows que animar\u00e3o a data festiva do&#8230;<\/p>\n","protected":false},"author":1,"featured_media":138920,"comment_status":"open","ping_status":"open","sticky":false,"template":"","format":"standard","meta":{"ngg_post_thumbnail":0,"footnotes":""},"categories":[243],"tags":[],"class_list":["post-138918","post","type-post","status-publish","format-standard","has-post-thumbnail","hentry","category-geral"],"views":345,"meta_data":{"thumb":"https:\/\/portalv1.com.br\/app\/wp-content\/uploads\/2023\/02\/WhatsApp-Image-2023-02-16-at-11.00.21.jpeg","imagem":{"fullsize":{"url":"https:\/\/portalv1.com.br\/app\/wp-content\/uploads\/2023\/02\/WhatsApp-Image-2023-02-16-at-11.00.21.jpeg","width":1348,"height":941},"medium":{"url":"https:\/\/portalv1.com.br\/app\/wp-content\/uploads\/2023\/02\/WhatsApp-Image-2023-02-16-at-11.00.21-300x209.jpeg","width":300,"height":209},"large":{"url":"https:\/\/portalv1.com.br\/app\/wp-content\/uploads\/2023\/02\/WhatsApp-Image-2023-02-16-at-11.00.21-640x447.jpeg","width":640,"height":447},"thumbnail":{"url":"https:\/\/portalv1.com.br\/app\/wp-content\/uploads\/2023\/02\/WhatsApp-Image-2023-02-16-at-11.00.21-100x100.jpeg","width":100,"height":100},"medium_large":{"url":"https:\/\/portalv1.com.br\/app\/wp-content\/uploads\/2023\/02\/WhatsApp-Image-2023-02-16-at-11.00.21-768x536.jpeg","width":768,"height":536}},"data":{"simple":"16\/02\/2023","date_time":"16\/02\/2023 07:55:41","date":"h\u00e1 3 anos"},"chapeu":"Saiba Detalhes ","source":"slide"},"_links":{"self":[{"href":"https:\/\/portalv1.com.br\/api\/wp\/v2\/posts\/138918","targetHints":{"allow":["GET"]}}],"collection":[{"href":"https:\/\/portalv1.com.br\/api\/wp\/v2\/posts"}],"about":[{"href":"https:\/\/portalv1.com.br\/api\/wp\/v2\/types\/post"}],"author":[{"embeddable":true,"href":"https:\/\/portalv1.com.br\/api\/wp\/v2\/users\/1"}],"replies":[{"embeddable":true,"href":"https:\/\/portalv1.com.br\/api\/wp\/v2\/comments?post=138918"}],"version-history":[{"count":0,"href":"https:\/\/portalv1.com.br\/api\/wp\/v2\/posts\/138918\/revisions"}],"wp:featuredmedia":[{"embeddable":true,"href":"https:\/\/portalv1.com.br\/api\/wp\/v2\/media\/138920"}],"wp:attachment":[{"href":"https:\/\/portalv1.com.br\/api\/wp\/v2\/media?parent=138918"}],"wp:term":[{"taxonomy":"category","embeddable":true,"href":"https:\/\/portalv1.com.br\/api\/wp\/v2\/categories?post=138918"},{"taxonomy":"post_tag","embeddable":true,"href":"https:\/\/portalv1.com.br\/api\/wp\/v2\/tags?post=138918"}],"curies":[{"name":"wp","href":"https:\/\/api.w.org\/{rel}","templated":true}]}}