{"id":13929,"date":"2012-10-29T22:36:40","date_gmt":"2012-10-30T01:36:40","guid":{"rendered":"https:\/\/portalv1.com.br\/?p=13929"},"modified":"2012-10-29T22:36:40","modified_gmt":"2012-10-30T01:36:40","slug":"assembleia-realiza-sessao-solene-em-homenagem-ao-outubro-rosa","status":"publish","type":"post","link":"https:\/\/portalv1.com.br\/assembleia-realiza-sessao-solene-em-homenagem-ao-outubro-rosa\/","title":{"rendered":"Assembleia realiza sess\u00e3o solene em homenagem ao Outubro Rosa"},"content":{"rendered":"<figure id=\"attachment_13930\" aria-describedby=\"caption-attachment-13930\" style=\"width: 300px\" class=\"wp-caption alignright\"><a href=\"https:\/\/portalv1.com.br\/app\/wp-content\/uploads\/2012\/10\/margarete.jpg\"><img loading=\"lazy\" decoding=\"async\" class=\"size-medium wp-image-13930\" title=\"margarete\" src=\"https:\/\/portalv1.com.br\/app\/wp-content\/uploads\/2012\/10\/margarete-300x240.jpg\" alt=\"\" width=\"300\" height=\"240\" srcset=\"https:\/\/portalv1.com.br\/app\/wp-content\/uploads\/2012\/10\/margarete-300x240.jpg 300w, https:\/\/portalv1.com.br\/app\/wp-content\/uploads\/2012\/10\/margarete.jpg 420w\" sizes=\"auto, (max-width: 300px) 100vw, 300px\" \/><\/a><figcaption id=\"caption-attachment-13930\" class=\"wp-caption-text\">deputada estadual Margarete Coelho<\/figcaption><\/figure>\n<p>A Assembleia Legislativa do Piau\u00ed realiza na quarta-feira (31) sess\u00e3o solene em homenagem ao movimento Outubro Rosa. A solenidade, proposta pela deputada estadual Margarete Coelho, acontece a partir das 10h.<\/p>\n<p>O movimento existe no mundo inteiro e remete ao la\u00e7o cor-de-rosa que simboliza a luta contra o c\u00e2ncer de mama. Com extensa programa\u00e7\u00e3o e a ilumina\u00e7\u00e3o de pr\u00e9dios e monumentos p\u00fablicos em tons de rosa, a campanha tem o objetivo de estimular a participa\u00e7\u00e3o da popula\u00e7\u00e3o, de empresas e de entidades na preven\u00e7\u00e3o e no combate \u00e0 doen\u00e7a. \u201cO Outubro Rosa \u00e9 um movimento important\u00edssimo e que nos faz refletir sobre uma doen\u00e7a que acomete muitas mulheres em nosso Estado, pa\u00eds e que se diagnosticada e tratada logo no in\u00edcio pode evitar sequelas e mortes\u201d, disse a deputada Margarete Coelho.<\/p>\n<p>A a\u00e7\u00e3o tem como objetivo alertar as alertas pessoas, empresas e entidades sobre a import\u00e2ncia da preven\u00e7\u00e3o do c\u00e2ncer de mama, que mata mais de 11 mil mulheres por ano somente no Brasil.<\/p>\n<p>Fonte: GP1<\/p>\n","protected":false},"excerpt":{"rendered":"<p>A Assembleia Legislativa do Piau\u00ed realiza na quarta-feira (31) sess\u00e3o solene em homenagem ao movimento Outubro Rosa. A solenidade, proposta pela deputada estadual Margarete Coelho, acontece a partir das 10h&#8230;.<\/p>\n","protected":false},"author":1,"featured_media":0,"comment_status":"open","ping_status":"open","sticky":false,"template":"","format":"standard","meta":{"ngg_post_thumbnail":0,"footnotes":""},"categories":[243],"tags":[],"class_list":["post-13929","post","type-post","status-publish","format-standard","hentry","category-geral"],"views":334,"meta_data":{"thumb":"https:\/\/portalv1.com.br\/app\/wp-content\/uploads\/2012\/10\/margarete.jpg","data":{"simple":"29\/10\/2012","date_time":"29\/10\/2012 19:36:40","date":"h\u00e1 14 anos"},"chapeu":"","source":""},"_links":{"self":[{"href":"https:\/\/portalv1.com.br\/api\/wp\/v2\/posts\/13929","targetHints":{"allow":["GET"]}}],"collection":[{"href":"https:\/\/portalv1.com.br\/api\/wp\/v2\/posts"}],"about":[{"href":"https:\/\/portalv1.com.br\/api\/wp\/v2\/types\/post"}],"author":[{"embeddable":true,"href":"https:\/\/portalv1.com.br\/api\/wp\/v2\/users\/1"}],"replies":[{"embeddable":true,"href":"https:\/\/portalv1.com.br\/api\/wp\/v2\/comments?post=13929"}],"version-history":[{"count":0,"href":"https:\/\/portalv1.com.br\/api\/wp\/v2\/posts\/13929\/revisions"}],"wp:attachment":[{"href":"https:\/\/portalv1.com.br\/api\/wp\/v2\/media?parent=13929"}],"wp:term":[{"taxonomy":"category","embeddable":true,"href":"https:\/\/portalv1.com.br\/api\/wp\/v2\/categories?post=13929"},{"taxonomy":"post_tag","embeddable":true,"href":"https:\/\/portalv1.com.br\/api\/wp\/v2\/tags?post=13929"}],"curies":[{"name":"wp","href":"https:\/\/api.w.org\/{rel}","templated":true}]}}