{"id":13950,"date":"2012-10-31T16:41:06","date_gmt":"2012-10-31T19:41:06","guid":{"rendered":"https:\/\/portalv1.com.br\/?p=13950"},"modified":"2012-10-31T16:41:06","modified_gmt":"2012-10-31T19:41:06","slug":"prefeito-de-valenca-do-piaui-decreta-ponto-facultativo-veja","status":"publish","type":"post","link":"https:\/\/portalv1.com.br\/prefeito-de-valenca-do-piaui-decreta-ponto-facultativo-veja\/","title":{"rendered":"Prefeito de Valen\u00e7a do Piau\u00ed decreta Ponto Facultativo. Veja"},"content":{"rendered":"<figure id=\"attachment_13591\" aria-describedby=\"caption-attachment-13591\" style=\"width: 300px\" class=\"wp-caption alignright\"><a href=\"https:\/\/portalv1.com.br\/app\/wp-content\/uploads\/2012\/08\/vista-de-valen\u00e7a3.jpg\"><img loading=\"lazy\" decoding=\"async\" class=\"size-medium wp-image-13591\" title=\"vista de valen\u00e7a\" src=\"https:\/\/portalv1.com.br\/app\/wp-content\/uploads\/2012\/08\/vista-de-valen\u00e7a3-300x225.jpg\" alt=\"\" width=\"300\" height=\"225\" srcset=\"https:\/\/portalv1.com.br\/app\/wp-content\/uploads\/2012\/08\/vista-de-valen\u00e7a3-300x225.jpg 300w, https:\/\/portalv1.com.br\/app\/wp-content\/uploads\/2012\/08\/vista-de-valen\u00e7a3.jpg 450w\" sizes=\"auto, (max-width: 300px) 100vw, 300px\" \/><\/a><figcaption id=\"caption-attachment-13591\" class=\"wp-caption-text\">Vista de Valen\u00e7a<\/figcaption><\/figure>\n<p>O Prefeito Municipal de Valen\u00e7a do Piau\u00ed, Francisco de Assis Alc\u00e2ntara, decretou ponto facultativo nas reparti\u00e7\u00f5es municipais nesta quinta-feira, dia 1\u00b0 de novembro, Dia de Todos os Santos que antecede ao Dia de Finados. Com isso os funcion\u00e1rios p\u00fablicos municipais ganham mais um dia para descansar.<\/p>\n","protected":false},"excerpt":{"rendered":"<p>O Prefeito Municipal de Valen\u00e7a do Piau\u00ed, Francisco de Assis Alc\u00e2ntara, decretou ponto facultativo nas reparti\u00e7\u00f5es municipais nesta quinta-feira, dia 1\u00b0 de novembro, Dia de Todos os Santos que antecede&#8230;<\/p>\n","protected":false},"author":1,"featured_media":0,"comment_status":"open","ping_status":"open","sticky":false,"template":"","format":"standard","meta":{"ngg_post_thumbnail":0,"footnotes":""},"categories":[12],"tags":[],"class_list":["post-13950","post","type-post","status-publish","format-standard","hentry","category-valenca-news"],"views":781,"meta_data":{"thumb":"https:\/\/portalv1.com.br\/app\/wp-content\/uploads\/2012\/08\/vista-de-valen\u00e7a3.jpg","data":{"simple":"31\/10\/2012","date_time":"31\/10\/2012 13:41:06","date":"h\u00e1 14 anos"},"chapeu":"Dia de Todos os Santos ","source":"slide"},"_links":{"self":[{"href":"https:\/\/portalv1.com.br\/api\/wp\/v2\/posts\/13950","targetHints":{"allow":["GET"]}}],"collection":[{"href":"https:\/\/portalv1.com.br\/api\/wp\/v2\/posts"}],"about":[{"href":"https:\/\/portalv1.com.br\/api\/wp\/v2\/types\/post"}],"author":[{"embeddable":true,"href":"https:\/\/portalv1.com.br\/api\/wp\/v2\/users\/1"}],"replies":[{"embeddable":true,"href":"https:\/\/portalv1.com.br\/api\/wp\/v2\/comments?post=13950"}],"version-history":[{"count":0,"href":"https:\/\/portalv1.com.br\/api\/wp\/v2\/posts\/13950\/revisions"}],"wp:attachment":[{"href":"https:\/\/portalv1.com.br\/api\/wp\/v2\/media?parent=13950"}],"wp:term":[{"taxonomy":"category","embeddable":true,"href":"https:\/\/portalv1.com.br\/api\/wp\/v2\/categories?post=13950"},{"taxonomy":"post_tag","embeddable":true,"href":"https:\/\/portalv1.com.br\/api\/wp\/v2\/tags?post=13950"}],"curies":[{"name":"wp","href":"https:\/\/api.w.org\/{rel}","templated":true}]}}