{"id":13982,"date":"2012-11-05T10:12:31","date_gmt":"2012-11-05T13:12:31","guid":{"rendered":"https:\/\/portalv1.com.br\/?p=13982"},"modified":"2012-11-05T10:12:31","modified_gmt":"2012-11-05T13:12:31","slug":"tres-pessoas-morrem-em-30-acidentes-durante-este-feriado","status":"publish","type":"post","link":"https:\/\/portalv1.com.br\/tres-pessoas-morrem-em-30-acidentes-durante-este-feriado\/","title":{"rendered":"Tr\u00eas pessoas morrem em 30 acidentes durante este feriado"},"content":{"rendered":"<figure id=\"attachment_13983\" aria-describedby=\"caption-attachment-13983\" style=\"width: 300px\" class=\"wp-caption alignright\"><a href=\"https:\/\/portalv1.com.br\/app\/wp-content\/uploads\/2012\/11\/acidente1.jpg\"><img loading=\"lazy\" decoding=\"async\" class=\"size-medium wp-image-13983\" title=\"acidente\" src=\"https:\/\/portalv1.com.br\/app\/wp-content\/uploads\/2012\/11\/acidente1-300x225.jpg\" alt=\"\" width=\"300\" height=\"225\" srcset=\"https:\/\/portalv1.com.br\/app\/wp-content\/uploads\/2012\/11\/acidente1-300x225.jpg 300w, https:\/\/portalv1.com.br\/app\/wp-content\/uploads\/2012\/11\/acidente1.jpg 450w\" sizes=\"auto, (max-width: 300px) 100vw, 300px\" \/><\/a><figcaption id=\"caption-attachment-13983\" class=\"wp-caption-text\">Opera\u00e7\u00e3o de Finados<\/figcaption><\/figure>\n<p>A Opera\u00e7\u00e3o Finados da Pol\u00edcia Rodovi\u00e1ria Federal, realizada entre os dias 1\u00ba e 04\/11, registrou a ocorr\u00eancia de 30 acidente que deixaram 17 pessoas feridas, e provocando tr\u00eas mortes.<\/p>\n<p>Em Picos, no km 309 da BR 316, tarde de sexta-feira (2), M\u00e1rcia Maria da Silva morreu em um acidente do tipo colis\u00e3o traseira envolvendo os ve\u00edculos Renault Clio e uma motocicleta Honda CG 125 FAN. A v\u00edtima pilotava a moto. Este acidente deixou feridos os passageiros Daniela Santos Leite e Raylla Josefa dos Santos.<\/p>\n<p>O condutor do Renault Clio evadiu-se do local do acidente, mas foi localizado posteriormente pela Pol\u00edcia Militar e submetido ao teste de alcoolemia, obtendo o resultado de 1,12 mg\/l.<\/p>\n<p>Em Teresina\/PI no km 23 da BR 316, na noite de s\u00e1bado (3), ocorreu um acidente do tipo queda de moto, seguida de atropelamento, envolvendo um ve\u00edculo n\u00e3o identificado. Ivonete Medeiros da Silva Santos, 39 anos, morreu na hora. A v\u00edtima foi atropelada ap\u00f3s cair de uma motocicleta Honda CBX 200 Strada. Em Valen\u00e7a na sexta-feira morreu vitima de acidente de moto o valenciano Eronilson Felix. A fatalidade aconteceu na PI 120 no Bairro Valentim<\/p>\n","protected":false},"excerpt":{"rendered":"<p>A Opera\u00e7\u00e3o Finados da Pol\u00edcia Rodovi\u00e1ria Federal, realizada entre os dias 1\u00ba e 04\/11, registrou a ocorr\u00eancia de 30 acidente que deixaram 17 pessoas feridas, e provocando tr\u00eas mortes. Em&#8230;<\/p>\n","protected":false},"author":1,"featured_media":0,"comment_status":"open","ping_status":"open","sticky":false,"template":"","format":"standard","meta":{"ngg_post_thumbnail":0,"footnotes":""},"categories":[243],"tags":[],"class_list":["post-13982","post","type-post","status-publish","format-standard","hentry","category-geral"],"views":659,"meta_data":{"thumb":"https:\/\/portalv1.com.br\/app\/wp-content\/uploads\/2012\/11\/acidente1.jpg","data":{"simple":"05\/11\/2012","date_time":"05\/11\/2012 07:12:31","date":"h\u00e1 13 anos"},"chapeu":"Balan\u00e7o final ","source":""},"_links":{"self":[{"href":"https:\/\/portalv1.com.br\/api\/wp\/v2\/posts\/13982","targetHints":{"allow":["GET"]}}],"collection":[{"href":"https:\/\/portalv1.com.br\/api\/wp\/v2\/posts"}],"about":[{"href":"https:\/\/portalv1.com.br\/api\/wp\/v2\/types\/post"}],"author":[{"embeddable":true,"href":"https:\/\/portalv1.com.br\/api\/wp\/v2\/users\/1"}],"replies":[{"embeddable":true,"href":"https:\/\/portalv1.com.br\/api\/wp\/v2\/comments?post=13982"}],"version-history":[{"count":0,"href":"https:\/\/portalv1.com.br\/api\/wp\/v2\/posts\/13982\/revisions"}],"wp:attachment":[{"href":"https:\/\/portalv1.com.br\/api\/wp\/v2\/media?parent=13982"}],"wp:term":[{"taxonomy":"category","embeddable":true,"href":"https:\/\/portalv1.com.br\/api\/wp\/v2\/categories?post=13982"},{"taxonomy":"post_tag","embeddable":true,"href":"https:\/\/portalv1.com.br\/api\/wp\/v2\/tags?post=13982"}],"curies":[{"name":"wp","href":"https:\/\/api.w.org\/{rel}","templated":true}]}}