{"id":13984,"date":"2012-11-05T10:37:06","date_gmt":"2012-11-05T13:37:06","guid":{"rendered":"https:\/\/portalv1.com.br\/?p=13984"},"modified":"2012-11-05T10:37:06","modified_gmt":"2012-11-05T13:37:06","slug":"selecao-valenciana-goleia-paulistana-por-4x2","status":"publish","type":"post","link":"https:\/\/portalv1.com.br\/selecao-valenciana-goleia-paulistana-por-4x2\/","title":{"rendered":"Sele\u00e7\u00e3o Valenciana goleia Paulistana por 4&#215;2"},"content":{"rendered":"<figure id=\"attachment_13952\" aria-describedby=\"caption-attachment-13952\" style=\"width: 300px\" class=\"wp-caption alignright\"><a href=\"https:\/\/portalv1.com.br\/app\/wp-content\/uploads\/2012\/10\/sele\u00e7\u00e3o-valenciana.jpg\"><img loading=\"lazy\" decoding=\"async\" class=\"size-medium wp-image-13952\" title=\"sele\u00e7\u00e3o valenciana\" src=\"https:\/\/portalv1.com.br\/app\/wp-content\/uploads\/2012\/10\/sele\u00e7\u00e3o-valenciana-300x225.jpg\" alt=\"\" width=\"300\" height=\"225\" srcset=\"https:\/\/portalv1.com.br\/app\/wp-content\/uploads\/2012\/10\/sele\u00e7\u00e3o-valenciana-300x225.jpg 300w, https:\/\/portalv1.com.br\/app\/wp-content\/uploads\/2012\/10\/sele\u00e7\u00e3o-valenciana.jpg 450w\" sizes=\"auto, (max-width: 300px) 100vw, 300px\" \/><\/a><figcaption id=\"caption-attachment-13952\" class=\"wp-caption-text\">Sele\u00e7\u00e3o Valenciana de Futebol<\/figcaption><\/figure>\n<p>A Sele\u00e7\u00e3o Valenciana derrotou neste domingo, 04 de novembro a Sele\u00e7\u00e3o de Paulistana por 4&#215;2 em partida realizada no Est\u00e1dio Gaud\u00eancio Veloso em Valen\u00e7a. A partida valida pela Copa Piauiense de Futebol Amador levou um bom publico ao est\u00e1dio para torcer pela nossa sele\u00e7\u00e3o. Josiano foi o artilheiro da tarde com dois gols e Zez\u00e9 e Ferreira ampliaram a goleada.<\/p>\n<p>A partida foi \u00e0 primeira entre as duas sele\u00e7\u00f5es e no pr\u00f3ximo s\u00e1bado (10) nosso selecionado decidir\u00e1 em Paulistana a continuidade na competi\u00e7\u00e3o estadual.<\/p>\n","protected":false},"excerpt":{"rendered":"<p>A Sele\u00e7\u00e3o Valenciana derrotou neste domingo, 04 de novembro a Sele\u00e7\u00e3o de Paulistana por 4&#215;2 em partida realizada no Est\u00e1dio Gaud\u00eancio Veloso em Valen\u00e7a. A partida valida pela Copa Piauiense&#8230;<\/p>\n","protected":false},"author":1,"featured_media":0,"comment_status":"open","ping_status":"open","sticky":false,"template":"","format":"standard","meta":{"ngg_post_thumbnail":0,"footnotes":""},"categories":[12],"tags":[],"class_list":["post-13984","post","type-post","status-publish","format-standard","hentry","category-valenca-news"],"views":465,"meta_data":{"thumb":"https:\/\/portalv1.com.br\/app\/wp-content\/uploads\/2012\/10\/sele\u00e7\u00e3o-valenciana.jpg","data":{"simple":"05\/11\/2012","date_time":"05\/11\/2012 07:37:06","date":"h\u00e1 13 anos"},"chapeu":"Goleada","source":"slide"},"_links":{"self":[{"href":"https:\/\/portalv1.com.br\/api\/wp\/v2\/posts\/13984","targetHints":{"allow":["GET"]}}],"collection":[{"href":"https:\/\/portalv1.com.br\/api\/wp\/v2\/posts"}],"about":[{"href":"https:\/\/portalv1.com.br\/api\/wp\/v2\/types\/post"}],"author":[{"embeddable":true,"href":"https:\/\/portalv1.com.br\/api\/wp\/v2\/users\/1"}],"replies":[{"embeddable":true,"href":"https:\/\/portalv1.com.br\/api\/wp\/v2\/comments?post=13984"}],"version-history":[{"count":0,"href":"https:\/\/portalv1.com.br\/api\/wp\/v2\/posts\/13984\/revisions"}],"wp:attachment":[{"href":"https:\/\/portalv1.com.br\/api\/wp\/v2\/media?parent=13984"}],"wp:term":[{"taxonomy":"category","embeddable":true,"href":"https:\/\/portalv1.com.br\/api\/wp\/v2\/categories?post=13984"},{"taxonomy":"post_tag","embeddable":true,"href":"https:\/\/portalv1.com.br\/api\/wp\/v2\/tags?post=13984"}],"curies":[{"name":"wp","href":"https:\/\/api.w.org\/{rel}","templated":true}]}}