{"id":13991,"date":"2012-11-06T10:08:41","date_gmt":"2012-11-06T13:08:41","guid":{"rendered":"https:\/\/portalv1.com.br\/?p=13991"},"modified":"2012-11-06T10:08:41","modified_gmt":"2012-11-06T13:08:41","slug":"elesbao-veloso-ganhara-escola-padrao-do-fnde","status":"publish","type":"post","link":"https:\/\/portalv1.com.br\/elesbao-veloso-ganhara-escola-padrao-do-fnde\/","title":{"rendered":"Elesb\u00e3o Veloso ganhar\u00e1 Escola Padr\u00e3o do FNDE"},"content":{"rendered":"<figure id=\"attachment_5815\" aria-describedby=\"caption-attachment-5815\" style=\"width: 300px\" class=\"wp-caption alignright\"><a href=\"https:\/\/portalv1.com.br\/app\/wp-content\/uploads\/2010\/10\/vista-elesbao.jpg\"><img loading=\"lazy\" decoding=\"async\" class=\"size-full wp-image-5815\" title=\"vista elesbao\" src=\"https:\/\/portalv1.com.br\/app\/wp-content\/uploads\/2010\/10\/vista-elesbao.jpg\" alt=\"\" width=\"300\" height=\"183\" \/><\/a><figcaption id=\"caption-attachment-5815\" class=\"wp-caption-text\">Vista da cidade de Elesb\u00e3o Veloso<\/figcaption><\/figure>\n<p>A cidade de Elesb\u00e3o Veloso est\u00e1 entre as cidades piauienses que receber\u00e3o a Escola Padr\u00e3o FNDE. Ser\u00e3o constru\u00eddas 25 escolas padr\u00e3o FNDE (Fundo Nacional de Desenvolvimento da Educa\u00e7\u00e3o), 25 quadras cobertas, um p\u00f3lo da Universidade Aberta do Brasil e a constru\u00e7\u00e3o de mais 18 quadras cobertas em p\u00f3los UAB al\u00e9m de 34 amplia\u00e7\u00f5es de unidades escolares, num investimento de mais de R$ 58 milh\u00f5es.<\/p>\n<p>&#8220;Essas novas quadras passar\u00e3o a complementar a estrutura das escolas, que j\u00e1 est\u00e3o sendo devidamente reformadas e equipadas para garantir um melhor espa\u00e7o de ensino e aprendizagem aos alunos da rede p\u00fablica estadual&#8221;, garantiu o governador Wilson Martins.<\/p>\n<p>Segundo o presidente da Comiss\u00e3o de Permanente de Licita\u00e7\u00e3o da Seduc, Jos\u00e9 Guimar\u00e3es, a partir do dia 19 de novembro deste ano ocorrer\u00e1 \u00e0 abertura inicial da documenta\u00e7\u00e3o e proposta das licita\u00e7\u00f5es. &#8220;Os processos de licita\u00e7\u00e3o devem ser finalizados em dezembro, com assinatura das ordens de servi\u00e7o ainda em 2012. J\u00e1 o prazo de execu\u00e7\u00e3o das obras varia de 120 a 240 dias, a depender da estrutura a ser constru\u00edda&#8221;, destaca.<\/p>\n<p>O secret\u00e1rio da Educa\u00e7\u00e3o, \u00c1tila Lira, explica que o grande objetivo da Seduc \u00e9 fortalecer o esporte nas escolas piauienses, oferecendo quadras cobertas com todos os requisitos que o Minist\u00e9rio da Educa\u00e7\u00e3o faz. &#8220;Proporcionaremos escolas com estruturas mais adequadas aos alunos do tempo integral e para toda a comunidade, que pode solicitar esses espa\u00e7os junto \u00e0 dire\u00e7\u00e3o da escola para atividades que englobem a popula\u00e7\u00e3o&#8221;, frisa Lira.<\/p>\n<p>Os investimentos fazem parte de uma parceria entre FNDE, Banco Mundial e Governo do Estado. Essas licita\u00e7\u00f5es t\u00eam o aporte de recursos de R$ 58.475.646,60, a serem aplicados em 46 munic\u00edpios do Piau\u00ed, incluindo Teresina.<\/p>\n<p><strong>Munic\u00edpios que receber\u00e3o uma escola padr\u00e3o FNDE com quadra coberta e vesti\u00e1rio:<\/strong><\/p>\n<p>Bonfim do Piau\u00ed<br \/>\nCajueiro da Praia<br \/>\nCaldeir\u00e3o Grande<br \/>\nCoivaras<br \/>\nCoronel Jos\u00e9 Dias<br \/>\nDom Inoc\u00eancio<br \/>\nElesb\u00e3o Veloso<br \/>\nJacobina<br \/>\nJos\u00e9 de Freitas<br \/>\nLuis Correia<br \/>\nOlho D\u00b4\u00e1gua<br \/>\nPau D\u00b4arco<br \/>\nPaulistana<br \/>\nPiripiri<br \/>\nSanta Luz<br \/>\nSanto Antonio dos Milagres<br \/>\nS\u00e3o Gon\u00e7alo do Gurgueia.<br \/>\nS\u00e3o Jo\u00e3o da Serra<br \/>\nS\u00e3o Jo\u00e3o da Varjota<br \/>\nSebasti\u00e3o Leal<br \/>\nSussuapara<br \/>\nTeresina<br \/>\nV\u00e1rzea Branca<br \/>\nWall Ferraz<\/p>\n<p><strong>Munic\u00edpios que receber\u00e3o amplia\u00e7\u00e3o de unidades escolares e constru\u00e7\u00e3o de quadras cobertas:<\/strong><\/p>\n<p>Aroeiras do Itaim<br \/>\nBatalha<br \/>\nBel\u00e9m do Piau\u00ed<br \/>\nBoa Hora<br \/>\nBom Princ\u00edpio<br \/>\nBoqueir\u00e3o do Piau\u00ed<br \/>\nCajazeiras do Piau\u00ed<br \/>\nCocal do Alves<br \/>\nCol\u00f4nia do Gurgueia<br \/>\nCurrais<br \/>\nFloresta<br \/>\nLagoinha do Piau\u00ed<br \/>\nMiguel Alves<br \/>\nNossa Senhora de Nazar\u00e9<br \/>\nNova Santa Rita<br \/>\nPaquet\u00e1<br \/>\nPicos<br \/>\nPiripiri<br \/>\nPorto Alegre do Piau\u00ed<br \/>\nQueimada Nova<br \/>\nSanta Cruz do Piau\u00ed<br \/>\nS\u00e3o Jos\u00e9 do Divino<br \/>\nS\u00e3o Miguel da Baixa Grande.<br \/>\nTeresina<\/p>\n<p>Colabora\u00e7\u00e3o GP1<\/p>\n","protected":false},"excerpt":{"rendered":"<p>A cidade de Elesb\u00e3o Veloso est\u00e1 entre as cidades piauienses que receber\u00e3o a Escola Padr\u00e3o FNDE. Ser\u00e3o constru\u00eddas 25 escolas padr\u00e3o FNDE (Fundo Nacional de Desenvolvimento da Educa\u00e7\u00e3o), 25 quadras&#8230;<\/p>\n","protected":false},"author":1,"featured_media":0,"comment_status":"open","ping_status":"open","sticky":false,"template":"","format":"standard","meta":{"ngg_post_thumbnail":0,"footnotes":""},"categories":[12],"tags":[],"class_list":["post-13991","post","type-post","status-publish","format-standard","hentry","category-valenca-news"],"views":909,"meta_data":{"thumb":"https:\/\/portalv1.com.br\/app\/wp-content\/uploads\/2010\/10\/vista-elesbao.jpg","data":{"simple":"06\/11\/2012","date_time":"06\/11\/2012 07:08:41","date":"h\u00e1 13 anos"},"chapeu":"Escola Moderna","source":"foto_menor"},"_links":{"self":[{"href":"https:\/\/portalv1.com.br\/api\/wp\/v2\/posts\/13991","targetHints":{"allow":["GET"]}}],"collection":[{"href":"https:\/\/portalv1.com.br\/api\/wp\/v2\/posts"}],"about":[{"href":"https:\/\/portalv1.com.br\/api\/wp\/v2\/types\/post"}],"author":[{"embeddable":true,"href":"https:\/\/portalv1.com.br\/api\/wp\/v2\/users\/1"}],"replies":[{"embeddable":true,"href":"https:\/\/portalv1.com.br\/api\/wp\/v2\/comments?post=13991"}],"version-history":[{"count":0,"href":"https:\/\/portalv1.com.br\/api\/wp\/v2\/posts\/13991\/revisions"}],"wp:attachment":[{"href":"https:\/\/portalv1.com.br\/api\/wp\/v2\/media?parent=13991"}],"wp:term":[{"taxonomy":"category","embeddable":true,"href":"https:\/\/portalv1.com.br\/api\/wp\/v2\/categories?post=13991"},{"taxonomy":"post_tag","embeddable":true,"href":"https:\/\/portalv1.com.br\/api\/wp\/v2\/tags?post=13991"}],"curies":[{"name":"wp","href":"https:\/\/api.w.org\/{rel}","templated":true}]}}