{"id":140100,"date":"2023-02-27T15:11:09","date_gmt":"2023-02-27T18:11:09","guid":{"rendered":"https:\/\/portalv1.com.br\/?p=140100"},"modified":"2023-02-27T15:11:09","modified_gmt":"2023-02-27T18:11:09","slug":"aroazes-comemora-61-anos-de-emancipacao-politica-nesta-segunda-feira","status":"publish","type":"post","link":"https:\/\/portalv1.com.br\/aroazes-comemora-61-anos-de-emancipacao-politica-nesta-segunda-feira\/","title":{"rendered":"Aroazes comemora 61 anos de emancipa\u00e7\u00e3o pol\u00edtica nesta segunda-feira"},"content":{"rendered":"<p>A Prefeitura de Aroazes comemora 61 anos de emancipa\u00e7\u00e3o pol\u00edtica do munic\u00edpio nesta segunda-feira (27), com uma vasta programa\u00e7\u00e3o. O dia teve in\u00edcio com alvorada, hasteamento da bandeira e discurso do prefeito na frente do pr\u00e9dio do Poder Executivo, ap\u00f3s Missa em A\u00e7\u00e3o de Gra\u00e7as e em seguida, o corte do bolo de anivers\u00e1rio na C\u00e2mara de Vereadores.<\/p>\n<p>Participando de toda festividade, o prefeito Manoel Neto estava acompanhado dos pais, da noiva, do vice-prefeito, vereadores e secret\u00e1rios.<\/p>\n<p>Celebrando o anivers\u00e1rio do munic\u00edpio, o prefeito Manoel Neto, lembrou da import\u00e2ncia da data comemorativa. &#8220;Hoje Aroazes faz 61 anos, 61 anos de muita hist\u00f3ria, de muita tradi\u00e7\u00e3o&#8221;. Ele ressaltou a caminhada que vem fazendo como jovem prefeito e as a\u00e7\u00f5es que sua gest\u00e3o vem realizando.<\/p>\n<p>&#8220;Eu tamb\u00e9m vim com ideias novas, com objetivos novos para nossa popula\u00e7\u00e3o e gra\u00e7as a Deus com todo o nosso grupo, com o vice-prefeito, todos os vereadores e todos que fazem parte da nossa administra\u00e7\u00e3o estamos conseguindo fazer v\u00e1rias a\u00e7\u00f5es para o nosso povo, fizemos muita coisa nesses dois anos de gest\u00e3o&#8221;, frisa o gestor.<\/p>\n<p>Manoel Neto ressalta que participou da abertura do ano legislativo e que apresentou mais projetos para serem desenvolvidos este ano. O prefeito encerra lembrando o compromisso que fez para os mun\u00edcipes. &#8220;N\u00f3s estamos aqui para trabalhar pelo povo de Aroazes, trabalhar pela nossa cidade porque o progresso e trabalho tem aqui&#8221;, disse o prefeito.<\/p>\n<p>O vice-prefeito de Aroazes, conta que a parceria com o prefeito tem dado frutos para o munic\u00edpio, por fim ele parabeniza a cidade.<\/p>\n<p>&#8220;Estamos aqui nessa luta juntamente com o Manoel Neto, prefeito, fazendo um bom trabalho, dando continuidade \u00e0 administra\u00e7\u00e3o que o Tom\u00e9 fez por 8 anos [&#8230;]. Aroazes est\u00e1 de parab\u00e9ns&#8221;, disse o vice-prefeito.<\/p>\n<p>Nascida em Picos, dona Maria da Paz veio para morar em Aroazes no ano de 1961, quando a cidade se emancipou e se tornou cidade, al\u00e9m desta coincid\u00eancia da Paz tamb\u00e9m celebra o anivers\u00e1rio no mesmo dia que o munic\u00edpio que ela escolheu viver.<\/p>\n<p>&#8220;Uma felicidade muito grande [&#8230;], tenho muito orgulho de morar em Aroazes e hoje j\u00e1 me sinto filha de Aroazes [&#8230;]. Aqui me casei e constru\u00ed uma bel\u00edssima fam\u00edlia, tenho cinco filhos, mas todos filhos de Aroazes, s\u00f3 n\u00e3o eu e hoje me sinto de Aroazes&#8221;, externou Dona da Paz.<\/p>\n<p>A programa\u00e7\u00e3o segue a tarde com entrega de ve\u00edculos \u00e0 pol\u00edcia e show com as bandas: Brasas do Forr\u00f3, Anderson Rodrigues, Alanzim Coreano, Marcos Juli\u00e3o e Marcos Silva e Forr\u00f3 Bandido<\/p>\n<p><div class=\"content-iframe\" data-content-width=\"600\"><iframe loading=\"lazy\" title=\"YouTube video player\" src=\"https:\/\/www.youtube.com\/embed\/eXeIcWQY1WE\" width=\"560\" height=\"315\" frameborder=\"0\" allowfullscreen=\"allowfullscreen\"><\/iframe><\/div>&nbsp;<\/p>\n<div class=\"ngg-galleryoverview\" id=\"1\">\n                    <div data-widget=\"Galeria\" data-props=\"{&quot;galeria&quot;:{&quot;max_page&quot;:5,&quot;total&quot;:91,&quot;gallery_id&quot;:1,&quot;images&quot;:[{&quot;thumbcode&quot;:&quot;https:\\\/\\\/portalv1.com.br\\\/app\\\/wp-content\\\/uploads\\\/2023\\\/02\\\/IMG_3106-Copy-400x250.jpg&quot;,&quot;imageURL&quot;:&quot;https:\\\/\\\/portalv1.com.br\\\/app\\\/wp-content\\\/uploads\\\/2023\\\/02\\\/IMG_3106-Copy.jpg&quot;,&quot;pid&quot;:140101,&quot;galleryid&quot;:1,&quot;description&quot;:&quot;&quot;,&quot;alttext&quot;:&quot;Aroazes comemora 61 anos de emancipa\\u00e7\\u00e3o pol\\u00edtica nesta segunda-feira&quot;,&quot;thumbnailURL&quot;:&quot;https:\\\/\\\/portalv1.com.br\\\/app\\\/wp-content\\\/uploads\\\/2023\\\/02\\\/IMG_3106-Copy-400x250.jpg&quot;,&quot;style&quot;:&quot;&quot;},{&quot;thumbcode&quot;:&quot;https:\\\/\\\/portalv1.com.br\\\/app\\\/wp-content\\\/uploads\\\/2023\\\/02\\\/IMG_3112-Copy-400x250.jpg&quot;,&quot;imageURL&quot;:&quot;https:\\\/\\\/portalv1.com.br\\\/app\\\/wp-content\\\/uploads\\\/2023\\\/02\\\/IMG_3112-Copy.jpg&quot;,&quot;pid&quot;:140102,&quot;galleryid&quot;:1,&quot;description&quot;:&quot;&quot;,&quot;alttext&quot;:&quot;Aroazes comemora 61 anos de emancipa\\u00e7\\u00e3o pol\\u00edtica nesta segunda-feira&quot;,&quot;thumbnailURL&quot;:&quot;https:\\\/\\\/portalv1.com.br\\\/app\\\/wp-content\\\/uploads\\\/2023\\\/02\\\/IMG_3112-Copy-400x250.jpg&quot;,&quot;style&quot;:&quot;&quot;},{&quot;thumbcode&quot;:&quot;https:\\\/\\\/portalv1.com.br\\\/app\\\/wp-content\\\/uploads\\\/2023\\\/02\\\/IMG_3120-Copy-400x250.jpg&quot;,&quot;imageURL&quot;:&quot;https:\\\/\\\/portalv1.com.br\\\/app\\\/wp-content\\\/uploads\\\/2023\\\/02\\\/IMG_3120-Copy.jpg&quot;,&quot;pid&quot;:140103,&quot;galleryid&quot;:1,&quot;description&quot;:&quot;&quot;,&quot;alttext&quot;:&quot;Aroazes comemora 61 anos de emancipa\\u00e7\\u00e3o pol\\u00edtica nesta segunda-feira&quot;,&quot;thumbnailURL&quot;:&quot;https:\\\/\\\/portalv1.com.br\\\/app\\\/wp-content\\\/uploads\\\/2023\\\/02\\\/IMG_3120-Copy-400x250.jpg&quot;,&quot;style&quot;:&quot;&quot;},{&quot;thumbcode&quot;:&quot;https:\\\/\\\/portalv1.com.br\\\/app\\\/wp-content\\\/uploads\\\/2023\\\/02\\\/IMG_3123-Copy-400x250.jpg&quot;,&quot;imageURL&quot;:&quot;https:\\\/\\\/portalv1.com.br\\\/app\\\/wp-content\\\/uploads\\\/2023\\\/02\\\/IMG_3123-Copy.jpg&quot;,&quot;pid&quot;:140104,&quot;galleryid&quot;:1,&quot;description&quot;:&quot;&quot;,&quot;alttext&quot;:&quot;Aroazes comemora 61 anos de emancipa\\u00e7\\u00e3o pol\\u00edtica nesta segunda-feira&quot;,&quot;thumbnailURL&quot;:&quot;https:\\\/\\\/portalv1.com.br\\\/app\\\/wp-content\\\/uploads\\\/2023\\\/02\\\/IMG_3123-Copy-400x250.jpg&quot;,&quot;style&quot;:&quot;&quot;},{&quot;thumbcode&quot;:&quot;https:\\\/\\\/portalv1.com.br\\\/app\\\/wp-content\\\/uploads\\\/2023\\\/02\\\/IMG_3127-Copy-400x250.jpg&quot;,&quot;imageURL&quot;:&quot;https:\\\/\\\/portalv1.com.br\\\/app\\\/wp-content\\\/uploads\\\/2023\\\/02\\\/IMG_3127-Copy.jpg&quot;,&quot;pid&quot;:140105,&quot;galleryid&quot;:1,&quot;description&quot;:&quot;&quot;,&quot;alttext&quot;:&quot;Aroazes comemora 61 anos de emancipa\\u00e7\\u00e3o pol\\u00edtica nesta segunda-feira&quot;,&quot;thumbnailURL&quot;:&quot;https:\\\/\\\/portalv1.com.br\\\/app\\\/wp-content\\\/uploads\\\/2023\\\/02\\\/IMG_3127-Copy-400x250.jpg&quot;,&quot;style&quot;:&quot;&quot;},{&quot;thumbcode&quot;:&quot;https:\\\/\\\/portalv1.com.br\\\/app\\\/wp-content\\\/uploads\\\/2023\\\/02\\\/IMG_3133-Copy-400x250.jpg&quot;,&quot;imageURL&quot;:&quot;https:\\\/\\\/portalv1.com.br\\\/app\\\/wp-content\\\/uploads\\\/2023\\\/02\\\/IMG_3133-Copy.jpg&quot;,&quot;pid&quot;:140106,&quot;galleryid&quot;:1,&quot;description&quot;:&quot;&quot;,&quot;alttext&quot;:&quot;Aroazes comemora 61 anos de emancipa\\u00e7\\u00e3o pol\\u00edtica nesta segunda-feira&quot;,&quot;thumbnailURL&quot;:&quot;https:\\\/\\\/portalv1.com.br\\\/app\\\/wp-content\\\/uploads\\\/2023\\\/02\\\/IMG_3133-Copy-400x250.jpg&quot;,&quot;style&quot;:&quot;&quot;},{&quot;thumbcode&quot;:&quot;https:\\\/\\\/portalv1.com.br\\\/app\\\/wp-content\\\/uploads\\\/2023\\\/02\\\/IMG_3144-Copy-400x250.jpg&quot;,&quot;imageURL&quot;:&quot;https:\\\/\\\/portalv1.com.br\\\/app\\\/wp-content\\\/uploads\\\/2023\\\/02\\\/IMG_3144-Copy.jpg&quot;,&quot;pid&quot;:140107,&quot;galleryid&quot;:1,&quot;description&quot;:&quot;&quot;,&quot;alttext&quot;:&quot;Aroazes comemora 61 anos de emancipa\\u00e7\\u00e3o pol\\u00edtica nesta segunda-feira&quot;,&quot;thumbnailURL&quot;:&quot;https:\\\/\\\/portalv1.com.br\\\/app\\\/wp-content\\\/uploads\\\/2023\\\/02\\\/IMG_3144-Copy-400x250.jpg&quot;,&quot;style&quot;:&quot;&quot;},{&quot;thumbcode&quot;:&quot;https:\\\/\\\/portalv1.com.br\\\/app\\\/wp-content\\\/uploads\\\/2023\\\/02\\\/IMG_3209-Copy-400x250.jpg&quot;,&quot;imageURL&quot;:&quot;https:\\\/\\\/portalv1.com.br\\\/app\\\/wp-content\\\/uploads\\\/2023\\\/02\\\/IMG_3209-Copy.jpg&quot;,&quot;pid&quot;:140108,&quot;galleryid&quot;:1,&quot;description&quot;:&quot;&quot;,&quot;alttext&quot;:&quot;Aroazes comemora 61 anos de emancipa\\u00e7\\u00e3o pol\\u00edtica nesta segunda-feira&quot;,&quot;thumbnailURL&quot;:&quot;https:\\\/\\\/portalv1.com.br\\\/app\\\/wp-content\\\/uploads\\\/2023\\\/02\\\/IMG_3209-Copy-400x250.jpg&quot;,&quot;style&quot;:&quot;&quot;},{&quot;thumbcode&quot;:&quot;https:\\\/\\\/portalv1.com.br\\\/app\\\/wp-content\\\/uploads\\\/2023\\\/02\\\/IMG_3216-Copy-400x250.jpg&quot;,&quot;imageURL&quot;:&quot;https:\\\/\\\/portalv1.com.br\\\/app\\\/wp-content\\\/uploads\\\/2023\\\/02\\\/IMG_3216-Copy.jpg&quot;,&quot;pid&quot;:140109,&quot;galleryid&quot;:1,&quot;description&quot;:&quot;&quot;,&quot;alttext&quot;:&quot;Aroazes comemora 61 anos de emancipa\\u00e7\\u00e3o pol\\u00edtica nesta segunda-feira&quot;,&quot;thumbnailURL&quot;:&quot;https:\\\/\\\/portalv1.com.br\\\/app\\\/wp-content\\\/uploads\\\/2023\\\/02\\\/IMG_3216-Copy-400x250.jpg&quot;,&quot;style&quot;:&quot;&quot;},{&quot;thumbcode&quot;:&quot;https:\\\/\\\/portalv1.com.br\\\/app\\\/wp-content\\\/uploads\\\/2023\\\/02\\\/IMG_3221-Copy-400x250.jpg&quot;,&quot;imageURL&quot;:&quot;https:\\\/\\\/portalv1.com.br\\\/app\\\/wp-content\\\/uploads\\\/2023\\\/02\\\/IMG_3221-Copy.jpg&quot;,&quot;pid&quot;:140110,&quot;galleryid&quot;:1,&quot;description&quot;:&quot;&quot;,&quot;alttext&quot;:&quot;Aroazes comemora 61 anos de emancipa\\u00e7\\u00e3o pol\\u00edtica nesta segunda-feira&quot;,&quot;thumbnailURL&quot;:&quot;https:\\\/\\\/portalv1.com.br\\\/app\\\/wp-content\\\/uploads\\\/2023\\\/02\\\/IMG_3221-Copy-400x250.jpg&quot;,&quot;style&quot;:&quot;&quot;},{&quot;thumbcode&quot;:&quot;https:\\\/\\\/portalv1.com.br\\\/app\\\/wp-content\\\/uploads\\\/2023\\\/02\\\/IMG_3229-Copy-400x250.jpg&quot;,&quot;imageURL&quot;:&quot;https:\\\/\\\/portalv1.com.br\\\/app\\\/wp-content\\\/uploads\\\/2023\\\/02\\\/IMG_3229-Copy.jpg&quot;,&quot;pid&quot;:140111,&quot;galleryid&quot;:1,&quot;description&quot;:&quot;&quot;,&quot;alttext&quot;:&quot;Aroazes comemora 61 anos de emancipa\\u00e7\\u00e3o pol\\u00edtica nesta segunda-feira&quot;,&quot;thumbnailURL&quot;:&quot;https:\\\/\\\/portalv1.com.br\\\/app\\\/wp-content\\\/uploads\\\/2023\\\/02\\\/IMG_3229-Copy-400x250.jpg&quot;,&quot;style&quot;:&quot;&quot;},{&quot;thumbcode&quot;:&quot;https:\\\/\\\/portalv1.com.br\\\/app\\\/wp-content\\\/uploads\\\/2023\\\/02\\\/IMG_3240-Copy-400x250.jpg&quot;,&quot;imageURL&quot;:&quot;https:\\\/\\\/portalv1.com.br\\\/app\\\/wp-content\\\/uploads\\\/2023\\\/02\\\/IMG_3240-Copy.jpg&quot;,&quot;pid&quot;:140112,&quot;galleryid&quot;:1,&quot;description&quot;:&quot;&quot;,&quot;alttext&quot;:&quot;Aroazes comemora 61 anos de emancipa\\u00e7\\u00e3o pol\\u00edtica nesta segunda-feira&quot;,&quot;thumbnailURL&quot;:&quot;https:\\\/\\\/portalv1.com.br\\\/app\\\/wp-content\\\/uploads\\\/2023\\\/02\\\/IMG_3240-Copy-400x250.jpg&quot;,&quot;style&quot;:&quot;&quot;},{&quot;thumbcode&quot;:&quot;https:\\\/\\\/portalv1.com.br\\\/app\\\/wp-content\\\/uploads\\\/2023\\\/02\\\/IMG_3244-Copy-400x250.jpg&quot;,&quot;imageURL&quot;:&quot;https:\\\/\\\/portalv1.com.br\\\/app\\\/wp-content\\\/uploads\\\/2023\\\/02\\\/IMG_3244-Copy.jpg&quot;,&quot;pid&quot;:140113,&quot;galleryid&quot;:1,&quot;description&quot;:&quot;&quot;,&quot;alttext&quot;:&quot;Aroazes comemora 61 anos de emancipa\\u00e7\\u00e3o pol\\u00edtica nesta segunda-feira&quot;,&quot;thumbnailURL&quot;:&quot;https:\\\/\\\/portalv1.com.br\\\/app\\\/wp-content\\\/uploads\\\/2023\\\/02\\\/IMG_3244-Copy-400x250.jpg&quot;,&quot;style&quot;:&quot;&quot;},{&quot;thumbcode&quot;:&quot;https:\\\/\\\/portalv1.com.br\\\/app\\\/wp-content\\\/uploads\\\/2023\\\/02\\\/IMG_3259-Copy-400x250.jpg&quot;,&quot;imageURL&quot;:&quot;https:\\\/\\\/portalv1.com.br\\\/app\\\/wp-content\\\/uploads\\\/2023\\\/02\\\/IMG_3259-Copy.jpg&quot;,&quot;pid&quot;:140114,&quot;galleryid&quot;:1,&quot;description&quot;:&quot;&quot;,&quot;alttext&quot;:&quot;Aroazes comemora 61 anos de emancipa\\u00e7\\u00e3o pol\\u00edtica nesta segunda-feira&quot;,&quot;thumbnailURL&quot;:&quot;https:\\\/\\\/portalv1.com.br\\\/app\\\/wp-content\\\/uploads\\\/2023\\\/02\\\/IMG_3259-Copy-400x250.jpg&quot;,&quot;style&quot;:&quot;&quot;},{&quot;thumbcode&quot;:&quot;https:\\\/\\\/portalv1.com.br\\\/app\\\/wp-content\\\/uploads\\\/2023\\\/02\\\/IMG_3267-Copy-400x250.jpg&quot;,&quot;imageURL&quot;:&quot;https:\\\/\\\/portalv1.com.br\\\/app\\\/wp-content\\\/uploads\\\/2023\\\/02\\\/IMG_3267-Copy.jpg&quot;,&quot;pid&quot;:140115,&quot;galleryid&quot;:1,&quot;description&quot;:&quot;&quot;,&quot;alttext&quot;:&quot;Aroazes comemora 61 anos de emancipa\\u00e7\\u00e3o pol\\u00edtica nesta segunda-feira&quot;,&quot;thumbnailURL&quot;:&quot;https:\\\/\\\/portalv1.com.br\\\/app\\\/wp-content\\\/uploads\\\/2023\\\/02\\\/IMG_3267-Copy-400x250.jpg&quot;,&quot;style&quot;:&quot;&quot;},{&quot;thumbcode&quot;:&quot;https:\\\/\\\/portalv1.com.br\\\/app\\\/wp-content\\\/uploads\\\/2023\\\/02\\\/IMG_3271-Copy-400x250.jpg&quot;,&quot;imageURL&quot;:&quot;https:\\\/\\\/portalv1.com.br\\\/app\\\/wp-content\\\/uploads\\\/2023\\\/02\\\/IMG_3271-Copy.jpg&quot;,&quot;pid&quot;:140116,&quot;galleryid&quot;:1,&quot;description&quot;:&quot;&quot;,&quot;alttext&quot;:&quot;Aroazes comemora 61 anos de emancipa\\u00e7\\u00e3o pol\\u00edtica nesta segunda-feira&quot;,&quot;thumbnailURL&quot;:&quot;https:\\\/\\\/portalv1.com.br\\\/app\\\/wp-content\\\/uploads\\\/2023\\\/02\\\/IMG_3271-Copy-400x250.jpg&quot;,&quot;style&quot;:&quot;&quot;},{&quot;thumbcode&quot;:&quot;https:\\\/\\\/portalv1.com.br\\\/app\\\/wp-content\\\/uploads\\\/2023\\\/02\\\/IMG_3280-Copy-400x250.jpg&quot;,&quot;imageURL&quot;:&quot;https:\\\/\\\/portalv1.com.br\\\/app\\\/wp-content\\\/uploads\\\/2023\\\/02\\\/IMG_3280-Copy.jpg&quot;,&quot;pid&quot;:140117,&quot;galleryid&quot;:1,&quot;description&quot;:&quot;&quot;,&quot;alttext&quot;:&quot;Aroazes comemora 61 anos de emancipa\\u00e7\\u00e3o pol\\u00edtica nesta segunda-feira&quot;,&quot;thumbnailURL&quot;:&quot;https:\\\/\\\/portalv1.com.br\\\/app\\\/wp-content\\\/uploads\\\/2023\\\/02\\\/IMG_3280-Copy-400x250.jpg&quot;,&quot;style&quot;:&quot;&quot;},{&quot;thumbcode&quot;:&quot;https:\\\/\\\/portalv1.com.br\\\/app\\\/wp-content\\\/uploads\\\/2023\\\/02\\\/IMG_3315-Copy-400x250.jpg&quot;,&quot;imageURL&quot;:&quot;https:\\\/\\\/portalv1.com.br\\\/app\\\/wp-content\\\/uploads\\\/2023\\\/02\\\/IMG_3315-Copy.jpg&quot;,&quot;pid&quot;:140118,&quot;galleryid&quot;:1,&quot;description&quot;:&quot;&quot;,&quot;alttext&quot;:&quot;Aroazes comemora 61 anos de emancipa\\u00e7\\u00e3o pol\\u00edtica nesta segunda-feira&quot;,&quot;thumbnailURL&quot;:&quot;https:\\\/\\\/portalv1.com.br\\\/app\\\/wp-content\\\/uploads\\\/2023\\\/02\\\/IMG_3315-Copy-400x250.jpg&quot;,&quot;style&quot;:&quot;&quot;},{&quot;thumbcode&quot;:&quot;https:\\\/\\\/portalv1.com.br\\\/app\\\/wp-content\\\/uploads\\\/2023\\\/02\\\/IMG_6282-Copy-400x250.jpg&quot;,&quot;imageURL&quot;:&quot;https:\\\/\\\/portalv1.com.br\\\/app\\\/wp-content\\\/uploads\\\/2023\\\/02\\\/IMG_6282-Copy.jpg&quot;,&quot;pid&quot;:140119,&quot;galleryid&quot;:1,&quot;description&quot;:&quot;&quot;,&quot;alttext&quot;:&quot;Aroazes comemora 61 anos de emancipa\\u00e7\\u00e3o pol\\u00edtica nesta segunda-feira&quot;,&quot;thumbnailURL&quot;:&quot;https:\\\/\\\/portalv1.com.br\\\/app\\\/wp-content\\\/uploads\\\/2023\\\/02\\\/IMG_6282-Copy-400x250.jpg&quot;,&quot;style&quot;:&quot;&quot;},{&quot;thumbcode&quot;:&quot;https:\\\/\\\/portalv1.com.br\\\/app\\\/wp-content\\\/uploads\\\/2023\\\/02\\\/IMG_6287-Copy-400x250.jpg&quot;,&quot;imageURL&quot;:&quot;https:\\\/\\\/portalv1.com.br\\\/app\\\/wp-content\\\/uploads\\\/2023\\\/02\\\/IMG_6287-Copy.jpg&quot;,&quot;pid&quot;:140120,&quot;galleryid&quot;:1,&quot;description&quot;:&quot;&quot;,&quot;alttext&quot;:&quot;Aroazes comemora 61 anos de emancipa\\u00e7\\u00e3o pol\\u00edtica nesta segunda-feira&quot;,&quot;thumbnailURL&quot;:&quot;https:\\\/\\\/portalv1.com.br\\\/app\\\/wp-content\\\/uploads\\\/2023\\\/02\\\/IMG_6287-Copy-400x250.jpg&quot;,&quot;style&quot;:&quot;&quot;},{&quot;thumbcode&quot;:&quot;https:\\\/\\\/portalv1.com.br\\\/app\\\/wp-content\\\/uploads\\\/2023\\\/02\\\/IMG_6293-Copy-400x250.jpg&quot;,&quot;imageURL&quot;:&quot;https:\\\/\\\/portalv1.com.br\\\/app\\\/wp-content\\\/uploads\\\/2023\\\/02\\\/IMG_6293-Copy.jpg&quot;,&quot;pid&quot;:140121,&quot;galleryid&quot;:1,&quot;description&quot;:&quot;&quot;,&quot;alttext&quot;:&quot;Aroazes comemora 61 anos de emancipa\\u00e7\\u00e3o pol\\u00edtica nesta segunda-feira&quot;,&quot;thumbnailURL&quot;:&quot;https:\\\/\\\/portalv1.com.br\\\/app\\\/wp-content\\\/uploads\\\/2023\\\/02\\\/IMG_6293-Copy-400x250.jpg&quot;,&quot;style&quot;:&quot;&quot;},{&quot;thumbcode&quot;:&quot;https:\\\/\\\/portalv1.com.br\\\/app\\\/wp-content\\\/uploads\\\/2023\\\/02\\\/IMG_6306-Copy-400x250.jpg&quot;,&quot;imageURL&quot;:&quot;https:\\\/\\\/portalv1.com.br\\\/app\\\/wp-content\\\/uploads\\\/2023\\\/02\\\/IMG_6306-Copy.jpg&quot;,&quot;pid&quot;:140122,&quot;galleryid&quot;:1,&quot;description&quot;:&quot;&quot;,&quot;alttext&quot;:&quot;Aroazes comemora 61 anos de emancipa\\u00e7\\u00e3o pol\\u00edtica nesta segunda-feira&quot;,&quot;thumbnailURL&quot;:&quot;https:\\\/\\\/portalv1.com.br\\\/app\\\/wp-content\\\/uploads\\\/2023\\\/02\\\/IMG_6306-Copy-400x250.jpg&quot;,&quot;style&quot;:&quot;&quot;},{&quot;thumbcode&quot;:&quot;https:\\\/\\\/portalv1.com.br\\\/app\\\/wp-content\\\/uploads\\\/2023\\\/02\\\/IMG_6318-Copy-400x250.jpg&quot;,&quot;imageURL&quot;:&quot;https:\\\/\\\/portalv1.com.br\\\/app\\\/wp-content\\\/uploads\\\/2023\\\/02\\\/IMG_6318-Copy.jpg&quot;,&quot;pid&quot;:140123,&quot;galleryid&quot;:1,&quot;description&quot;:&quot;&quot;,&quot;alttext&quot;:&quot;Aroazes comemora 61 anos de emancipa\\u00e7\\u00e3o pol\\u00edtica nesta segunda-feira&quot;,&quot;thumbnailURL&quot;:&quot;https:\\\/\\\/portalv1.com.br\\\/app\\\/wp-content\\\/uploads\\\/2023\\\/02\\\/IMG_6318-Copy-400x250.jpg&quot;,&quot;style&quot;:&quot;&quot;},{&quot;thumbcode&quot;:&quot;https:\\\/\\\/portalv1.com.br\\\/app\\\/wp-content\\\/uploads\\\/2023\\\/02\\\/IMG_6321-Copy-400x250.jpg&quot;,&quot;imageURL&quot;:&quot;https:\\\/\\\/portalv1.com.br\\\/app\\\/wp-content\\\/uploads\\\/2023\\\/02\\\/IMG_6321-Copy.jpg&quot;,&quot;pid&quot;:140124,&quot;galleryid&quot;:1,&quot;description&quot;:&quot;&quot;,&quot;alttext&quot;:&quot;Aroazes comemora 61 anos de emancipa\\u00e7\\u00e3o pol\\u00edtica nesta segunda-feira&quot;,&quot;thumbnailURL&quot;:&quot;https:\\\/\\\/portalv1.com.br\\\/app\\\/wp-content\\\/uploads\\\/2023\\\/02\\\/IMG_6321-Copy-400x250.jpg&quot;,&quot;style&quot;:&quot;&quot;},{&quot;thumbcode&quot;:&quot;https:\\\/\\\/portalv1.com.br\\\/app\\\/wp-content\\\/uploads\\\/2023\\\/02\\\/IMG_6323-Copy-400x250.jpg&quot;,&quot;imageURL&quot;:&quot;https:\\\/\\\/portalv1.com.br\\\/app\\\/wp-content\\\/uploads\\\/2023\\\/02\\\/IMG_6323-Copy.jpg&quot;,&quot;pid&quot;:140125,&quot;galleryid&quot;:1,&quot;description&quot;:&quot;&quot;,&quot;alttext&quot;:&quot;Aroazes comemora 61 anos de emancipa\\u00e7\\u00e3o pol\\u00edtica nesta segunda-feira&quot;,&quot;thumbnailURL&quot;:&quot;https:\\\/\\\/portalv1.com.br\\\/app\\\/wp-content\\\/uploads\\\/2023\\\/02\\\/IMG_6323-Copy-400x250.jpg&quot;,&quot;style&quot;:&quot;&quot;},{&quot;thumbcode&quot;:&quot;https:\\\/\\\/portalv1.com.br\\\/app\\\/wp-content\\\/uploads\\\/2023\\\/02\\\/IMG_6326-Copy-400x250.jpg&quot;,&quot;imageURL&quot;:&quot;https:\\\/\\\/portalv1.com.br\\\/app\\\/wp-content\\\/uploads\\\/2023\\\/02\\\/IMG_6326-Copy.jpg&quot;,&quot;pid&quot;:140126,&quot;galleryid&quot;:1,&quot;description&quot;:&quot;&quot;,&quot;alttext&quot;:&quot;Aroazes comemora 61 anos de emancipa\\u00e7\\u00e3o pol\\u00edtica nesta segunda-feira&quot;,&quot;thumbnailURL&quot;:&quot;https:\\\/\\\/portalv1.com.br\\\/app\\\/wp-content\\\/uploads\\\/2023\\\/02\\\/IMG_6326-Copy-400x250.jpg&quot;,&quot;style&quot;:&quot;&quot;},{&quot;thumbcode&quot;:&quot;https:\\\/\\\/portalv1.com.br\\\/app\\\/wp-content\\\/uploads\\\/2023\\\/02\\\/IMG_6327-Copy-400x250.jpg&quot;,&quot;imageURL&quot;:&quot;https:\\\/\\\/portalv1.com.br\\\/app\\\/wp-content\\\/uploads\\\/2023\\\/02\\\/IMG_6327-Copy.jpg&quot;,&quot;pid&quot;:140127,&quot;galleryid&quot;:1,&quot;description&quot;:&quot;&quot;,&quot;alttext&quot;:&quot;Aroazes comemora 61 anos de emancipa\\u00e7\\u00e3o pol\\u00edtica nesta segunda-feira&quot;,&quot;thumbnailURL&quot;:&quot;https:\\\/\\\/portalv1.com.br\\\/app\\\/wp-content\\\/uploads\\\/2023\\\/02\\\/IMG_6327-Copy-400x250.jpg&quot;,&quot;style&quot;:&quot;&quot;},{&quot;thumbcode&quot;:&quot;https:\\\/\\\/portalv1.com.br\\\/app\\\/wp-content\\\/uploads\\\/2023\\\/02\\\/IMG_6329-Copy-400x250.jpg&quot;,&quot;imageURL&quot;:&quot;https:\\\/\\\/portalv1.com.br\\\/app\\\/wp-content\\\/uploads\\\/2023\\\/02\\\/IMG_6329-Copy.jpg&quot;,&quot;pid&quot;:140128,&quot;galleryid&quot;:1,&quot;description&quot;:&quot;&quot;,&quot;alttext&quot;:&quot;Aroazes comemora 61 anos de emancipa\\u00e7\\u00e3o pol\\u00edtica nesta segunda-feira&quot;,&quot;thumbnailURL&quot;:&quot;https:\\\/\\\/portalv1.com.br\\\/app\\\/wp-content\\\/uploads\\\/2023\\\/02\\\/IMG_6329-Copy-400x250.jpg&quot;,&quot;style&quot;:&quot;&quot;},{&quot;thumbcode&quot;:&quot;https:\\\/\\\/portalv1.com.br\\\/app\\\/wp-content\\\/uploads\\\/2023\\\/02\\\/IMG_6330-Copy-400x250.jpg&quot;,&quot;imageURL&quot;:&quot;https:\\\/\\\/portalv1.com.br\\\/app\\\/wp-content\\\/uploads\\\/2023\\\/02\\\/IMG_6330-Copy.jpg&quot;,&quot;pid&quot;:140129,&quot;galleryid&quot;:1,&quot;description&quot;:&quot;&quot;,&quot;alttext&quot;:&quot;Aroazes comemora 61 anos de emancipa\\u00e7\\u00e3o pol\\u00edtica nesta segunda-feira&quot;,&quot;thumbnailURL&quot;:&quot;https:\\\/\\\/portalv1.com.br\\\/app\\\/wp-content\\\/uploads\\\/2023\\\/02\\\/IMG_6330-Copy-400x250.jpg&quot;,&quot;style&quot;:&quot;&quot;},{&quot;thumbcode&quot;:&quot;https:\\\/\\\/portalv1.com.br\\\/app\\\/wp-content\\\/uploads\\\/2023\\\/02\\\/IMG_6332-Copy-400x250.jpg&quot;,&quot;imageURL&quot;:&quot;https:\\\/\\\/portalv1.com.br\\\/app\\\/wp-content\\\/uploads\\\/2023\\\/02\\\/IMG_6332-Copy.jpg&quot;,&quot;pid&quot;:140130,&quot;galleryid&quot;:1,&quot;description&quot;:&quot;&quot;,&quot;alttext&quot;:&quot;Aroazes comemora 61 anos de emancipa\\u00e7\\u00e3o pol\\u00edtica nesta segunda-feira&quot;,&quot;thumbnailURL&quot;:&quot;https:\\\/\\\/portalv1.com.br\\\/app\\\/wp-content\\\/uploads\\\/2023\\\/02\\\/IMG_6332-Copy-400x250.jpg&quot;,&quot;style&quot;:&quot;&quot;},{&quot;thumbcode&quot;:&quot;https:\\\/\\\/portalv1.com.br\\\/app\\\/wp-content\\\/uploads\\\/2023\\\/02\\\/IMG_6333-Copy-400x250.jpg&quot;,&quot;imageURL&quot;:&quot;https:\\\/\\\/portalv1.com.br\\\/app\\\/wp-content\\\/uploads\\\/2023\\\/02\\\/IMG_6333-Copy.jpg&quot;,&quot;pid&quot;:140131,&quot;galleryid&quot;:1,&quot;description&quot;:&quot;&quot;,&quot;alttext&quot;:&quot;Aroazes comemora 61 anos de emancipa\\u00e7\\u00e3o pol\\u00edtica nesta segunda-feira&quot;,&quot;thumbnailURL&quot;:&quot;https:\\\/\\\/portalv1.com.br\\\/app\\\/wp-content\\\/uploads\\\/2023\\\/02\\\/IMG_6333-Copy-400x250.jpg&quot;,&quot;style&quot;:&quot;&quot;},{&quot;thumbcode&quot;:&quot;https:\\\/\\\/portalv1.com.br\\\/app\\\/wp-content\\\/uploads\\\/2023\\\/02\\\/IMG_6339-Copy-400x250.jpg&quot;,&quot;imageURL&quot;:&quot;https:\\\/\\\/portalv1.com.br\\\/app\\\/wp-content\\\/uploads\\\/2023\\\/02\\\/IMG_6339-Copy.jpg&quot;,&quot;pid&quot;:140132,&quot;galleryid&quot;:1,&quot;description&quot;:&quot;&quot;,&quot;alttext&quot;:&quot;Aroazes comemora 61 anos de emancipa\\u00e7\\u00e3o pol\\u00edtica nesta segunda-feira&quot;,&quot;thumbnailURL&quot;:&quot;https:\\\/\\\/portalv1.com.br\\\/app\\\/wp-content\\\/uploads\\\/2023\\\/02\\\/IMG_6339-Copy-400x250.jpg&quot;,&quot;style&quot;:&quot;&quot;},{&quot;thumbcode&quot;:&quot;https:\\\/\\\/portalv1.com.br\\\/app\\\/wp-content\\\/uploads\\\/2023\\\/02\\\/IMG_6341-Copy-400x250.jpg&quot;,&quot;imageURL&quot;:&quot;https:\\\/\\\/portalv1.com.br\\\/app\\\/wp-content\\\/uploads\\\/2023\\\/02\\\/IMG_6341-Copy.jpg&quot;,&quot;pid&quot;:140133,&quot;galleryid&quot;:1,&quot;description&quot;:&quot;&quot;,&quot;alttext&quot;:&quot;Aroazes comemora 61 anos de emancipa\\u00e7\\u00e3o pol\\u00edtica nesta segunda-feira&quot;,&quot;thumbnailURL&quot;:&quot;https:\\\/\\\/portalv1.com.br\\\/app\\\/wp-content\\\/uploads\\\/2023\\\/02\\\/IMG_6341-Copy-400x250.jpg&quot;,&quot;style&quot;:&quot;&quot;},{&quot;thumbcode&quot;:&quot;https:\\\/\\\/portalv1.com.br\\\/app\\\/wp-content\\\/uploads\\\/2023\\\/02\\\/IMG_6346-Copy-400x250.jpg&quot;,&quot;imageURL&quot;:&quot;https:\\\/\\\/portalv1.com.br\\\/app\\\/wp-content\\\/uploads\\\/2023\\\/02\\\/IMG_6346-Copy.jpg&quot;,&quot;pid&quot;:140134,&quot;galleryid&quot;:1,&quot;description&quot;:&quot;&quot;,&quot;alttext&quot;:&quot;Aroazes comemora 61 anos de emancipa\\u00e7\\u00e3o pol\\u00edtica nesta segunda-feira&quot;,&quot;thumbnailURL&quot;:&quot;https:\\\/\\\/portalv1.com.br\\\/app\\\/wp-content\\\/uploads\\\/2023\\\/02\\\/IMG_6346-Copy-400x250.jpg&quot;,&quot;style&quot;:&quot;&quot;},{&quot;thumbcode&quot;:&quot;https:\\\/\\\/portalv1.com.br\\\/app\\\/wp-content\\\/uploads\\\/2023\\\/02\\\/IMG_6350-Copy-400x250.jpg&quot;,&quot;imageURL&quot;:&quot;https:\\\/\\\/portalv1.com.br\\\/app\\\/wp-content\\\/uploads\\\/2023\\\/02\\\/IMG_6350-Copy.jpg&quot;,&quot;pid&quot;:140135,&quot;galleryid&quot;:1,&quot;description&quot;:&quot;&quot;,&quot;alttext&quot;:&quot;Aroazes comemora 61 anos de emancipa\\u00e7\\u00e3o pol\\u00edtica nesta segunda-feira&quot;,&quot;thumbnailURL&quot;:&quot;https:\\\/\\\/portalv1.com.br\\\/app\\\/wp-content\\\/uploads\\\/2023\\\/02\\\/IMG_6350-Copy-400x250.jpg&quot;,&quot;style&quot;:&quot;&quot;},{&quot;thumbcode&quot;:&quot;https:\\\/\\\/portalv1.com.br\\\/app\\\/wp-content\\\/uploads\\\/2023\\\/02\\\/IMG_6354-Copy-400x250.jpg&quot;,&quot;imageURL&quot;:&quot;https:\\\/\\\/portalv1.com.br\\\/app\\\/wp-content\\\/uploads\\\/2023\\\/02\\\/IMG_6354-Copy.jpg&quot;,&quot;pid&quot;:140136,&quot;galleryid&quot;:1,&quot;description&quot;:&quot;&quot;,&quot;alttext&quot;:&quot;Aroazes comemora 61 anos de emancipa\\u00e7\\u00e3o pol\\u00edtica nesta segunda-feira&quot;,&quot;thumbnailURL&quot;:&quot;https:\\\/\\\/portalv1.com.br\\\/app\\\/wp-content\\\/uploads\\\/2023\\\/02\\\/IMG_6354-Copy-400x250.jpg&quot;,&quot;style&quot;:&quot;&quot;},{&quot;thumbcode&quot;:&quot;https:\\\/\\\/portalv1.com.br\\\/app\\\/wp-content\\\/uploads\\\/2023\\\/02\\\/IMG_6356-Copy-400x250.jpg&quot;,&quot;imageURL&quot;:&quot;https:\\\/\\\/portalv1.com.br\\\/app\\\/wp-content\\\/uploads\\\/2023\\\/02\\\/IMG_6356-Copy.jpg&quot;,&quot;pid&quot;:140137,&quot;galleryid&quot;:1,&quot;description&quot;:&quot;&quot;,&quot;alttext&quot;:&quot;Aroazes comemora 61 anos de emancipa\\u00e7\\u00e3o pol\\u00edtica nesta segunda-feira&quot;,&quot;thumbnailURL&quot;:&quot;https:\\\/\\\/portalv1.com.br\\\/app\\\/wp-content\\\/uploads\\\/2023\\\/02\\\/IMG_6356-Copy-400x250.jpg&quot;,&quot;style&quot;:&quot;&quot;},{&quot;thumbcode&quot;:&quot;https:\\\/\\\/portalv1.com.br\\\/app\\\/wp-content\\\/uploads\\\/2023\\\/02\\\/IMG_6359-Copy-400x250.jpg&quot;,&quot;imageURL&quot;:&quot;https:\\\/\\\/portalv1.com.br\\\/app\\\/wp-content\\\/uploads\\\/2023\\\/02\\\/IMG_6359-Copy.jpg&quot;,&quot;pid&quot;:140138,&quot;galleryid&quot;:1,&quot;description&quot;:&quot;&quot;,&quot;alttext&quot;:&quot;Aroazes comemora 61 anos de emancipa\\u00e7\\u00e3o pol\\u00edtica nesta segunda-feira&quot;,&quot;thumbnailURL&quot;:&quot;https:\\\/\\\/portalv1.com.br\\\/app\\\/wp-content\\\/uploads\\\/2023\\\/02\\\/IMG_6359-Copy-400x250.jpg&quot;,&quot;style&quot;:&quot;&quot;},{&quot;thumbcode&quot;:&quot;https:\\\/\\\/portalv1.com.br\\\/app\\\/wp-content\\\/uploads\\\/2023\\\/02\\\/IMG_6361-Copy-400x250.jpg&quot;,&quot;imageURL&quot;:&quot;https:\\\/\\\/portalv1.com.br\\\/app\\\/wp-content\\\/uploads\\\/2023\\\/02\\\/IMG_6361-Copy.jpg&quot;,&quot;pid&quot;:140139,&quot;galleryid&quot;:1,&quot;description&quot;:&quot;&quot;,&quot;alttext&quot;:&quot;Aroazes comemora 61 anos de emancipa\\u00e7\\u00e3o pol\\u00edtica nesta segunda-feira&quot;,&quot;thumbnailURL&quot;:&quot;https:\\\/\\\/portalv1.com.br\\\/app\\\/wp-content\\\/uploads\\\/2023\\\/02\\\/IMG_6361-Copy-400x250.jpg&quot;,&quot;style&quot;:&quot;&quot;},{&quot;thumbcode&quot;:&quot;https:\\\/\\\/portalv1.com.br\\\/app\\\/wp-content\\\/uploads\\\/2023\\\/02\\\/IMG_6364-Copy-400x250.jpg&quot;,&quot;imageURL&quot;:&quot;https:\\\/\\\/portalv1.com.br\\\/app\\\/wp-content\\\/uploads\\\/2023\\\/02\\\/IMG_6364-Copy.jpg&quot;,&quot;pid&quot;:140140,&quot;galleryid&quot;:1,&quot;description&quot;:&quot;&quot;,&quot;alttext&quot;:&quot;Aroazes comemora 61 anos de emancipa\\u00e7\\u00e3o pol\\u00edtica nesta segunda-feira&quot;,&quot;thumbnailURL&quot;:&quot;https:\\\/\\\/portalv1.com.br\\\/app\\\/wp-content\\\/uploads\\\/2023\\\/02\\\/IMG_6364-Copy-400x250.jpg&quot;,&quot;style&quot;:&quot;&quot;},{&quot;thumbcode&quot;:&quot;https:\\\/\\\/portalv1.com.br\\\/app\\\/wp-content\\\/uploads\\\/2023\\\/02\\\/IMG_6367-Copy-400x250.jpg&quot;,&quot;imageURL&quot;:&quot;https:\\\/\\\/portalv1.com.br\\\/app\\\/wp-content\\\/uploads\\\/2023\\\/02\\\/IMG_6367-Copy.jpg&quot;,&quot;pid&quot;:140141,&quot;galleryid&quot;:1,&quot;description&quot;:&quot;&quot;,&quot;alttext&quot;:&quot;Aroazes comemora 61 anos de emancipa\\u00e7\\u00e3o pol\\u00edtica nesta segunda-feira&quot;,&quot;thumbnailURL&quot;:&quot;https:\\\/\\\/portalv1.com.br\\\/app\\\/wp-content\\\/uploads\\\/2023\\\/02\\\/IMG_6367-Copy-400x250.jpg&quot;,&quot;style&quot;:&quot;&quot;},{&quot;thumbcode&quot;:&quot;https:\\\/\\\/portalv1.com.br\\\/app\\\/wp-content\\\/uploads\\\/2023\\\/02\\\/IMG_6368-Copy-400x250.jpg&quot;,&quot;imageURL&quot;:&quot;https:\\\/\\\/portalv1.com.br\\\/app\\\/wp-content\\\/uploads\\\/2023\\\/02\\\/IMG_6368-Copy.jpg&quot;,&quot;pid&quot;:140142,&quot;galleryid&quot;:1,&quot;description&quot;:&quot;&quot;,&quot;alttext&quot;:&quot;Aroazes comemora 61 anos de emancipa\\u00e7\\u00e3o pol\\u00edtica nesta segunda-feira&quot;,&quot;thumbnailURL&quot;:&quot;https:\\\/\\\/portalv1.com.br\\\/app\\\/wp-content\\\/uploads\\\/2023\\\/02\\\/IMG_6368-Copy-400x250.jpg&quot;,&quot;style&quot;:&quot;&quot;},{&quot;thumbcode&quot;:&quot;https:\\\/\\\/portalv1.com.br\\\/app\\\/wp-content\\\/uploads\\\/2023\\\/02\\\/IMG_6372-Copy-400x250.jpg&quot;,&quot;imageURL&quot;:&quot;https:\\\/\\\/portalv1.com.br\\\/app\\\/wp-content\\\/uploads\\\/2023\\\/02\\\/IMG_6372-Copy.jpg&quot;,&quot;pid&quot;:140143,&quot;galleryid&quot;:1,&quot;description&quot;:&quot;&quot;,&quot;alttext&quot;:&quot;Aroazes comemora 61 anos de emancipa\\u00e7\\u00e3o pol\\u00edtica nesta segunda-feira&quot;,&quot;thumbnailURL&quot;:&quot;https:\\\/\\\/portalv1.com.br\\\/app\\\/wp-content\\\/uploads\\\/2023\\\/02\\\/IMG_6372-Copy-400x250.jpg&quot;,&quot;style&quot;:&quot;&quot;},{&quot;thumbcode&quot;:&quot;https:\\\/\\\/portalv1.com.br\\\/app\\\/wp-content\\\/uploads\\\/2023\\\/02\\\/IMG_6374-Copy-400x250.jpg&quot;,&quot;imageURL&quot;:&quot;https:\\\/\\\/portalv1.com.br\\\/app\\\/wp-content\\\/uploads\\\/2023\\\/02\\\/IMG_6374-Copy.jpg&quot;,&quot;pid&quot;:140144,&quot;galleryid&quot;:1,&quot;description&quot;:&quot;&quot;,&quot;alttext&quot;:&quot;Aroazes comemora 61 anos de emancipa\\u00e7\\u00e3o pol\\u00edtica nesta segunda-feira&quot;,&quot;thumbnailURL&quot;:&quot;https:\\\/\\\/portalv1.com.br\\\/app\\\/wp-content\\\/uploads\\\/2023\\\/02\\\/IMG_6374-Copy-400x250.jpg&quot;,&quot;style&quot;:&quot;&quot;},{&quot;thumbcode&quot;:&quot;https:\\\/\\\/portalv1.com.br\\\/app\\\/wp-content\\\/uploads\\\/2023\\\/02\\\/IMG_6375-Copy-400x250.jpg&quot;,&quot;imageURL&quot;:&quot;https:\\\/\\\/portalv1.com.br\\\/app\\\/wp-content\\\/uploads\\\/2023\\\/02\\\/IMG_6375-Copy.jpg&quot;,&quot;pid&quot;:140145,&quot;galleryid&quot;:1,&quot;description&quot;:&quot;&quot;,&quot;alttext&quot;:&quot;Aroazes comemora 61 anos de emancipa\\u00e7\\u00e3o pol\\u00edtica nesta segunda-feira&quot;,&quot;thumbnailURL&quot;:&quot;https:\\\/\\\/portalv1.com.br\\\/app\\\/wp-content\\\/uploads\\\/2023\\\/02\\\/IMG_6375-Copy-400x250.jpg&quot;,&quot;style&quot;:&quot;&quot;},{&quot;thumbcode&quot;:&quot;https:\\\/\\\/portalv1.com.br\\\/app\\\/wp-content\\\/uploads\\\/2023\\\/02\\\/IMG_6380-Copy-400x250.jpg&quot;,&quot;imageURL&quot;:&quot;https:\\\/\\\/portalv1.com.br\\\/app\\\/wp-content\\\/uploads\\\/2023\\\/02\\\/IMG_6380-Copy.jpg&quot;,&quot;pid&quot;:140146,&quot;galleryid&quot;:1,&quot;description&quot;:&quot;&quot;,&quot;alttext&quot;:&quot;Aroazes comemora 61 anos de emancipa\\u00e7\\u00e3o pol\\u00edtica nesta segunda-feira&quot;,&quot;thumbnailURL&quot;:&quot;https:\\\/\\\/portalv1.com.br\\\/app\\\/wp-content\\\/uploads\\\/2023\\\/02\\\/IMG_6380-Copy-400x250.jpg&quot;,&quot;style&quot;:&quot;&quot;},{&quot;thumbcode&quot;:&quot;https:\\\/\\\/portalv1.com.br\\\/app\\\/wp-content\\\/uploads\\\/2023\\\/02\\\/IMG_6381-Copy-400x250.jpg&quot;,&quot;imageURL&quot;:&quot;https:\\\/\\\/portalv1.com.br\\\/app\\\/wp-content\\\/uploads\\\/2023\\\/02\\\/IMG_6381-Copy.jpg&quot;,&quot;pid&quot;:140147,&quot;galleryid&quot;:1,&quot;description&quot;:&quot;&quot;,&quot;alttext&quot;:&quot;Aroazes comemora 61 anos de emancipa\\u00e7\\u00e3o pol\\u00edtica nesta segunda-feira&quot;,&quot;thumbnailURL&quot;:&quot;https:\\\/\\\/portalv1.com.br\\\/app\\\/wp-content\\\/uploads\\\/2023\\\/02\\\/IMG_6381-Copy-400x250.jpg&quot;,&quot;style&quot;:&quot;&quot;},{&quot;thumbcode&quot;:&quot;https:\\\/\\\/portalv1.com.br\\\/app\\\/wp-content\\\/uploads\\\/2023\\\/02\\\/IMG_6383-Copy-400x250.jpg&quot;,&quot;imageURL&quot;:&quot;https:\\\/\\\/portalv1.com.br\\\/app\\\/wp-content\\\/uploads\\\/2023\\\/02\\\/IMG_6383-Copy.jpg&quot;,&quot;pid&quot;:140148,&quot;galleryid&quot;:1,&quot;description&quot;:&quot;&quot;,&quot;alttext&quot;:&quot;Aroazes comemora 61 anos de emancipa\\u00e7\\u00e3o pol\\u00edtica nesta segunda-feira&quot;,&quot;thumbnailURL&quot;:&quot;https:\\\/\\\/portalv1.com.br\\\/app\\\/wp-content\\\/uploads\\\/2023\\\/02\\\/IMG_6383-Copy-400x250.jpg&quot;,&quot;style&quot;:&quot;&quot;},{&quot;thumbcode&quot;:&quot;https:\\\/\\\/portalv1.com.br\\\/app\\\/wp-content\\\/uploads\\\/2023\\\/02\\\/IMG_6384-Copy-400x250.jpg&quot;,&quot;imageURL&quot;:&quot;https:\\\/\\\/portalv1.com.br\\\/app\\\/wp-content\\\/uploads\\\/2023\\\/02\\\/IMG_6384-Copy.jpg&quot;,&quot;pid&quot;:140149,&quot;galleryid&quot;:1,&quot;description&quot;:&quot;&quot;,&quot;alttext&quot;:&quot;Aroazes comemora 61 anos de emancipa\\u00e7\\u00e3o pol\\u00edtica nesta segunda-feira&quot;,&quot;thumbnailURL&quot;:&quot;https:\\\/\\\/portalv1.com.br\\\/app\\\/wp-content\\\/uploads\\\/2023\\\/02\\\/IMG_6384-Copy-400x250.jpg&quot;,&quot;style&quot;:&quot;&quot;},{&quot;thumbcode&quot;:&quot;https:\\\/\\\/portalv1.com.br\\\/app\\\/wp-content\\\/uploads\\\/2023\\\/02\\\/IMG_6386-Copy-400x250.jpg&quot;,&quot;imageURL&quot;:&quot;https:\\\/\\\/portalv1.com.br\\\/app\\\/wp-content\\\/uploads\\\/2023\\\/02\\\/IMG_6386-Copy.jpg&quot;,&quot;pid&quot;:140150,&quot;galleryid&quot;:1,&quot;description&quot;:&quot;&quot;,&quot;alttext&quot;:&quot;Aroazes comemora 61 anos de emancipa\\u00e7\\u00e3o pol\\u00edtica nesta segunda-feira&quot;,&quot;thumbnailURL&quot;:&quot;https:\\\/\\\/portalv1.com.br\\\/app\\\/wp-content\\\/uploads\\\/2023\\\/02\\\/IMG_6386-Copy-400x250.jpg&quot;,&quot;style&quot;:&quot;&quot;},{&quot;thumbcode&quot;:&quot;https:\\\/\\\/portalv1.com.br\\\/app\\\/wp-content\\\/uploads\\\/2023\\\/02\\\/IMG_6391-Copy-400x250.jpg&quot;,&quot;imageURL&quot;:&quot;https:\\\/\\\/portalv1.com.br\\\/app\\\/wp-content\\\/uploads\\\/2023\\\/02\\\/IMG_6391-Copy.jpg&quot;,&quot;pid&quot;:140151,&quot;galleryid&quot;:1,&quot;description&quot;:&quot;&quot;,&quot;alttext&quot;:&quot;Aroazes comemora 61 anos de emancipa\\u00e7\\u00e3o pol\\u00edtica nesta segunda-feira&quot;,&quot;thumbnailURL&quot;:&quot;https:\\\/\\\/portalv1.com.br\\\/app\\\/wp-content\\\/uploads\\\/2023\\\/02\\\/IMG_6391-Copy-400x250.jpg&quot;,&quot;style&quot;:&quot;&quot;},{&quot;thumbcode&quot;:&quot;https:\\\/\\\/portalv1.com.br\\\/app\\\/wp-content\\\/uploads\\\/2023\\\/02\\\/IMG_6392-Copy-400x250.jpg&quot;,&quot;imageURL&quot;:&quot;https:\\\/\\\/portalv1.com.br\\\/app\\\/wp-content\\\/uploads\\\/2023\\\/02\\\/IMG_6392-Copy.jpg&quot;,&quot;pid&quot;:140152,&quot;galleryid&quot;:1,&quot;description&quot;:&quot;&quot;,&quot;alttext&quot;:&quot;Aroazes comemora 61 anos de emancipa\\u00e7\\u00e3o pol\\u00edtica nesta segunda-feira&quot;,&quot;thumbnailURL&quot;:&quot;https:\\\/\\\/portalv1.com.br\\\/app\\\/wp-content\\\/uploads\\\/2023\\\/02\\\/IMG_6392-Copy-400x250.jpg&quot;,&quot;style&quot;:&quot;&quot;},{&quot;thumbcode&quot;:&quot;https:\\\/\\\/portalv1.com.br\\\/app\\\/wp-content\\\/uploads\\\/2023\\\/02\\\/IMG_6399-Copy-400x250.jpg&quot;,&quot;imageURL&quot;:&quot;https:\\\/\\\/portalv1.com.br\\\/app\\\/wp-content\\\/uploads\\\/2023\\\/02\\\/IMG_6399-Copy.jpg&quot;,&quot;pid&quot;:140153,&quot;galleryid&quot;:1,&quot;description&quot;:&quot;&quot;,&quot;alttext&quot;:&quot;Aroazes comemora 61 anos de emancipa\\u00e7\\u00e3o pol\\u00edtica nesta segunda-feira&quot;,&quot;thumbnailURL&quot;:&quot;https:\\\/\\\/portalv1.com.br\\\/app\\\/wp-content\\\/uploads\\\/2023\\\/02\\\/IMG_6399-Copy-400x250.jpg&quot;,&quot;style&quot;:&quot;&quot;},{&quot;thumbcode&quot;:&quot;https:\\\/\\\/portalv1.com.br\\\/app\\\/wp-content\\\/uploads\\\/2023\\\/02\\\/IMG_6401-Copy-400x250.jpg&quot;,&quot;imageURL&quot;:&quot;https:\\\/\\\/portalv1.com.br\\\/app\\\/wp-content\\\/uploads\\\/2023\\\/02\\\/IMG_6401-Copy.jpg&quot;,&quot;pid&quot;:140154,&quot;galleryid&quot;:1,&quot;description&quot;:&quot;&quot;,&quot;alttext&quot;:&quot;Aroazes comemora 61 anos de emancipa\\u00e7\\u00e3o pol\\u00edtica nesta segunda-feira&quot;,&quot;thumbnailURL&quot;:&quot;https:\\\/\\\/portalv1.com.br\\\/app\\\/wp-content\\\/uploads\\\/2023\\\/02\\\/IMG_6401-Copy-400x250.jpg&quot;,&quot;style&quot;:&quot;&quot;},{&quot;thumbcode&quot;:&quot;https:\\\/\\\/portalv1.com.br\\\/app\\\/wp-content\\\/uploads\\\/2023\\\/02\\\/IMG_6407-Copy-400x250.jpg&quot;,&quot;imageURL&quot;:&quot;https:\\\/\\\/portalv1.com.br\\\/app\\\/wp-content\\\/uploads\\\/2023\\\/02\\\/IMG_6407-Copy.jpg&quot;,&quot;pid&quot;:140155,&quot;galleryid&quot;:1,&quot;description&quot;:&quot;&quot;,&quot;alttext&quot;:&quot;Aroazes comemora 61 anos de emancipa\\u00e7\\u00e3o pol\\u00edtica nesta segunda-feira&quot;,&quot;thumbnailURL&quot;:&quot;https:\\\/\\\/portalv1.com.br\\\/app\\\/wp-content\\\/uploads\\\/2023\\\/02\\\/IMG_6407-Copy-400x250.jpg&quot;,&quot;style&quot;:&quot;&quot;},{&quot;thumbcode&quot;:&quot;https:\\\/\\\/portalv1.com.br\\\/app\\\/wp-content\\\/uploads\\\/2023\\\/02\\\/IMG_6408-Copy-400x250.jpg&quot;,&quot;imageURL&quot;:&quot;https:\\\/\\\/portalv1.com.br\\\/app\\\/wp-content\\\/uploads\\\/2023\\\/02\\\/IMG_6408-Copy.jpg&quot;,&quot;pid&quot;:140156,&quot;galleryid&quot;:1,&quot;description&quot;:&quot;&quot;,&quot;alttext&quot;:&quot;Aroazes comemora 61 anos de emancipa\\u00e7\\u00e3o pol\\u00edtica nesta segunda-feira&quot;,&quot;thumbnailURL&quot;:&quot;https:\\\/\\\/portalv1.com.br\\\/app\\\/wp-content\\\/uploads\\\/2023\\\/02\\\/IMG_6408-Copy-400x250.jpg&quot;,&quot;style&quot;:&quot;&quot;},{&quot;thumbcode&quot;:&quot;https:\\\/\\\/portalv1.com.br\\\/app\\\/wp-content\\\/uploads\\\/2023\\\/02\\\/IMG_6412-Copy-400x250.jpg&quot;,&quot;imageURL&quot;:&quot;https:\\\/\\\/portalv1.com.br\\\/app\\\/wp-content\\\/uploads\\\/2023\\\/02\\\/IMG_6412-Copy.jpg&quot;,&quot;pid&quot;:140157,&quot;galleryid&quot;:1,&quot;description&quot;:&quot;&quot;,&quot;alttext&quot;:&quot;Aroazes comemora 61 anos de emancipa\\u00e7\\u00e3o pol\\u00edtica nesta segunda-feira&quot;,&quot;thumbnailURL&quot;:&quot;https:\\\/\\\/portalv1.com.br\\\/app\\\/wp-content\\\/uploads\\\/2023\\\/02\\\/IMG_6412-Copy-400x250.jpg&quot;,&quot;style&quot;:&quot;&quot;},{&quot;thumbcode&quot;:&quot;https:\\\/\\\/portalv1.com.br\\\/app\\\/wp-content\\\/uploads\\\/2023\\\/02\\\/IMG_6414-Copy-400x250.jpg&quot;,&quot;imageURL&quot;:&quot;https:\\\/\\\/portalv1.com.br\\\/app\\\/wp-content\\\/uploads\\\/2023\\\/02\\\/IMG_6414-Copy.jpg&quot;,&quot;pid&quot;:140158,&quot;galleryid&quot;:1,&quot;description&quot;:&quot;&quot;,&quot;alttext&quot;:&quot;Aroazes comemora 61 anos de emancipa\\u00e7\\u00e3o pol\\u00edtica nesta segunda-feira&quot;,&quot;thumbnailURL&quot;:&quot;https:\\\/\\\/portalv1.com.br\\\/app\\\/wp-content\\\/uploads\\\/2023\\\/02\\\/IMG_6414-Copy-400x250.jpg&quot;,&quot;style&quot;:&quot;&quot;},{&quot;thumbcode&quot;:&quot;https:\\\/\\\/portalv1.com.br\\\/app\\\/wp-content\\\/uploads\\\/2023\\\/02\\\/IMG_6415-Copy-400x250.jpg&quot;,&quot;imageURL&quot;:&quot;https:\\\/\\\/portalv1.com.br\\\/app\\\/wp-content\\\/uploads\\\/2023\\\/02\\\/IMG_6415-Copy.jpg&quot;,&quot;pid&quot;:140159,&quot;galleryid&quot;:1,&quot;description&quot;:&quot;&quot;,&quot;alttext&quot;:&quot;Aroazes comemora 61 anos de emancipa\\u00e7\\u00e3o pol\\u00edtica nesta segunda-feira&quot;,&quot;thumbnailURL&quot;:&quot;https:\\\/\\\/portalv1.com.br\\\/app\\\/wp-content\\\/uploads\\\/2023\\\/02\\\/IMG_6415-Copy-400x250.jpg&quot;,&quot;style&quot;:&quot;&quot;},{&quot;thumbcode&quot;:&quot;https:\\\/\\\/portalv1.com.br\\\/app\\\/wp-content\\\/uploads\\\/2023\\\/02\\\/IMG_6417-Copy-400x250.jpg&quot;,&quot;imageURL&quot;:&quot;https:\\\/\\\/portalv1.com.br\\\/app\\\/wp-content\\\/uploads\\\/2023\\\/02\\\/IMG_6417-Copy.jpg&quot;,&quot;pid&quot;:140160,&quot;galleryid&quot;:1,&quot;description&quot;:&quot;&quot;,&quot;alttext&quot;:&quot;Aroazes comemora 61 anos de emancipa\\u00e7\\u00e3o pol\\u00edtica nesta segunda-feira&quot;,&quot;thumbnailURL&quot;:&quot;https:\\\/\\\/portalv1.com.br\\\/app\\\/wp-content\\\/uploads\\\/2023\\\/02\\\/IMG_6417-Copy-400x250.jpg&quot;,&quot;style&quot;:&quot;&quot;},{&quot;thumbcode&quot;:&quot;https:\\\/\\\/portalv1.com.br\\\/app\\\/wp-content\\\/uploads\\\/2023\\\/02\\\/IMG_6420-Copy-400x250.jpg&quot;,&quot;imageURL&quot;:&quot;https:\\\/\\\/portalv1.com.br\\\/app\\\/wp-content\\\/uploads\\\/2023\\\/02\\\/IMG_6420-Copy.jpg&quot;,&quot;pid&quot;:140161,&quot;galleryid&quot;:1,&quot;description&quot;:&quot;&quot;,&quot;alttext&quot;:&quot;Aroazes comemora 61 anos de emancipa\\u00e7\\u00e3o pol\\u00edtica nesta segunda-feira&quot;,&quot;thumbnailURL&quot;:&quot;https:\\\/\\\/portalv1.com.br\\\/app\\\/wp-content\\\/uploads\\\/2023\\\/02\\\/IMG_6420-Copy-400x250.jpg&quot;,&quot;style&quot;:&quot;&quot;},{&quot;thumbcode&quot;:&quot;https:\\\/\\\/portalv1.com.br\\\/app\\\/wp-content\\\/uploads\\\/2023\\\/02\\\/IMG_6423-Copy-400x250.jpg&quot;,&quot;imageURL&quot;:&quot;https:\\\/\\\/portalv1.com.br\\\/app\\\/wp-content\\\/uploads\\\/2023\\\/02\\\/IMG_6423-Copy.jpg&quot;,&quot;pid&quot;:140162,&quot;galleryid&quot;:1,&quot;description&quot;:&quot;&quot;,&quot;alttext&quot;:&quot;Aroazes comemora 61 anos de emancipa\\u00e7\\u00e3o pol\\u00edtica nesta segunda-feira&quot;,&quot;thumbnailURL&quot;:&quot;https:\\\/\\\/portalv1.com.br\\\/app\\\/wp-content\\\/uploads\\\/2023\\\/02\\\/IMG_6423-Copy-400x250.jpg&quot;,&quot;style&quot;:&quot;&quot;},{&quot;thumbcode&quot;:&quot;https:\\\/\\\/portalv1.com.br\\\/app\\\/wp-content\\\/uploads\\\/2023\\\/02\\\/IMG_6425-Copy-400x250.jpg&quot;,&quot;imageURL&quot;:&quot;https:\\\/\\\/portalv1.com.br\\\/app\\\/wp-content\\\/uploads\\\/2023\\\/02\\\/IMG_6425-Copy.jpg&quot;,&quot;pid&quot;:140163,&quot;galleryid&quot;:1,&quot;description&quot;:&quot;&quot;,&quot;alttext&quot;:&quot;Aroazes comemora 61 anos de emancipa\\u00e7\\u00e3o pol\\u00edtica nesta segunda-feira&quot;,&quot;thumbnailURL&quot;:&quot;https:\\\/\\\/portalv1.com.br\\\/app\\\/wp-content\\\/uploads\\\/2023\\\/02\\\/IMG_6425-Copy-400x250.jpg&quot;,&quot;style&quot;:&quot;&quot;},{&quot;thumbcode&quot;:&quot;https:\\\/\\\/portalv1.com.br\\\/app\\\/wp-content\\\/uploads\\\/2023\\\/02\\\/IMG_6428-Copy-400x250.jpg&quot;,&quot;imageURL&quot;:&quot;https:\\\/\\\/portalv1.com.br\\\/app\\\/wp-content\\\/uploads\\\/2023\\\/02\\\/IMG_6428-Copy.jpg&quot;,&quot;pid&quot;:140164,&quot;galleryid&quot;:1,&quot;description&quot;:&quot;&quot;,&quot;alttext&quot;:&quot;Aroazes comemora 61 anos de emancipa\\u00e7\\u00e3o pol\\u00edtica nesta segunda-feira&quot;,&quot;thumbnailURL&quot;:&quot;https:\\\/\\\/portalv1.com.br\\\/app\\\/wp-content\\\/uploads\\\/2023\\\/02\\\/IMG_6428-Copy-400x250.jpg&quot;,&quot;style&quot;:&quot;&quot;},{&quot;thumbcode&quot;:&quot;https:\\\/\\\/portalv1.com.br\\\/app\\\/wp-content\\\/uploads\\\/2023\\\/02\\\/IMG_6431-Copy-400x250.jpg&quot;,&quot;imageURL&quot;:&quot;https:\\\/\\\/portalv1.com.br\\\/app\\\/wp-content\\\/uploads\\\/2023\\\/02\\\/IMG_6431-Copy.jpg&quot;,&quot;pid&quot;:140165,&quot;galleryid&quot;:1,&quot;description&quot;:&quot;&quot;,&quot;alttext&quot;:&quot;Aroazes comemora 61 anos de emancipa\\u00e7\\u00e3o pol\\u00edtica nesta segunda-feira&quot;,&quot;thumbnailURL&quot;:&quot;https:\\\/\\\/portalv1.com.br\\\/app\\\/wp-content\\\/uploads\\\/2023\\\/02\\\/IMG_6431-Copy-400x250.jpg&quot;,&quot;style&quot;:&quot;&quot;},{&quot;thumbcode&quot;:&quot;https:\\\/\\\/portalv1.com.br\\\/app\\\/wp-content\\\/uploads\\\/2023\\\/02\\\/IMG_6435-Copy-400x250.jpg&quot;,&quot;imageURL&quot;:&quot;https:\\\/\\\/portalv1.com.br\\\/app\\\/wp-content\\\/uploads\\\/2023\\\/02\\\/IMG_6435-Copy.jpg&quot;,&quot;pid&quot;:140166,&quot;galleryid&quot;:1,&quot;description&quot;:&quot;&quot;,&quot;alttext&quot;:&quot;Aroazes comemora 61 anos de emancipa\\u00e7\\u00e3o pol\\u00edtica nesta segunda-feira&quot;,&quot;thumbnailURL&quot;:&quot;https:\\\/\\\/portalv1.com.br\\\/app\\\/wp-content\\\/uploads\\\/2023\\\/02\\\/IMG_6435-Copy-400x250.jpg&quot;,&quot;style&quot;:&quot;&quot;},{&quot;thumbcode&quot;:&quot;https:\\\/\\\/portalv1.com.br\\\/app\\\/wp-content\\\/uploads\\\/2023\\\/02\\\/IMG_6438-Copy-400x250.jpg&quot;,&quot;imageURL&quot;:&quot;https:\\\/\\\/portalv1.com.br\\\/app\\\/wp-content\\\/uploads\\\/2023\\\/02\\\/IMG_6438-Copy.jpg&quot;,&quot;pid&quot;:140167,&quot;galleryid&quot;:1,&quot;description&quot;:&quot;&quot;,&quot;alttext&quot;:&quot;Aroazes comemora 61 anos de emancipa\\u00e7\\u00e3o pol\\u00edtica nesta segunda-feira&quot;,&quot;thumbnailURL&quot;:&quot;https:\\\/\\\/portalv1.com.br\\\/app\\\/wp-content\\\/uploads\\\/2023\\\/02\\\/IMG_6438-Copy-400x250.jpg&quot;,&quot;style&quot;:&quot;&quot;},{&quot;thumbcode&quot;:&quot;https:\\\/\\\/portalv1.com.br\\\/app\\\/wp-content\\\/uploads\\\/2023\\\/02\\\/IMG_6439-Copy-400x250.jpg&quot;,&quot;imageURL&quot;:&quot;https:\\\/\\\/portalv1.com.br\\\/app\\\/wp-content\\\/uploads\\\/2023\\\/02\\\/IMG_6439-Copy.jpg&quot;,&quot;pid&quot;:140168,&quot;galleryid&quot;:1,&quot;description&quot;:&quot;&quot;,&quot;alttext&quot;:&quot;Aroazes comemora 61 anos de emancipa\\u00e7\\u00e3o pol\\u00edtica nesta segunda-feira&quot;,&quot;thumbnailURL&quot;:&quot;https:\\\/\\\/portalv1.com.br\\\/app\\\/wp-content\\\/uploads\\\/2023\\\/02\\\/IMG_6439-Copy-400x250.jpg&quot;,&quot;style&quot;:&quot;&quot;},{&quot;thumbcode&quot;:&quot;https:\\\/\\\/portalv1.com.br\\\/app\\\/wp-content\\\/uploads\\\/2023\\\/02\\\/IMG_6442-Copy-400x250.jpg&quot;,&quot;imageURL&quot;:&quot;https:\\\/\\\/portalv1.com.br\\\/app\\\/wp-content\\\/uploads\\\/2023\\\/02\\\/IMG_6442-Copy.jpg&quot;,&quot;pid&quot;:140169,&quot;galleryid&quot;:1,&quot;description&quot;:&quot;&quot;,&quot;alttext&quot;:&quot;Aroazes comemora 61 anos de emancipa\\u00e7\\u00e3o pol\\u00edtica nesta segunda-feira&quot;,&quot;thumbnailURL&quot;:&quot;https:\\\/\\\/portalv1.com.br\\\/app\\\/wp-content\\\/uploads\\\/2023\\\/02\\\/IMG_6442-Copy-400x250.jpg&quot;,&quot;style&quot;:&quot;&quot;},{&quot;thumbcode&quot;:&quot;https:\\\/\\\/portalv1.com.br\\\/app\\\/wp-content\\\/uploads\\\/2023\\\/02\\\/IMG_6443-Copy-400x250.jpg&quot;,&quot;imageURL&quot;:&quot;https:\\\/\\\/portalv1.com.br\\\/app\\\/wp-content\\\/uploads\\\/2023\\\/02\\\/IMG_6443-Copy.jpg&quot;,&quot;pid&quot;:140170,&quot;galleryid&quot;:1,&quot;description&quot;:&quot;&quot;,&quot;alttext&quot;:&quot;Aroazes comemora 61 anos de emancipa\\u00e7\\u00e3o pol\\u00edtica nesta segunda-feira&quot;,&quot;thumbnailURL&quot;:&quot;https:\\\/\\\/portalv1.com.br\\\/app\\\/wp-content\\\/uploads\\\/2023\\\/02\\\/IMG_6443-Copy-400x250.jpg&quot;,&quot;style&quot;:&quot;&quot;},{&quot;thumbcode&quot;:&quot;https:\\\/\\\/portalv1.com.br\\\/app\\\/wp-content\\\/uploads\\\/2023\\\/02\\\/IMG_6444-Copy-400x250.jpg&quot;,&quot;imageURL&quot;:&quot;https:\\\/\\\/portalv1.com.br\\\/app\\\/wp-content\\\/uploads\\\/2023\\\/02\\\/IMG_6444-Copy.jpg&quot;,&quot;pid&quot;:140171,&quot;galleryid&quot;:1,&quot;description&quot;:&quot;&quot;,&quot;alttext&quot;:&quot;Aroazes comemora 61 anos de emancipa\\u00e7\\u00e3o pol\\u00edtica nesta segunda-feira&quot;,&quot;thumbnailURL&quot;:&quot;https:\\\/\\\/portalv1.com.br\\\/app\\\/wp-content\\\/uploads\\\/2023\\\/02\\\/IMG_6444-Copy-400x250.jpg&quot;,&quot;style&quot;:&quot;&quot;},{&quot;thumbcode&quot;:&quot;https:\\\/\\\/portalv1.com.br\\\/app\\\/wp-content\\\/uploads\\\/2023\\\/02\\\/IMG_6447-Copy-400x250.jpg&quot;,&quot;imageURL&quot;:&quot;https:\\\/\\\/portalv1.com.br\\\/app\\\/wp-content\\\/uploads\\\/2023\\\/02\\\/IMG_6447-Copy.jpg&quot;,&quot;pid&quot;:140172,&quot;galleryid&quot;:1,&quot;description&quot;:&quot;&quot;,&quot;alttext&quot;:&quot;Aroazes comemora 61 anos de emancipa\\u00e7\\u00e3o pol\\u00edtica nesta segunda-feira&quot;,&quot;thumbnailURL&quot;:&quot;https:\\\/\\\/portalv1.com.br\\\/app\\\/wp-content\\\/uploads\\\/2023\\\/02\\\/IMG_6447-Copy-400x250.jpg&quot;,&quot;style&quot;:&quot;&quot;},{&quot;thumbcode&quot;:&quot;https:\\\/\\\/portalv1.com.br\\\/app\\\/wp-content\\\/uploads\\\/2023\\\/02\\\/IMG_6448-Copy-400x250.jpg&quot;,&quot;imageURL&quot;:&quot;https:\\\/\\\/portalv1.com.br\\\/app\\\/wp-content\\\/uploads\\\/2023\\\/02\\\/IMG_6448-Copy.jpg&quot;,&quot;pid&quot;:140173,&quot;galleryid&quot;:1,&quot;description&quot;:&quot;&quot;,&quot;alttext&quot;:&quot;Aroazes comemora 61 anos de emancipa\\u00e7\\u00e3o pol\\u00edtica nesta segunda-feira&quot;,&quot;thumbnailURL&quot;:&quot;https:\\\/\\\/portalv1.com.br\\\/app\\\/wp-content\\\/uploads\\\/2023\\\/02\\\/IMG_6448-Copy-400x250.jpg&quot;,&quot;style&quot;:&quot;&quot;},{&quot;thumbcode&quot;:&quot;https:\\\/\\\/portalv1.com.br\\\/app\\\/wp-content\\\/uploads\\\/2023\\\/02\\\/IMG_6456-Copy-400x250.jpg&quot;,&quot;imageURL&quot;:&quot;https:\\\/\\\/portalv1.com.br\\\/app\\\/wp-content\\\/uploads\\\/2023\\\/02\\\/IMG_6456-Copy.jpg&quot;,&quot;pid&quot;:140174,&quot;galleryid&quot;:1,&quot;description&quot;:&quot;&quot;,&quot;alttext&quot;:&quot;Aroazes comemora 61 anos de emancipa\\u00e7\\u00e3o pol\\u00edtica nesta segunda-feira&quot;,&quot;thumbnailURL&quot;:&quot;https:\\\/\\\/portalv1.com.br\\\/app\\\/wp-content\\\/uploads\\\/2023\\\/02\\\/IMG_6456-Copy-400x250.jpg&quot;,&quot;style&quot;:&quot;&quot;},{&quot;thumbcode&quot;:&quot;https:\\\/\\\/portalv1.com.br\\\/app\\\/wp-content\\\/uploads\\\/2023\\\/02\\\/IMG_6465-Copy-400x250.jpg&quot;,&quot;imageURL&quot;:&quot;https:\\\/\\\/portalv1.com.br\\\/app\\\/wp-content\\\/uploads\\\/2023\\\/02\\\/IMG_6465-Copy.jpg&quot;,&quot;pid&quot;:140175,&quot;galleryid&quot;:1,&quot;description&quot;:&quot;&quot;,&quot;alttext&quot;:&quot;Aroazes comemora 61 anos de emancipa\\u00e7\\u00e3o pol\\u00edtica nesta segunda-feira&quot;,&quot;thumbnailURL&quot;:&quot;https:\\\/\\\/portalv1.com.br\\\/app\\\/wp-content\\\/uploads\\\/2023\\\/02\\\/IMG_6465-Copy-400x250.jpg&quot;,&quot;style&quot;:&quot;&quot;},{&quot;thumbcode&quot;:&quot;https:\\\/\\\/portalv1.com.br\\\/app\\\/wp-content\\\/uploads\\\/2023\\\/02\\\/IMG_6468-Copy-400x250.jpg&quot;,&quot;imageURL&quot;:&quot;https:\\\/\\\/portalv1.com.br\\\/app\\\/wp-content\\\/uploads\\\/2023\\\/02\\\/IMG_6468-Copy.jpg&quot;,&quot;pid&quot;:140176,&quot;galleryid&quot;:1,&quot;description&quot;:&quot;&quot;,&quot;alttext&quot;:&quot;Aroazes comemora 61 anos de emancipa\\u00e7\\u00e3o pol\\u00edtica nesta segunda-feira&quot;,&quot;thumbnailURL&quot;:&quot;https:\\\/\\\/portalv1.com.br\\\/app\\\/wp-content\\\/uploads\\\/2023\\\/02\\\/IMG_6468-Copy-400x250.jpg&quot;,&quot;style&quot;:&quot;&quot;},{&quot;thumbcode&quot;:&quot;https:\\\/\\\/portalv1.com.br\\\/app\\\/wp-content\\\/uploads\\\/2023\\\/02\\\/IMG_6474-Copy-400x250.jpg&quot;,&quot;imageURL&quot;:&quot;https:\\\/\\\/portalv1.com.br\\\/app\\\/wp-content\\\/uploads\\\/2023\\\/02\\\/IMG_6474-Copy.jpg&quot;,&quot;pid&quot;:140177,&quot;galleryid&quot;:1,&quot;description&quot;:&quot;&quot;,&quot;alttext&quot;:&quot;Aroazes comemora 61 anos de emancipa\\u00e7\\u00e3o pol\\u00edtica nesta segunda-feira&quot;,&quot;thumbnailURL&quot;:&quot;https:\\\/\\\/portalv1.com.br\\\/app\\\/wp-content\\\/uploads\\\/2023\\\/02\\\/IMG_6474-Copy-400x250.jpg&quot;,&quot;style&quot;:&quot;&quot;},{&quot;thumbcode&quot;:&quot;https:\\\/\\\/portalv1.com.br\\\/app\\\/wp-content\\\/uploads\\\/2023\\\/02\\\/IMG_6476-Copy-400x250.jpg&quot;,&quot;imageURL&quot;:&quot;https:\\\/\\\/portalv1.com.br\\\/app\\\/wp-content\\\/uploads\\\/2023\\\/02\\\/IMG_6476-Copy.jpg&quot;,&quot;pid&quot;:140178,&quot;galleryid&quot;:1,&quot;description&quot;:&quot;&quot;,&quot;alttext&quot;:&quot;Aroazes comemora 61 anos de emancipa\\u00e7\\u00e3o pol\\u00edtica nesta segunda-feira&quot;,&quot;thumbnailURL&quot;:&quot;https:\\\/\\\/portalv1.com.br\\\/app\\\/wp-content\\\/uploads\\\/2023\\\/02\\\/IMG_6476-Copy-400x250.jpg&quot;,&quot;style&quot;:&quot;&quot;},{&quot;thumbcode&quot;:&quot;https:\\\/\\\/portalv1.com.br\\\/app\\\/wp-content\\\/uploads\\\/2023\\\/02\\\/IMG_6478-Copy-400x250.jpg&quot;,&quot;imageURL&quot;:&quot;https:\\\/\\\/portalv1.com.br\\\/app\\\/wp-content\\\/uploads\\\/2023\\\/02\\\/IMG_6478-Copy.jpg&quot;,&quot;pid&quot;:140179,&quot;galleryid&quot;:1,&quot;description&quot;:&quot;&quot;,&quot;alttext&quot;:&quot;Aroazes comemora 61 anos de emancipa\\u00e7\\u00e3o pol\\u00edtica nesta segunda-feira&quot;,&quot;thumbnailURL&quot;:&quot;https:\\\/\\\/portalv1.com.br\\\/app\\\/wp-content\\\/uploads\\\/2023\\\/02\\\/IMG_6478-Copy-400x250.jpg&quot;,&quot;style&quot;:&quot;&quot;},{&quot;thumbcode&quot;:&quot;https:\\\/\\\/portalv1.com.br\\\/app\\\/wp-content\\\/uploads\\\/2023\\\/02\\\/IMG_6484-Copy-400x250.jpg&quot;,&quot;imageURL&quot;:&quot;https:\\\/\\\/portalv1.com.br\\\/app\\\/wp-content\\\/uploads\\\/2023\\\/02\\\/IMG_6484-Copy.jpg&quot;,&quot;pid&quot;:140180,&quot;galleryid&quot;:1,&quot;description&quot;:&quot;&quot;,&quot;alttext&quot;:&quot;Aroazes comemora 61 anos de emancipa\\u00e7\\u00e3o pol\\u00edtica nesta segunda-feira&quot;,&quot;thumbnailURL&quot;:&quot;https:\\\/\\\/portalv1.com.br\\\/app\\\/wp-content\\\/uploads\\\/2023\\\/02\\\/IMG_6484-Copy-400x250.jpg&quot;,&quot;style&quot;:&quot;&quot;},{&quot;thumbcode&quot;:&quot;https:\\\/\\\/portalv1.com.br\\\/app\\\/wp-content\\\/uploads\\\/2023\\\/02\\\/IMG_6489-Copy-400x250.jpg&quot;,&quot;imageURL&quot;:&quot;https:\\\/\\\/portalv1.com.br\\\/app\\\/wp-content\\\/uploads\\\/2023\\\/02\\\/IMG_6489-Copy.jpg&quot;,&quot;pid&quot;:140181,&quot;galleryid&quot;:1,&quot;description&quot;:&quot;&quot;,&quot;alttext&quot;:&quot;Aroazes comemora 61 anos de emancipa\\u00e7\\u00e3o pol\\u00edtica nesta segunda-feira&quot;,&quot;thumbnailURL&quot;:&quot;https:\\\/\\\/portalv1.com.br\\\/app\\\/wp-content\\\/uploads\\\/2023\\\/02\\\/IMG_6489-Copy-400x250.jpg&quot;,&quot;style&quot;:&quot;&quot;},{&quot;thumbcode&quot;:&quot;https:\\\/\\\/portalv1.com.br\\\/app\\\/wp-content\\\/uploads\\\/2023\\\/02\\\/IMG_6490-Copy-400x250.jpg&quot;,&quot;imageURL&quot;:&quot;https:\\\/\\\/portalv1.com.br\\\/app\\\/wp-content\\\/uploads\\\/2023\\\/02\\\/IMG_6490-Copy.jpg&quot;,&quot;pid&quot;:140182,&quot;galleryid&quot;:1,&quot;description&quot;:&quot;&quot;,&quot;alttext&quot;:&quot;Aroazes comemora 61 anos de emancipa\\u00e7\\u00e3o pol\\u00edtica nesta segunda-feira&quot;,&quot;thumbnailURL&quot;:&quot;https:\\\/\\\/portalv1.com.br\\\/app\\\/wp-content\\\/uploads\\\/2023\\\/02\\\/IMG_6490-Copy-400x250.jpg&quot;,&quot;style&quot;:&quot;&quot;},{&quot;thumbcode&quot;:&quot;https:\\\/\\\/portalv1.com.br\\\/app\\\/wp-content\\\/uploads\\\/2023\\\/02\\\/IMG_6495-Copy-400x250.jpg&quot;,&quot;imageURL&quot;:&quot;https:\\\/\\\/portalv1.com.br\\\/app\\\/wp-content\\\/uploads\\\/2023\\\/02\\\/IMG_6495-Copy.jpg&quot;,&quot;pid&quot;:140183,&quot;galleryid&quot;:1,&quot;description&quot;:&quot;&quot;,&quot;alttext&quot;:&quot;Aroazes comemora 61 anos de emancipa\\u00e7\\u00e3o pol\\u00edtica nesta segunda-feira&quot;,&quot;thumbnailURL&quot;:&quot;https:\\\/\\\/portalv1.com.br\\\/app\\\/wp-content\\\/uploads\\\/2023\\\/02\\\/IMG_6495-Copy-400x250.jpg&quot;,&quot;style&quot;:&quot;&quot;},{&quot;thumbcode&quot;:&quot;https:\\\/\\\/portalv1.com.br\\\/app\\\/wp-content\\\/uploads\\\/2023\\\/02\\\/IMG_6496-Copy-400x250.jpg&quot;,&quot;imageURL&quot;:&quot;https:\\\/\\\/portalv1.com.br\\\/app\\\/wp-content\\\/uploads\\\/2023\\\/02\\\/IMG_6496-Copy.jpg&quot;,&quot;pid&quot;:140184,&quot;galleryid&quot;:1,&quot;description&quot;:&quot;&quot;,&quot;alttext&quot;:&quot;Aroazes comemora 61 anos de emancipa\\u00e7\\u00e3o pol\\u00edtica nesta segunda-feira&quot;,&quot;thumbnailURL&quot;:&quot;https:\\\/\\\/portalv1.com.br\\\/app\\\/wp-content\\\/uploads\\\/2023\\\/02\\\/IMG_6496-Copy-400x250.jpg&quot;,&quot;style&quot;:&quot;&quot;},{&quot;thumbcode&quot;:&quot;https:\\\/\\\/portalv1.com.br\\\/app\\\/wp-content\\\/uploads\\\/2023\\\/02\\\/IMG_6498-Copy-400x250.jpg&quot;,&quot;imageURL&quot;:&quot;https:\\\/\\\/portalv1.com.br\\\/app\\\/wp-content\\\/uploads\\\/2023\\\/02\\\/IMG_6498-Copy.jpg&quot;,&quot;pid&quot;:140185,&quot;galleryid&quot;:1,&quot;description&quot;:&quot;&quot;,&quot;alttext&quot;:&quot;Aroazes comemora 61 anos de emancipa\\u00e7\\u00e3o pol\\u00edtica nesta segunda-feira&quot;,&quot;thumbnailURL&quot;:&quot;https:\\\/\\\/portalv1.com.br\\\/app\\\/wp-content\\\/uploads\\\/2023\\\/02\\\/IMG_6498-Copy-400x250.jpg&quot;,&quot;style&quot;:&quot;&quot;},{&quot;thumbcode&quot;:&quot;https:\\\/\\\/portalv1.com.br\\\/app\\\/wp-content\\\/uploads\\\/2023\\\/02\\\/IMG_6500-Copy-400x250.jpg&quot;,&quot;imageURL&quot;:&quot;https:\\\/\\\/portalv1.com.br\\\/app\\\/wp-content\\\/uploads\\\/2023\\\/02\\\/IMG_6500-Copy.jpg&quot;,&quot;pid&quot;:140186,&quot;galleryid&quot;:1,&quot;description&quot;:&quot;&quot;,&quot;alttext&quot;:&quot;Aroazes comemora 61 anos de emancipa\\u00e7\\u00e3o pol\\u00edtica nesta segunda-feira&quot;,&quot;thumbnailURL&quot;:&quot;https:\\\/\\\/portalv1.com.br\\\/app\\\/wp-content\\\/uploads\\\/2023\\\/02\\\/IMG_6500-Copy-400x250.jpg&quot;,&quot;style&quot;:&quot;&quot;},{&quot;thumbcode&quot;:&quot;https:\\\/\\\/portalv1.com.br\\\/app\\\/wp-content\\\/uploads\\\/2023\\\/02\\\/IMG_6506-Copy-400x250.jpg&quot;,&quot;imageURL&quot;:&quot;https:\\\/\\\/portalv1.com.br\\\/app\\\/wp-content\\\/uploads\\\/2023\\\/02\\\/IMG_6506-Copy.jpg&quot;,&quot;pid&quot;:140187,&quot;galleryid&quot;:1,&quot;description&quot;:&quot;&quot;,&quot;alttext&quot;:&quot;Aroazes comemora 61 anos de emancipa\\u00e7\\u00e3o pol\\u00edtica nesta segunda-feira&quot;,&quot;thumbnailURL&quot;:&quot;https:\\\/\\\/portalv1.com.br\\\/app\\\/wp-content\\\/uploads\\\/2023\\\/02\\\/IMG_6506-Copy-400x250.jpg&quot;,&quot;style&quot;:&quot;&quot;},{&quot;thumbcode&quot;:&quot;https:\\\/\\\/portalv1.com.br\\\/app\\\/wp-content\\\/uploads\\\/2023\\\/02\\\/IMG_6509-Copy-400x250.jpg&quot;,&quot;imageURL&quot;:&quot;https:\\\/\\\/portalv1.com.br\\\/app\\\/wp-content\\\/uploads\\\/2023\\\/02\\\/IMG_6509-Copy.jpg&quot;,&quot;pid&quot;:140188,&quot;galleryid&quot;:1,&quot;description&quot;:&quot;&quot;,&quot;alttext&quot;:&quot;Aroazes comemora 61 anos de emancipa\\u00e7\\u00e3o pol\\u00edtica nesta segunda-feira&quot;,&quot;thumbnailURL&quot;:&quot;https:\\\/\\\/portalv1.com.br\\\/app\\\/wp-content\\\/uploads\\\/2023\\\/02\\\/IMG_6509-Copy-400x250.jpg&quot;,&quot;style&quot;:&quot;&quot;},{&quot;thumbcode&quot;:&quot;https:\\\/\\\/portalv1.com.br\\\/app\\\/wp-content\\\/uploads\\\/2023\\\/02\\\/IMG_6511-Copy-400x250.jpg&quot;,&quot;imageURL&quot;:&quot;https:\\\/\\\/portalv1.com.br\\\/app\\\/wp-content\\\/uploads\\\/2023\\\/02\\\/IMG_6511-Copy.jpg&quot;,&quot;pid&quot;:140189,&quot;galleryid&quot;:1,&quot;description&quot;:&quot;&quot;,&quot;alttext&quot;:&quot;Aroazes comemora 61 anos de emancipa\\u00e7\\u00e3o pol\\u00edtica nesta segunda-feira&quot;,&quot;thumbnailURL&quot;:&quot;https:\\\/\\\/portalv1.com.br\\\/app\\\/wp-content\\\/uploads\\\/2023\\\/02\\\/IMG_6511-Copy-400x250.jpg&quot;,&quot;style&quot;:&quot;&quot;},{&quot;thumbcode&quot;:&quot;https:\\\/\\\/portalv1.com.br\\\/app\\\/wp-content\\\/uploads\\\/2023\\\/02\\\/IMG_6512-Copy-400x250.jpg&quot;,&quot;imageURL&quot;:&quot;https:\\\/\\\/portalv1.com.br\\\/app\\\/wp-content\\\/uploads\\\/2023\\\/02\\\/IMG_6512-Copy.jpg&quot;,&quot;pid&quot;:140190,&quot;galleryid&quot;:1,&quot;description&quot;:&quot;&quot;,&quot;alttext&quot;:&quot;Aroazes comemora 61 anos de emancipa\\u00e7\\u00e3o pol\\u00edtica nesta segunda-feira&quot;,&quot;thumbnailURL&quot;:&quot;https:\\\/\\\/portalv1.com.br\\\/app\\\/wp-content\\\/uploads\\\/2023\\\/02\\\/IMG_6512-Copy-400x250.jpg&quot;,&quot;style&quot;:&quot;&quot;},{&quot;thumbcode&quot;:&quot;https:\\\/\\\/portalv1.com.br\\\/app\\\/wp-content\\\/uploads\\\/2023\\\/02\\\/IMG_6513-Copy-400x250.jpg&quot;,&quot;imageURL&quot;:&quot;https:\\\/\\\/portalv1.com.br\\\/app\\\/wp-content\\\/uploads\\\/2023\\\/02\\\/IMG_6513-Copy.jpg&quot;,&quot;pid&quot;:140191,&quot;galleryid&quot;:1,&quot;description&quot;:&quot;&quot;,&quot;alttext&quot;:&quot;Aroazes comemora 61 anos de emancipa\\u00e7\\u00e3o pol\\u00edtica nesta segunda-feira&quot;,&quot;thumbnailURL&quot;:&quot;https:\\\/\\\/portalv1.com.br\\\/app\\\/wp-content\\\/uploads\\\/2023\\\/02\\\/IMG_6513-Copy-400x250.jpg&quot;,&quot;style&quot;:&quot;&quot;}]}}\"><\/div>\n                  <\/div>\n","protected":false},"excerpt":{"rendered":"<p>A Prefeitura de Aroazes comemora 61 anos de emancipa\u00e7\u00e3o pol\u00edtica do munic\u00edpio nesta segunda-feira (27), com uma vasta programa\u00e7\u00e3o. O dia teve in\u00edcio com alvorada, hasteamento da bandeira e discurso&#8230;<\/p>\n","protected":false},"author":1,"featured_media":140184,"comment_status":"open","ping_status":"open","sticky":false,"template":"","format":"standard","meta":{"ngg_post_thumbnail":0,"footnotes":""},"categories":[243],"tags":[],"class_list":["post-140100","post","type-post","status-publish","format-standard","has-post-thumbnail","hentry","category-geral"],"views":639,"meta_data":{"thumb":"https:\/\/portalv1.com.br\/app\/wp-content\/uploads\/2023\/02\/IMG_6496-Copy.jpg","imagem":{"fullsize":{"url":"https:\/\/portalv1.com.br\/app\/wp-content\/uploads\/2023\/02\/IMG_6496-Copy.jpg","width":1024,"height":683},"medium":{"url":"https:\/\/portalv1.com.br\/app\/wp-content\/uploads\/2023\/02\/IMG_6496-Copy-300x200.jpg","width":300,"height":200},"large":{"url":"https:\/\/portalv1.com.br\/app\/wp-content\/uploads\/2023\/02\/IMG_6496-Copy-640x427.jpg","width":640,"height":427},"thumbnail":{"url":"https:\/\/portalv1.com.br\/app\/wp-content\/uploads\/2023\/02\/IMG_6496-Copy-100x100.jpg","width":100,"height":100},"medium_large":{"url":"https:\/\/portalv1.com.br\/app\/wp-content\/uploads\/2023\/02\/IMG_6496-Copy-768x512.jpg","width":768,"height":512}},"data":{"simple":"27\/02\/2023","date_time":"27\/02\/2023 12:11:09","date":"h\u00e1 3 anos"},"chapeu":"Fotos e video","source":"slide"},"_links":{"self":[{"href":"https:\/\/portalv1.com.br\/api\/wp\/v2\/posts\/140100","targetHints":{"allow":["GET"]}}],"collection":[{"href":"https:\/\/portalv1.com.br\/api\/wp\/v2\/posts"}],"about":[{"href":"https:\/\/portalv1.com.br\/api\/wp\/v2\/types\/post"}],"author":[{"embeddable":true,"href":"https:\/\/portalv1.com.br\/api\/wp\/v2\/users\/1"}],"replies":[{"embeddable":true,"href":"https:\/\/portalv1.com.br\/api\/wp\/v2\/comments?post=140100"}],"version-history":[{"count":0,"href":"https:\/\/portalv1.com.br\/api\/wp\/v2\/posts\/140100\/revisions"}],"wp:featuredmedia":[{"embeddable":true,"href":"https:\/\/portalv1.com.br\/api\/wp\/v2\/media\/140184"}],"wp:attachment":[{"href":"https:\/\/portalv1.com.br\/api\/wp\/v2\/media?parent=140100"}],"wp:term":[{"taxonomy":"category","embeddable":true,"href":"https:\/\/portalv1.com.br\/api\/wp\/v2\/categories?post=140100"},{"taxonomy":"post_tag","embeddable":true,"href":"https:\/\/portalv1.com.br\/api\/wp\/v2\/tags?post=140100"}],"curies":[{"name":"wp","href":"https:\/\/api.w.org\/{rel}","templated":true}]}}