{"id":140716,"date":"2023-03-07T23:08:48","date_gmt":"2023-03-08T02:08:48","guid":{"rendered":"https:\/\/portalv1.com.br\/?p=140716"},"modified":"2023-03-07T23:08:48","modified_gmt":"2023-03-08T02:08:48","slug":"ex-arcebispo-de-teresina-dom-sergio-da-rocha-e-nomeado-para-o-conselho-de-cardeais","status":"publish","type":"post","link":"https:\/\/portalv1.com.br\/ex-arcebispo-de-teresina-dom-sergio-da-rocha-e-nomeado-para-o-conselho-de-cardeais\/","title":{"rendered":"Ex-Arcebispo de Teresina, Dom S\u00e9rgio da Rocha \u00e9 nomeado para o Conselho de Cardeais"},"content":{"rendered":"<p><a href=\"https:\/\/portalv1.com.br\/app\/wp-content\/uploads\/2023\/03\/imagem-1080.jpg\"><img loading=\"lazy\" decoding=\"async\" class=\"aligncenter size-full wp-image-140717\" src=\"https:\/\/portalv1.com.br\/app\/wp-content\/uploads\/2023\/03\/imagem-1080.jpg\" alt=\"\" width=\"640\" height=\"480\" srcset=\"https:\/\/portalv1.com.br\/app\/wp-content\/uploads\/2023\/03\/imagem-1080.jpg 640w, https:\/\/portalv1.com.br\/app\/wp-content\/uploads\/2023\/03\/imagem-1080-300x225.jpg 300w\" sizes=\"auto, (max-width: 640px) 100vw, 640px\" \/><\/a>O ex-Arcebispo de Teresina, Dom S\u00e9rgio da Rocha, foi nomeado pelo Papa Francisco para integrar o Conselho de Cardeais. O Conselho auxilia diretamente o Papa nas suas decis\u00f5es.<\/p>\n<p>Dom S\u00e9rgio \u00e9 o atual Arcebispo de Salvador e, tamb\u00e9m, membro do Conselho do S\u00ednodo dos Bispos e da Pontif\u00edcia Comiss\u00e3o para a Am\u00e9rica Latina. Ao ser comunicado da sua nomea\u00e7\u00e3o, ele disse: \u201ceste \u00e9 mais um servi\u00e7o que sou chamado a prestar \u00e0 Igreja, colaborando com o Papa, e n\u00e3o uma honraria. Agrade\u00e7o profundamente ao Papa Francisco e pe\u00e7o as ora\u00e7\u00f5es de todos\u201d.<\/p>\n<p>Dom S\u00e9rgio da Rocha \u00e9 paulista. Foi nomeado Bispo auxiliar de Fortaleza pela Papa Jo\u00e3o Paulo II. Assumiu a Arquidiocese de Teresina em 2008, nomeado pela Papa Bento XVI. Ele tamb\u00e9m j\u00e1 presidiu a CNBB \u2013 Confer\u00eancia Nacional dos Bispos do Brasil.<\/p>\n<p>Mesmo integrando o Conselho de Cardeais, Dom S\u00e9rgio continuar\u00e1 sua miss\u00e3o como Arcebispo Primaz do Brasil, em Salvador.<\/p>\n<p>Fonte; cidadeberde.com<\/p>\n","protected":false},"excerpt":{"rendered":"<p>O ex-Arcebispo de Teresina, Dom S\u00e9rgio da Rocha, foi nomeado pelo Papa Francisco para integrar o Conselho de Cardeais. O Conselho auxilia diretamente o Papa nas suas decis\u00f5es. Dom S\u00e9rgio&#8230;<\/p>\n","protected":false},"author":1,"featured_media":140717,"comment_status":"open","ping_status":"open","sticky":false,"template":"","format":"standard","meta":{"ngg_post_thumbnail":0,"footnotes":""},"categories":[243],"tags":[],"class_list":["post-140716","post","type-post","status-publish","format-standard","has-post-thumbnail","hentry","category-geral"],"views":211,"meta_data":{"thumb":"https:\/\/portalv1.com.br\/app\/wp-content\/uploads\/2023\/03\/imagem-1080.jpg","imagem":{"fullsize":{"url":"https:\/\/portalv1.com.br\/app\/wp-content\/uploads\/2023\/03\/imagem-1080.jpg","width":640,"height":480},"medium":{"url":"https:\/\/portalv1.com.br\/app\/wp-content\/uploads\/2023\/03\/imagem-1080-300x225.jpg","width":300,"height":225},"thumbnail":{"url":"https:\/\/portalv1.com.br\/app\/wp-content\/uploads\/2023\/03\/imagem-1080-100x100.jpg","width":100,"height":100}},"data":{"simple":"07\/03\/2023","date_time":"07\/03\/2023 20:08:48","date":"h\u00e1 3 anos"},"chapeu":"Fotos e video","source":"slide"},"_links":{"self":[{"href":"https:\/\/portalv1.com.br\/api\/wp\/v2\/posts\/140716","targetHints":{"allow":["GET"]}}],"collection":[{"href":"https:\/\/portalv1.com.br\/api\/wp\/v2\/posts"}],"about":[{"href":"https:\/\/portalv1.com.br\/api\/wp\/v2\/types\/post"}],"author":[{"embeddable":true,"href":"https:\/\/portalv1.com.br\/api\/wp\/v2\/users\/1"}],"replies":[{"embeddable":true,"href":"https:\/\/portalv1.com.br\/api\/wp\/v2\/comments?post=140716"}],"version-history":[{"count":0,"href":"https:\/\/portalv1.com.br\/api\/wp\/v2\/posts\/140716\/revisions"}],"wp:featuredmedia":[{"embeddable":true,"href":"https:\/\/portalv1.com.br\/api\/wp\/v2\/media\/140717"}],"wp:attachment":[{"href":"https:\/\/portalv1.com.br\/api\/wp\/v2\/media?parent=140716"}],"wp:term":[{"taxonomy":"category","embeddable":true,"href":"https:\/\/portalv1.com.br\/api\/wp\/v2\/categories?post=140716"},{"taxonomy":"post_tag","embeddable":true,"href":"https:\/\/portalv1.com.br\/api\/wp\/v2\/tags?post=140716"}],"curies":[{"name":"wp","href":"https:\/\/api.w.org\/{rel}","templated":true}]}}