{"id":14077,"date":"2012-11-14T16:17:32","date_gmt":"2012-11-14T19:17:32","guid":{"rendered":"https:\/\/portalv1.com.br\/?p=14077"},"modified":"2012-11-17T16:30:22","modified_gmt":"2012-11-17T19:30:22","slug":"assis-brasil-recebeu-o-titulo-de-doutor-honoris-causa-da-ufpi-fotos","status":"publish","type":"post","link":"https:\/\/portalv1.com.br\/assis-brasil-recebeu-o-titulo-de-doutor-honoris-causa-da-ufpi-fotos\/","title":{"rendered":"Assis Brasil recebeu o t\u00edtulo de Doutor Honoris Causa da UFPI. Fotos"},"content":{"rendered":"<figure id=\"attachment_14078\" aria-describedby=\"caption-attachment-14078\" style=\"width: 300px\" class=\"wp-caption alignright\"><a href=\"https:\/\/portalv1.com.br\/app\/wp-content\/uploads\/2012\/11\/kassioassisbrasil.jpg\"><img loading=\"lazy\" decoding=\"async\" class=\"size-medium wp-image-14078\" title=\"kassioassisbrasil\" src=\"https:\/\/portalv1.com.br\/app\/wp-content\/uploads\/2012\/11\/kassioassisbrasil-300x225.jpg\" alt=\"\" width=\"300\" height=\"225\" srcset=\"https:\/\/portalv1.com.br\/app\/wp-content\/uploads\/2012\/11\/kassioassisbrasil-300x225.jpg 300w, https:\/\/portalv1.com.br\/app\/wp-content\/uploads\/2012\/11\/kassioassisbrasil.jpg 450w\" sizes=\"auto, (max-width: 300px) 100vw, 300px\" \/><\/a><figcaption id=\"caption-attachment-14078\" class=\"wp-caption-text\">Escritor Assis Brasil e professor K\u00e1ssio Gomes<\/figcaption><\/figure>\n<p>O escritor Assis Brasil, recebeu, por iniciativa da Professora Doutoranda, Jasmine Malta, a maior distin\u00e7\u00e3o da UFPI \u2013 o T\u00edtulo de Doutor Honoris Causa, em reconhecimento \u00e0 sua valiosa contribui\u00e7\u00e3o \u00e0s letras brasileiras.<\/p>\n<p>Assis Brasil nasceu em 18 de fevereiro de 1932 em Parna\u00edba, Piau\u00ed, cidade onde existe uma funda\u00e7\u00e3o com o seu nome. Em 2006, foi homenageado no 4 \u00ba Sal\u00e3o do Livro do Piau\u00ed. Al\u00e9m de membro da Academia Piauiense e Parnaibana de Letras, j\u00e1 publicou mais 100 obras (ensaios, romances, livros infantis, \u00e9picos) entre os romances de maior destaque, est\u00e3o: Beira Rio, Beira Vida (1965); A Filha do Meio Quilo (1966); Os que Bebem como os C\u00e3es (1975).<\/p>\n<p>Em Valen\u00e7a do Piau\u00ed, o escritor Assis Brasil foi o homenageado do 5\u00ba SALIVA (Sal\u00e3o do Livro de Valen\u00e7a) uma realiza\u00e7\u00e3o da Associa\u00e7\u00e3o de Diletantes da Cultura Hist\u00f3rica Valenciana (ADICH) e que por falta de apoio institucional encontra-se desativado h\u00e1 dois anos.<\/p>\n<p>Estiveram presentes na solenidade, al\u00e9m do colendo conselho da UFPI e seu Magn\u00edfico Reitor, Luiz dos Santos J\u00fanior, o professor K\u00e1ssio Gomes (de Valen\u00e7a) atual presidente da Funda\u00e7\u00e3o Quixote, professor Luiz Romero Lima, professora Jasmine Malta respons\u00e1vel pela indica\u00e7\u00e3o do t\u00edtulo ao Escritor, professor Cineas Santos, professor Fonseca Neto, o membro da APL Herculano Moraes, professor Wellington Soares, jornalistas de portais e tv\u2019s de todo o Estado.<\/p>\n<p>A solenidade foi presidida pelo reitor Luiz de Sousa Santos J\u00fanior, acompanhado dos demais membros do conselho universit\u00e1rio, trajados das vestes talares. O reitor leu o termo indagativo, perguntando se Assis Brasil aceitava receber o t\u00edtulo. &#8220;A academia se curva aos seus conhecimentos, pois \u00e9 digno dessa honraria&#8221;, disse.<\/p>\n<p>&#8220;Agrade\u00e7o do fundo meu cora\u00e7\u00e3o, \u00e9 uma honra. Como escritor sou um observador da vida, o ser humano \u00e9 minha mat\u00e9ria-prima&#8221;, declarou Assis Brasil.<\/p>\n<p>&nbsp;<\/p>\n<p><strong><div class=\"ngg-galleryoverview\" data-widget=\"Galeria\" data-props='{&quot;galeria&quot;:{&quot;gallery_id&quot;:997,&quot;total&quot;:13,&quot;max_page&quot;:1,&quot;page&quot;:1,&quot;images&quot;:[{&quot;pid&quot;:18051,&quot;imageURL&quot;:&quot;https:\\\/\\\/portalv1.com.br\\\/app\\\/wp-content\\\/gallery\\\/assisbrasil\\\/assis-brasil-recebe-titulo-de-doutor-honoris-causa-153652.jpg?t=1712854863&quot;,&quot;thumbnailURL&quot;:&quot;https:\\\/\\\/portalv1.com.br\\\/app\\\/wp-content\\\/gallery\\\/assisbrasil\\\/thumbs\\\/thumbs_assis-brasil-recebe-titulo-de-doutor-honoris-causa-153652.jpg?t=1712854863&quot;,&quot;description&quot;:&quot; &quot;,&quot;alttext&quot;:&quot;assis-brasil-recebe-titulo-de-doutor-honoris-causa-153652&quot;,&quot;style&quot;:&quot;&quot;},{&quot;pid&quot;:18052,&quot;imageURL&quot;:&quot;https:\\\/\\\/portalv1.com.br\\\/app\\\/wp-content\\\/gallery\\\/assisbrasil\\\/assis-brasil-recebe-titulo-de-doutor-honoris-causa-153653.jpg?t=1712853166&quot;,&quot;thumbnailURL&quot;:&quot;https:\\\/\\\/portalv1.com.br\\\/app\\\/wp-content\\\/gallery\\\/assisbrasil\\\/thumbs\\\/thumbs_assis-brasil-recebe-titulo-de-doutor-honoris-causa-153653.jpg?t=1712853166&quot;,&quot;description&quot;:&quot; &quot;,&quot;alttext&quot;:&quot;assis-brasil-recebe-titulo-de-doutor-honoris-causa-153653&quot;,&quot;style&quot;:&quot;&quot;},{&quot;pid&quot;:18053,&quot;imageURL&quot;:&quot;https:\\\/\\\/portalv1.com.br\\\/app\\\/wp-content\\\/gallery\\\/assisbrasil\\\/assis-brasil-recebe-titulo-de-doutor-honoris-causa-153667.jpg?t=1712854091&quot;,&quot;thumbnailURL&quot;:&quot;https:\\\/\\\/portalv1.com.br\\\/app\\\/wp-content\\\/gallery\\\/assisbrasil\\\/thumbs\\\/thumbs_assis-brasil-recebe-titulo-de-doutor-honoris-causa-153667.jpg?t=1712854091&quot;,&quot;description&quot;:&quot; &quot;,&quot;alttext&quot;:&quot;assis-brasil-recebe-titulo-de-doutor-honoris-causa-153667&quot;,&quot;style&quot;:&quot;&quot;},{&quot;pid&quot;:18054,&quot;imageURL&quot;:&quot;https:\\\/\\\/portalv1.com.br\\\/app\\\/wp-content\\\/gallery\\\/assisbrasil\\\/dsc03178.jpg?t=1712854015&quot;,&quot;thumbnailURL&quot;:&quot;https:\\\/\\\/portalv1.com.br\\\/app\\\/wp-content\\\/gallery\\\/assisbrasil\\\/thumbs\\\/thumbs_dsc03178.jpg?t=1712854015&quot;,&quot;description&quot;:&quot; &quot;,&quot;alttext&quot;:&quot;dsc03178&quot;,&quot;style&quot;:&quot;&quot;},{&quot;pid&quot;:18055,&quot;imageURL&quot;:&quot;https:\\\/\\\/portalv1.com.br\\\/app\\\/wp-content\\\/gallery\\\/assisbrasil\\\/dsc03212.jpg?t=1712848292&quot;,&quot;thumbnailURL&quot;:&quot;https:\\\/\\\/portalv1.com.br\\\/app\\\/wp-content\\\/gallery\\\/assisbrasil\\\/thumbs\\\/thumbs_dsc03212.jpg?t=1712848292&quot;,&quot;description&quot;:&quot; &quot;,&quot;alttext&quot;:&quot;dsc03212&quot;,&quot;style&quot;:&quot;&quot;},{&quot;pid&quot;:18056,&quot;imageURL&quot;:&quot;https:\\\/\\\/portalv1.com.br\\\/app\\\/wp-content\\\/gallery\\\/assisbrasil\\\/honoris-causa-1.jpg?t=1712849079&quot;,&quot;thumbnailURL&quot;:&quot;https:\\\/\\\/portalv1.com.br\\\/app\\\/wp-content\\\/gallery\\\/assisbrasil\\\/thumbs\\\/thumbs_honoris-causa-1.jpg?t=1712849079&quot;,&quot;description&quot;:&quot; &quot;,&quot;alttext&quot;:&quot;honoris-causa-1&quot;,&quot;style&quot;:&quot;&quot;},{&quot;pid&quot;:18057,&quot;imageURL&quot;:&quot;https:\\\/\\\/portalv1.com.br\\\/app\\\/wp-content\\\/gallery\\\/assisbrasil\\\/honoris-causa-2.jpg?t=1712850543&quot;,&quot;thumbnailURL&quot;:&quot;https:\\\/\\\/portalv1.com.br\\\/app\\\/wp-content\\\/gallery\\\/assisbrasil\\\/thumbs\\\/thumbs_honoris-causa-2.jpg?t=1712850543&quot;,&quot;description&quot;:&quot; &quot;,&quot;alttext&quot;:&quot;honoris-causa-2&quot;,&quot;style&quot;:&quot;&quot;},{&quot;pid&quot;:18058,&quot;imageURL&quot;:&quot;https:\\\/\\\/portalv1.com.br\\\/app\\\/wp-content\\\/gallery\\\/assisbrasil\\\/honoris-causa-3.jpg?t=1712854554&quot;,&quot;thumbnailURL&quot;:&quot;https:\\\/\\\/portalv1.com.br\\\/app\\\/wp-content\\\/gallery\\\/assisbrasil\\\/thumbs\\\/thumbs_honoris-causa-3.jpg?t=1712854554&quot;,&quot;description&quot;:&quot; &quot;,&quot;alttext&quot;:&quot;honoris-causa-3&quot;,&quot;style&quot;:&quot;&quot;},{&quot;pid&quot;:18059,&quot;imageURL&quot;:&quot;https:\\\/\\\/portalv1.com.br\\\/app\\\/wp-content\\\/gallery\\\/assisbrasil\\\/img_3217.jpg?t=1712854400&quot;,&quot;thumbnailURL&quot;:&quot;https:\\\/\\\/portalv1.com.br\\\/app\\\/wp-content\\\/gallery\\\/assisbrasil\\\/thumbs\\\/thumbs_img_3217.jpg?t=1712854400&quot;,&quot;description&quot;:&quot; &quot;,&quot;alttext&quot;:&quot;img_3217&quot;,&quot;style&quot;:&quot;&quot;},{&quot;pid&quot;:18060,&quot;imageURL&quot;:&quot;https:\\\/\\\/portalv1.com.br\\\/app\\\/wp-content\\\/gallery\\\/assisbrasil\\\/img_3224.jpg?t=1712854632&quot;,&quot;thumbnailURL&quot;:&quot;https:\\\/\\\/portalv1.com.br\\\/app\\\/wp-content\\\/gallery\\\/assisbrasil\\\/thumbs\\\/thumbs_img_3224.jpg?t=1712854632&quot;,&quot;description&quot;:&quot; &quot;,&quot;alttext&quot;:&quot;img_3224&quot;,&quot;style&quot;:&quot;&quot;},{&quot;pid&quot;:18061,&quot;imageURL&quot;:&quot;https:\\\/\\\/portalv1.com.br\\\/app\\\/wp-content\\\/gallery\\\/assisbrasil\\\/img_3232.jpg?t=1712853713&quot;,&quot;thumbnailURL&quot;:&quot;https:\\\/\\\/portalv1.com.br\\\/app\\\/wp-content\\\/gallery\\\/assisbrasil\\\/thumbs\\\/thumbs_img_3232.jpg?t=1712853713&quot;,&quot;description&quot;:&quot; &quot;,&quot;alttext&quot;:&quot;img_3232&quot;,&quot;style&quot;:&quot;&quot;},{&quot;pid&quot;:18062,&quot;imageURL&quot;:&quot;https:\\\/\\\/portalv1.com.br\\\/app\\\/wp-content\\\/gallery\\\/assisbrasil\\\/img_3238.jpg?t=1712850620&quot;,&quot;thumbnailURL&quot;:&quot;https:\\\/\\\/portalv1.com.br\\\/app\\\/wp-content\\\/gallery\\\/assisbrasil\\\/thumbs\\\/thumbs_img_3238.jpg?t=1712850620&quot;,&quot;description&quot;:&quot; &quot;,&quot;alttext&quot;:&quot;img_3238&quot;,&quot;style&quot;:&quot;&quot;},{&quot;pid&quot;:18063,&quot;imageURL&quot;:&quot;https:\\\/\\\/portalv1.com.br\\\/app\\\/wp-content\\\/gallery\\\/assisbrasil\\\/img_3337.jpg?t=1712853783&quot;,&quot;thumbnailURL&quot;:&quot;https:\\\/\\\/portalv1.com.br\\\/app\\\/wp-content\\\/gallery\\\/assisbrasil\\\/thumbs\\\/thumbs_img_3337.jpg?t=1712853783&quot;,&quot;description&quot;:&quot; &quot;,&quot;alttext&quot;:&quot;img_3337&quot;,&quot;style&quot;:&quot;&quot;}]}}'><\/div><\/strong>.<\/p>\n<p>Colabora\u00e7\u00e3o: K\u00e1ssio Gomes<\/p>\n","protected":false},"excerpt":{"rendered":"<p>O escritor Assis Brasil, recebeu, por iniciativa da Professora Doutoranda, Jasmine Malta, a maior distin\u00e7\u00e3o da UFPI \u2013 o T\u00edtulo de Doutor Honoris Causa, em reconhecimento \u00e0 sua valiosa contribui\u00e7\u00e3o&#8230;<\/p>\n","protected":false},"author":1,"featured_media":0,"comment_status":"open","ping_status":"open","sticky":false,"template":"","format":"standard","meta":{"ngg_post_thumbnail":0,"footnotes":""},"categories":[12],"tags":[],"class_list":["post-14077","post","type-post","status-publish","format-standard","hentry","category-valenca-news"],"views":534,"meta_data":{"thumb":"https:\/\/portalv1.com.br\/app\/wp-content\/uploads\/2012\/11\/kassioassisbrasil.jpg","data":{"simple":"14\/11\/2012","date_time":"14\/11\/2012 13:17:32","date":"h\u00e1 13 anos"},"chapeu":"Doutor Honoris Causa","source":"foto_menor"},"_links":{"self":[{"href":"https:\/\/portalv1.com.br\/api\/wp\/v2\/posts\/14077","targetHints":{"allow":["GET"]}}],"collection":[{"href":"https:\/\/portalv1.com.br\/api\/wp\/v2\/posts"}],"about":[{"href":"https:\/\/portalv1.com.br\/api\/wp\/v2\/types\/post"}],"author":[{"embeddable":true,"href":"https:\/\/portalv1.com.br\/api\/wp\/v2\/users\/1"}],"replies":[{"embeddable":true,"href":"https:\/\/portalv1.com.br\/api\/wp\/v2\/comments?post=14077"}],"version-history":[{"count":0,"href":"https:\/\/portalv1.com.br\/api\/wp\/v2\/posts\/14077\/revisions"}],"wp:attachment":[{"href":"https:\/\/portalv1.com.br\/api\/wp\/v2\/media?parent=14077"}],"wp:term":[{"taxonomy":"category","embeddable":true,"href":"https:\/\/portalv1.com.br\/api\/wp\/v2\/categories?post=14077"},{"taxonomy":"post_tag","embeddable":true,"href":"https:\/\/portalv1.com.br\/api\/wp\/v2\/tags?post=14077"}],"curies":[{"name":"wp","href":"https:\/\/api.w.org\/{rel}","templated":true}]}}