{"id":14151,"date":"2012-11-22T23:56:10","date_gmt":"2012-11-23T02:56:10","guid":{"rendered":"https:\/\/portalv1.com.br\/?p=14151"},"modified":"2012-11-22T23:56:10","modified_gmt":"2012-11-23T02:56:10","slug":"conselho-seccional-da-oab-pi-se-reune-e-marca-eleicao-para-sabado-24","status":"publish","type":"post","link":"https:\/\/portalv1.com.br\/conselho-seccional-da-oab-pi-se-reune-e-marca-eleicao-para-sabado-24\/","title":{"rendered":"Conselho Seccional da OAB-PI se re\u00fane e marca elei\u00e7\u00e3o para s\u00e1bado (24)"},"content":{"rendered":"<figure id=\"attachment_13883\" aria-describedby=\"caption-attachment-13883\" style=\"width: 300px\" class=\"wp-caption alignright\"><a href=\"https:\/\/portalv1.com.br\/app\/wp-content\/uploads\/2012\/10\/oab.jpg\"><img loading=\"lazy\" decoding=\"async\" class=\"size-medium wp-image-13883\" title=\"oab\" src=\"https:\/\/portalv1.com.br\/app\/wp-content\/uploads\/2012\/10\/oab-300x225.jpg\" alt=\"\" width=\"300\" height=\"225\" srcset=\"https:\/\/portalv1.com.br\/app\/wp-content\/uploads\/2012\/10\/oab-300x225.jpg 300w, https:\/\/portalv1.com.br\/app\/wp-content\/uploads\/2012\/10\/oab.jpg 450w\" sizes=\"auto, (max-width: 300px) 100vw, 300px\" \/><\/a><figcaption id=\"caption-attachment-13883\" class=\"wp-caption-text\">As elei\u00e7\u00f5es acontecem dia 24 de novembro<\/figcaption><\/figure>\n<p>Durante sess\u00e3o extraordin\u00e1ria, realizada na noite desta quarta-feira (21), o Conselho Pleno da Ordem dos Advogados do Brasil, Sec\u00e7\u00e3o Piau\u00ed, definiu a nova data para a realiza\u00e7\u00e3o das elei\u00e7\u00f5es para a diretoria da Ordem: ser\u00e1 s\u00e1bado (24), entre as 9h e 17h. Os advogados de todo o Estado ir\u00e3o \u00e0s urnas para escolher a nova diretoria da OAB-PI, da Caixa de Assist\u00eancia dos Advogados e das 11 subse\u00e7\u00f5es da entidade.<\/p>\n<p>O Conselho Pleno da Seccional se reuniu ap\u00f3s decis\u00e3o, proferida nessa ter\u00e7a-feira (20), do Tribunal Regional Federal da 1\u00aa Regi\u00e3o, que determinava \u00e0 OAB-PI a compet\u00eancia para decidir o dia da elei\u00e7\u00e3o.<\/p>\n<p>Conforme j\u00e1 estabelecido, as urnas eletr\u00f4nicas ser\u00e3o instaladas na sede da OAB-PI, localizada na Rua Governador Tib\u00e9rio Nunes, S\/N, Teresina, para a vota\u00e7\u00e3o deste s\u00e1bado (24). No interior do Estado, a sede do Conselho Seccional nas Subse\u00e7\u00f5es de Parna\u00edba, Picos, Floriano, Corrente, \u00c1gua Branca, Oeiras, Campo Maior, Bom Jesus e S\u00e3o Raimundo Nonato funcionar\u00e3o como postos de vota\u00e7\u00e3o. J\u00e1 em Piripiri, a vota\u00e7\u00e3o ser\u00e1 realizada na sede do F\u00f3rum Des. Jo\u00e3o Tur\u00edbio, localizado na Rua Avelino Resende, S\/N, bairro Centro; e em Valen\u00e7a, no F\u00f3rum Des. Arlindo Nogueira, localizado na Rua Epaminondas Nogueira, S\/N, bairro Centro.<\/p>\n<p>Para votar, o advogado eleitor dever\u00e1 apresentar a Carteira de Identidade Profissional ou um documento de identifica\u00e7\u00e3o com foto. Somente poder\u00e3o votar os advogados que regularizaram sua situa\u00e7\u00e3o financeira junto \u00e0 Tesouraria da Seccional at\u00e9 20 de outubro deste ano. Ser\u00e1 vedada, ainda, a vota\u00e7\u00e3o em tr\u00e2nsito, ou seja, cada advogado s\u00f3 poder\u00e1 exercer o direito \u00e0 democracia no local que lhe for designado.<\/p>\n<p>Al\u00e9m da elei\u00e7\u00e3o estadual acontecer\u00e1 as elei\u00e7\u00f5es da subse\u00e7\u00f5es do OAB-PI, em Valen\u00e7a apenas uma chapa encabe\u00e7ada pelo advogado Dr. Mauro Rubens concorre ao pleito. Integram a chapa ainda os advogados Rol\u00e2ndia Gomes (vice-presidente), Jos\u00e9 Itamar (secret\u00e1rio), Albino Coelho (tesoureiro) e Valter Marinho como secret\u00e1rio adjunto.<\/p>\n<p>A divulga\u00e7\u00e3o do resultado est\u00e1 prevista para as 19h do mesmo dia. Os nomes dos eleitos ser\u00e3o publicados no site da OAB-PI e na sede da Seccional.<\/p>\n","protected":false},"excerpt":{"rendered":"<p>Durante sess\u00e3o extraordin\u00e1ria, realizada na noite desta quarta-feira (21), o Conselho Pleno da Ordem dos Advogados do Brasil, Sec\u00e7\u00e3o Piau\u00ed, definiu a nova data para a realiza\u00e7\u00e3o das elei\u00e7\u00f5es para&#8230;<\/p>\n","protected":false},"author":1,"featured_media":0,"comment_status":"open","ping_status":"open","sticky":false,"template":"","format":"standard","meta":{"ngg_post_thumbnail":0,"footnotes":""},"categories":[12],"tags":[],"class_list":["post-14151","post","type-post","status-publish","format-standard","hentry","category-valenca-news"],"views":390,"meta_data":{"thumb":"https:\/\/portalv1.com.br\/app\/wp-content\/uploads\/2012\/10\/oab.jpg","data":{"simple":"22\/11\/2012","date_time":"22\/11\/2012 20:56:10","date":"h\u00e1 13 anos"},"chapeu":"OAB-PI","source":"slide"},"_links":{"self":[{"href":"https:\/\/portalv1.com.br\/api\/wp\/v2\/posts\/14151","targetHints":{"allow":["GET"]}}],"collection":[{"href":"https:\/\/portalv1.com.br\/api\/wp\/v2\/posts"}],"about":[{"href":"https:\/\/portalv1.com.br\/api\/wp\/v2\/types\/post"}],"author":[{"embeddable":true,"href":"https:\/\/portalv1.com.br\/api\/wp\/v2\/users\/1"}],"replies":[{"embeddable":true,"href":"https:\/\/portalv1.com.br\/api\/wp\/v2\/comments?post=14151"}],"version-history":[{"count":0,"href":"https:\/\/portalv1.com.br\/api\/wp\/v2\/posts\/14151\/revisions"}],"wp:attachment":[{"href":"https:\/\/portalv1.com.br\/api\/wp\/v2\/media?parent=14151"}],"wp:term":[{"taxonomy":"category","embeddable":true,"href":"https:\/\/portalv1.com.br\/api\/wp\/v2\/categories?post=14151"},{"taxonomy":"post_tag","embeddable":true,"href":"https:\/\/portalv1.com.br\/api\/wp\/v2\/tags?post=14151"}],"curies":[{"name":"wp","href":"https:\/\/api.w.org\/{rel}","templated":true}]}}