{"id":14163,"date":"2012-11-24T01:21:32","date_gmt":"2012-11-24T04:21:32","guid":{"rendered":"https:\/\/portalv1.com.br\/?p=14163"},"modified":"2012-11-24T01:21:32","modified_gmt":"2012-11-24T04:21:32","slug":"pai-recupera-recem-nascido-vendido-pela-mae-por-r-300","status":"publish","type":"post","link":"https:\/\/portalv1.com.br\/pai-recupera-recem-nascido-vendido-pela-mae-por-r-300\/","title":{"rendered":"Pai recupera rec\u00e9m-nascido vendido pela m\u00e3e por R$ 300"},"content":{"rendered":"<figure id=\"attachment_14164\" aria-describedby=\"caption-attachment-14164\" style=\"width: 300px\" class=\"wp-caption alignright\"><a href=\"https:\/\/portalv1.com.br\/app\/wp-content\/uploads\/2012\/11\/pai.jpg\"><img loading=\"lazy\" decoding=\"async\" class=\"size-medium wp-image-14164\" title=\"pai\" src=\"https:\/\/portalv1.com.br\/app\/wp-content\/uploads\/2012\/11\/pai-300x183.jpg\" alt=\"\" width=\"300\" height=\"183\" srcset=\"https:\/\/portalv1.com.br\/app\/wp-content\/uploads\/2012\/11\/pai-300x183.jpg 300w, https:\/\/portalv1.com.br\/app\/wp-content\/uploads\/2012\/11\/pai.jpg 610w\" sizes=\"auto, (max-width: 300px) 100vw, 300px\" \/><\/a><figcaption id=\"caption-attachment-14164\" class=\"wp-caption-text\">A compradora seria uma mulher de Gl\u00f3ria de Dourado (MS),<\/figcaption><\/figure>\n<p>Uma mulher que at\u00e9 o momento teve apenas o primeiro nome divulgado (Suely), moradora de S\u00e3o Pedro do Iva\u00ed, norte do Paran\u00e1, foi denunciada pelo pr\u00f3prio marido ap\u00f3s supostamente vender o pr\u00f3prio filho rec\u00e9m-nascido por R$ 300. A pol\u00edcia conseguiu recuperar a crian\u00e7a, que estava com uma fam\u00edlia do Mato Grosso do Sul.<\/p>\n<p>O homem relatou que deixou a esposa gr\u00e1vida em S\u00e3o Pedro do Iva\u00ed e foi viajar a trabalho, quando voltou para ver o filho, ela n\u00e3o estava com a crian\u00e7a. O menino teria nascido no dia 3 de novembro e a mulher efetuou a suposta venda no dia 7, em Jandaia do Sul.<\/p>\n<p>A compradora seria uma mulher de Gl\u00f3ria de Dourado (MS), que conheceu a m\u00e3e do beb\u00ea pelo facebook. \u201cO que n\u00f3s sabemos \u00e9 que a m\u00e3e, em conversa pela internet, combinou com a mulher a venda da crian\u00e7a. A compradora tinha perdido o filho no sexto m\u00eas de gesta\u00e7\u00e3o e, em seguida, fantasiou uma gravidez por motivos que ainda s\u00e3o investigados. Ap\u00f3s tudo acordado, ela veio do Mato Grosso (do Sul), as duas se encontraram em Jandaia, e no local registraram a crian\u00e7a e finalizaram a negocia\u00e7\u00e3o\u201d, afirmou o delegado de Jandaia do Sul, \u00cdtalo Sega, ao jornal <strong>Tribuna do Norte.<\/strong><\/p>\n<p>Ap\u00f3s a den\u00fancia, o delegado e o superintendente La\u00e9rcio Rodrigues viajaram para o Mato Grosso do Sul e retornaram na madrugada desta quinta-feira (22), trazendo o beb\u00ea. A crian\u00e7a de apenas 18 dias j\u00e1 foi entregue ao pai.<\/p>\n<p>A m\u00e3e disse ao Conselho Tutelar que sofreu de depress\u00e3o p\u00f3s-parto e que passa por tratamento psicol\u00f3gico. Nem ela nem a mulher que recebeu o beb\u00ea foram presas. \u00a0A m\u00e3e vai responder pelos crimes de abandono de incapaz e ado\u00e7\u00e3o ilegal. J\u00e1 a outra mulher, por ado\u00e7\u00e3o ilegal e subtra\u00e7\u00e3o de incapaz.<\/p>\n<p>Fonte: Uol<\/p>\n","protected":false},"excerpt":{"rendered":"<p>Uma mulher que at\u00e9 o momento teve apenas o primeiro nome divulgado (Suely), moradora de S\u00e3o Pedro do Iva\u00ed, norte do Paran\u00e1, foi denunciada pelo pr\u00f3prio marido ap\u00f3s supostamente vender&#8230;<\/p>\n","protected":false},"author":1,"featured_media":0,"comment_status":"open","ping_status":"open","sticky":false,"template":"","format":"standard","meta":{"ngg_post_thumbnail":0,"footnotes":""},"categories":[12],"tags":[],"class_list":["post-14163","post","type-post","status-publish","format-standard","hentry","category-valenca-news"],"views":581,"meta_data":{"thumb":"https:\/\/portalv1.com.br\/app\/wp-content\/uploads\/2012\/11\/pai.jpg","data":{"simple":"23\/11\/2012","date_time":"23\/11\/2012 22:21:32","date":"h\u00e1 13 anos"},"chapeu":"Depress\u00e3o p\u00f3s-parto? ","source":"foto_menor"},"_links":{"self":[{"href":"https:\/\/portalv1.com.br\/api\/wp\/v2\/posts\/14163","targetHints":{"allow":["GET"]}}],"collection":[{"href":"https:\/\/portalv1.com.br\/api\/wp\/v2\/posts"}],"about":[{"href":"https:\/\/portalv1.com.br\/api\/wp\/v2\/types\/post"}],"author":[{"embeddable":true,"href":"https:\/\/portalv1.com.br\/api\/wp\/v2\/users\/1"}],"replies":[{"embeddable":true,"href":"https:\/\/portalv1.com.br\/api\/wp\/v2\/comments?post=14163"}],"version-history":[{"count":0,"href":"https:\/\/portalv1.com.br\/api\/wp\/v2\/posts\/14163\/revisions"}],"wp:attachment":[{"href":"https:\/\/portalv1.com.br\/api\/wp\/v2\/media?parent=14163"}],"wp:term":[{"taxonomy":"category","embeddable":true,"href":"https:\/\/portalv1.com.br\/api\/wp\/v2\/categories?post=14163"},{"taxonomy":"post_tag","embeddable":true,"href":"https:\/\/portalv1.com.br\/api\/wp\/v2\/tags?post=14163"}],"curies":[{"name":"wp","href":"https:\/\/api.w.org\/{rel}","templated":true}]}}