{"id":141730,"date":"2023-03-27T11:25:27","date_gmt":"2023-03-27T14:25:27","guid":{"rendered":"https:\/\/portalv1.com.br\/?p=141730"},"modified":"2023-03-27T11:25:27","modified_gmt":"2023-03-27T14:25:27","slug":"clinica-integrar-de-valenca-vai-realizar-2-blitz-do-autismo-e-divulga-mais-acoes-para-mes","status":"publish","type":"post","link":"https:\/\/portalv1.com.br\/clinica-integrar-de-valenca-vai-realizar-2-blitz-do-autismo-e-divulga-mais-acoes-para-mes\/","title":{"rendered":"Cl\u00ednica Integrar de Valen\u00e7a vai realizar 2\u00b0 Blitz do Autismo e divulga mais a\u00e7\u00f5es para m\u00eas"},"content":{"rendered":"<figure id=\"attachment_141731\" aria-describedby=\"caption-attachment-141731\" style=\"width: 600px\" class=\"wp-caption aligncenter\"><img loading=\"lazy\" decoding=\"async\" class=\"wp-image-141731 size-large\" src=\"https:\/\/portalv1.com.br\/app\/wp-content\/uploads\/2023\/03\/IMG-20230327-WA0022-640x640.jpg\" alt=\"\" width=\"600\" height=\"600\" srcset=\"https:\/\/portalv1.com.br\/app\/wp-content\/uploads\/2023\/03\/IMG-20230327-WA0022-640x640.jpg 640w, https:\/\/portalv1.com.br\/app\/wp-content\/uploads\/2023\/03\/IMG-20230327-WA0022-300x300.jpg 300w, https:\/\/portalv1.com.br\/app\/wp-content\/uploads\/2023\/03\/IMG-20230327-WA0022-100x100.jpg 100w, https:\/\/portalv1.com.br\/app\/wp-content\/uploads\/2023\/03\/IMG-20230327-WA0022-768x768.jpg 768w, https:\/\/portalv1.com.br\/app\/wp-content\/uploads\/2023\/03\/IMG-20230327-WA0022.jpg 1310w\" sizes=\"auto, (max-width: 600px) 100vw, 600px\" \/><figcaption id=\"caption-attachment-141731\" class=\"wp-caption-text\">Arte oficial<\/figcaption><\/figure>\n<p>Com a proximidade do Dia Mundial do Autismo comemorado no dia 02 de abril, a cl\u00ednica Integrar com o apoio da Prefeitura Municipal de Valen\u00e7a e em parceria com entidades e centros educacionais ir\u00e1 realizar no pr\u00f3ximo dia 01 de abril, a 2\u00b0 Blitz de Conscientiza\u00e7\u00e3o do Autismo.<\/p>\n<p>Al\u00e9m da blitz, a cl\u00ednica preparou uma vasta programa\u00e7\u00e3o que ter\u00e1 in\u00edcio a partir de 31 de mar\u00e7o e vai at\u00e9 30 de abril. Ser\u00e3o realizados roda de conversas, palestra em escola com profissionais capacitados.<\/p>\n<p>Com espa\u00e7os preparados de forma l\u00fadica com pula-pula e oficina terap\u00eautica com equipe multidisciplinar. Toda comunidade \u00e9 chamada para abra\u00e7ar essa causa que pede por mais inclus\u00e3o, respeito e igualdade as pessoas com autismo.<\/p>\n<p>Programa\u00e7\u00e3o completa:<\/p>\n<p><img loading=\"lazy\" decoding=\"async\" class=\"aligncenter wp-image-141732 size-large\" src=\"https:\/\/portalv1.com.br\/app\/wp-content\/uploads\/2023\/03\/IMG-20230327-WA0023-640x640.jpg\" alt=\"\" width=\"600\" height=\"600\" srcset=\"https:\/\/portalv1.com.br\/app\/wp-content\/uploads\/2023\/03\/IMG-20230327-WA0023-640x640.jpg 640w, https:\/\/portalv1.com.br\/app\/wp-content\/uploads\/2023\/03\/IMG-20230327-WA0023-300x300.jpg 300w, https:\/\/portalv1.com.br\/app\/wp-content\/uploads\/2023\/03\/IMG-20230327-WA0023-100x100.jpg 100w, https:\/\/portalv1.com.br\/app\/wp-content\/uploads\/2023\/03\/IMG-20230327-WA0023-768x768.jpg 768w, https:\/\/portalv1.com.br\/app\/wp-content\/uploads\/2023\/03\/IMG-20230327-WA0023-1536x1536.jpg 1536w, https:\/\/portalv1.com.br\/app\/wp-content\/uploads\/2023\/03\/IMG-20230327-WA0023.jpg 1599w\" sizes=\"auto, (max-width: 600px) 100vw, 600px\" \/><\/p>\n","protected":false},"excerpt":{"rendered":"<p>Com a proximidade do Dia Mundial do Autismo comemorado no dia 02 de abril, a cl\u00ednica Integrar com o apoio da Prefeitura Municipal de Valen\u00e7a e em parceria com entidades&#8230;<\/p>\n","protected":false},"author":16,"featured_media":141731,"comment_status":"open","ping_status":"open","sticky":false,"template":"","format":"standard","meta":{"ngg_post_thumbnail":0,"footnotes":""},"categories":[243],"tags":[],"class_list":["post-141730","post","type-post","status-publish","format-standard","has-post-thumbnail","hentry","category-geral"],"views":318,"meta_data":{"thumb":"https:\/\/portalv1.com.br\/app\/wp-content\/uploads\/2023\/03\/IMG-20230327-WA0022.jpg","imagem":{"fullsize":{"url":"https:\/\/portalv1.com.br\/app\/wp-content\/uploads\/2023\/03\/IMG-20230327-WA0022.jpg","width":1310,"height":1310},"medium":{"url":"https:\/\/portalv1.com.br\/app\/wp-content\/uploads\/2023\/03\/IMG-20230327-WA0022-300x300.jpg","width":300,"height":300},"large":{"url":"https:\/\/portalv1.com.br\/app\/wp-content\/uploads\/2023\/03\/IMG-20230327-WA0022-640x640.jpg","width":640,"height":640},"thumbnail":{"url":"https:\/\/portalv1.com.br\/app\/wp-content\/uploads\/2023\/03\/IMG-20230327-WA0022-100x100.jpg","width":100,"height":100},"medium_large":{"url":"https:\/\/portalv1.com.br\/app\/wp-content\/uploads\/2023\/03\/IMG-20230327-WA0022-768x768.jpg","width":768,"height":768}},"data":{"simple":"27\/03\/2023","date_time":"27\/03\/2023 08:25:27","date":"h\u00e1 3 anos"},"chapeu":"Saiba detalhes","source":"slide"},"_links":{"self":[{"href":"https:\/\/portalv1.com.br\/api\/wp\/v2\/posts\/141730","targetHints":{"allow":["GET"]}}],"collection":[{"href":"https:\/\/portalv1.com.br\/api\/wp\/v2\/posts"}],"about":[{"href":"https:\/\/portalv1.com.br\/api\/wp\/v2\/types\/post"}],"author":[{"embeddable":true,"href":"https:\/\/portalv1.com.br\/api\/wp\/v2\/users\/16"}],"replies":[{"embeddable":true,"href":"https:\/\/portalv1.com.br\/api\/wp\/v2\/comments?post=141730"}],"version-history":[{"count":0,"href":"https:\/\/portalv1.com.br\/api\/wp\/v2\/posts\/141730\/revisions"}],"wp:featuredmedia":[{"embeddable":true,"href":"https:\/\/portalv1.com.br\/api\/wp\/v2\/media\/141731"}],"wp:attachment":[{"href":"https:\/\/portalv1.com.br\/api\/wp\/v2\/media?parent=141730"}],"wp:term":[{"taxonomy":"category","embeddable":true,"href":"https:\/\/portalv1.com.br\/api\/wp\/v2\/categories?post=141730"},{"taxonomy":"post_tag","embeddable":true,"href":"https:\/\/portalv1.com.br\/api\/wp\/v2\/tags?post=141730"}],"curies":[{"name":"wp","href":"https:\/\/api.w.org\/{rel}","templated":true}]}}