{"id":141754,"date":"2023-03-28T17:19:08","date_gmt":"2023-03-28T20:19:08","guid":{"rendered":"https:\/\/portalv1.com.br\/?p=141754"},"modified":"2023-03-28T19:20:26","modified_gmt":"2023-03-28T22:20:26","slug":"em-brasilia-prefeito-marcelo-costa-se-reune-com-senador-ciro-e-deputados-julio-e-thales","status":"publish","type":"post","link":"https:\/\/portalv1.com.br\/em-brasilia-prefeito-marcelo-costa-se-reune-com-senador-ciro-e-deputados-julio-e-thales\/","title":{"rendered":"Em Bras\u00edlia prefeito Marcelo Costa se re\u00fane com senador Ciro e deputados J\u00falio e Thales"},"content":{"rendered":"<p><a href=\"https:\/\/portalv1.com.br\/app\/wp-content\/uploads\/2023\/03\/WhatsApp-Image-2023-03-28-at-16.46.09.jpeg\"><img loading=\"lazy\" decoding=\"async\" class=\"aligncenter size-large wp-image-141755\" src=\"https:\/\/portalv1.com.br\/app\/wp-content\/uploads\/2023\/03\/WhatsApp-Image-2023-03-28-at-16.46.09-640x480.jpeg\" alt=\"\" width=\"600\" height=\"450\" srcset=\"https:\/\/portalv1.com.br\/app\/wp-content\/uploads\/2023\/03\/WhatsApp-Image-2023-03-28-at-16.46.09-640x480.jpeg 640w, https:\/\/portalv1.com.br\/app\/wp-content\/uploads\/2023\/03\/WhatsApp-Image-2023-03-28-at-16.46.09-300x225.jpeg 300w, https:\/\/portalv1.com.br\/app\/wp-content\/uploads\/2023\/03\/WhatsApp-Image-2023-03-28-at-16.46.09-768x576.jpeg 768w, https:\/\/portalv1.com.br\/app\/wp-content\/uploads\/2023\/03\/WhatsApp-Image-2023-03-28-at-16.46.09.jpeg 1024w\" sizes=\"auto, (max-width: 600px) 100vw, 600px\" \/><\/a>O prefeito de Valen\u00e7a, Marcelo Costa, est\u00e1 em Bras\u00edlia participando da 24\u00aa Marcha dos Prefeitos em Defesa dos Munic\u00edpios, que acontece at\u00e9 a pr\u00f3xima quinta-feira, 30 de mar\u00e7o.<\/p>\n<p>O evento est\u00e1 sendo realizado no Centro Internacional de Conven\u00e7\u00f5es do Brasil (CICB) e \u00e9 promovido pela Confedera\u00e7\u00e3o Nacional de Munic\u00edpios (CNM). A abertura oficial aconteceu na manh\u00e3 desta ter\u00e7a-feira (28).<\/p>\n<p>Nesta tarde, o chefe do Executivo Municipal se reuniu no gabinete do senador Ciro Nogueira com os deputados J\u00falio Arcoverde e Thales Coelho e com o presidente estadual do Progressistas Joel Rodrigues.<\/p>\n<p>\u201cEstamos reunidos agora com o nosso senador Ciro, que nos recebeu em seu gabinete para uma reuni\u00e3o com ele e com os nossos deputados J\u00falio e Dr. Thales e o nosso presidente Joel. Recebemos a garantia do nosso senador e dos nossos deputados que todas as emendas destinadas \u00e0 nossa Valen\u00e7a ser\u00e3o executadas. Estamos felizes com o resultado dessa reuni\u00e3o e temos outras agendas para acelerarmos esses investimentos\u201d, comemorou Marcelo Costa.<\/p>\n","protected":false},"excerpt":{"rendered":"<p>O prefeito de Valen\u00e7a, Marcelo Costa, est\u00e1 em Bras\u00edlia participando da 24\u00aa Marcha dos Prefeitos em Defesa dos Munic\u00edpios, que acontece at\u00e9 a pr\u00f3xima quinta-feira, 30 de mar\u00e7o. O evento&#8230;<\/p>\n","protected":false},"author":1,"featured_media":141755,"comment_status":"open","ping_status":"open","sticky":false,"template":"","format":"standard","meta":{"ngg_post_thumbnail":0,"footnotes":""},"categories":[243],"tags":[],"class_list":["post-141754","post","type-post","status-publish","format-standard","has-post-thumbnail","hentry","category-geral"],"views":397,"meta_data":{"thumb":"https:\/\/portalv1.com.br\/app\/wp-content\/uploads\/2023\/03\/WhatsApp-Image-2023-03-28-at-16.46.09.jpeg","imagem":{"fullsize":{"url":"https:\/\/portalv1.com.br\/app\/wp-content\/uploads\/2023\/03\/WhatsApp-Image-2023-03-28-at-16.46.09.jpeg","width":1024,"height":768},"medium":{"url":"https:\/\/portalv1.com.br\/app\/wp-content\/uploads\/2023\/03\/WhatsApp-Image-2023-03-28-at-16.46.09-300x225.jpeg","width":300,"height":225},"large":{"url":"https:\/\/portalv1.com.br\/app\/wp-content\/uploads\/2023\/03\/WhatsApp-Image-2023-03-28-at-16.46.09-640x480.jpeg","width":640,"height":480},"thumbnail":{"url":"https:\/\/portalv1.com.br\/app\/wp-content\/uploads\/2023\/03\/WhatsApp-Image-2023-03-28-at-16.46.09-100x100.jpeg","width":100,"height":100},"medium_large":{"url":"https:\/\/portalv1.com.br\/app\/wp-content\/uploads\/2023\/03\/WhatsApp-Image-2023-03-28-at-16.46.09-768x576.jpeg","width":768,"height":576}},"data":{"simple":"28\/03\/2023","date_time":"28\/03\/2023 14:19:08","date":"h\u00e1 3 anos"},"chapeu":"Novo Investimentos ","source":"slide"},"_links":{"self":[{"href":"https:\/\/portalv1.com.br\/api\/wp\/v2\/posts\/141754","targetHints":{"allow":["GET"]}}],"collection":[{"href":"https:\/\/portalv1.com.br\/api\/wp\/v2\/posts"}],"about":[{"href":"https:\/\/portalv1.com.br\/api\/wp\/v2\/types\/post"}],"author":[{"embeddable":true,"href":"https:\/\/portalv1.com.br\/api\/wp\/v2\/users\/1"}],"replies":[{"embeddable":true,"href":"https:\/\/portalv1.com.br\/api\/wp\/v2\/comments?post=141754"}],"version-history":[{"count":0,"href":"https:\/\/portalv1.com.br\/api\/wp\/v2\/posts\/141754\/revisions"}],"wp:featuredmedia":[{"embeddable":true,"href":"https:\/\/portalv1.com.br\/api\/wp\/v2\/media\/141755"}],"wp:attachment":[{"href":"https:\/\/portalv1.com.br\/api\/wp\/v2\/media?parent=141754"}],"wp:term":[{"taxonomy":"category","embeddable":true,"href":"https:\/\/portalv1.com.br\/api\/wp\/v2\/categories?post=141754"},{"taxonomy":"post_tag","embeddable":true,"href":"https:\/\/portalv1.com.br\/api\/wp\/v2\/tags?post=141754"}],"curies":[{"name":"wp","href":"https:\/\/api.w.org\/{rel}","templated":true}]}}