{"id":14250,"date":"2012-11-30T10:02:12","date_gmt":"2012-11-30T13:02:12","guid":{"rendered":"https:\/\/portalv1.com.br\/?p=14250"},"modified":"2012-11-30T10:02:12","modified_gmt":"2012-11-30T13:02:12","slug":"prefeitura-confirma-remanejamento-de-funcionarios","status":"publish","type":"post","link":"https:\/\/portalv1.com.br\/prefeitura-confirma-remanejamento-de-funcionarios\/","title":{"rendered":"Prefeitura confirma remanejamento de funcion\u00e1rios"},"content":{"rendered":"<figure id=\"attachment_11378\" aria-describedby=\"caption-attachment-11378\" style=\"width: 300px\" class=\"wp-caption alignright\"><a href=\"https:\/\/portalv1.com.br\/app\/wp-content\/uploads\/2011\/12\/vereadores.jpg\"><img loading=\"lazy\" decoding=\"async\" class=\"size-full wp-image-11378\" title=\"vereadores\" src=\"https:\/\/portalv1.com.br\/app\/wp-content\/uploads\/2011\/12\/vereadores.jpg\" alt=\"\" width=\"300\" height=\"183\" \/><\/a><figcaption id=\"caption-attachment-11378\" class=\"wp-caption-text\">Vereadores<\/figcaption><\/figure>\n<p>Na pen\u00faltima sess\u00e3o ordin\u00e1ria da c\u00e2mara municipal, o vereador Lindomar Am\u00e2ncio na tribuna da c\u00e2mara pediu explica\u00e7\u00f5es \u00e0 secretaria de administra\u00e7\u00e3o sobre transfer\u00eancias irregulares de funcion\u00e1rios efetivos da prefeitura para outros poderes. Segundo o vereador esses funcion\u00e1rios teriam sido transferidos sem serem consultados e mais ainda, seriam transferidos porque n\u00e3o acompanharam politicamente o grupo do prefeito municipal denunciou o vereador Lindomar.<\/p>\n<p>O vereador chegou a aprovar por unanimidade a convoca\u00e7\u00e3o da secret\u00e1ria de administra\u00e7\u00e3o F\u00e1tima Lira para dar explica\u00e7\u00f5es sobre o assunto, mas at\u00e9 o momento a ida da secretaria n\u00e3o foi confirmada. Ao final da sess\u00e3o as \u201ctransfer\u00eancias\u201d foram negadas veementemente pelo secret\u00e1rio de governo Raimundo Xavier.<\/p>\n<p>Na oportunidade o vereador proponente cogitou a cria\u00e7\u00e3o de uma Comiss\u00e3o Parlamentar de Inqu\u00e9rito para apurar o caso. Apesar da gravidade do assunto, a mat\u00e9ria foi amenizada com as palavras do secret\u00e1rio de governo, mas nesta segunda-feira (26), a prefeitura municipal enviou um oficio confirmando as transfer\u00eancias, sob a alega\u00e7\u00e3o de que elas s\u00f3 n\u00e3o foram efetivadas porque os funcion\u00e1rios n\u00e3o compareceram aos locais de trabalho e n\u00e3o assinaram a comunica\u00e7\u00e3o. No oficio, o Executivo chegou a amea\u00e7ar os funcion\u00e1rios pela \u201cdesobedi\u00eancia\u201d.<\/p>\n<p>A presidenta Ielva Mel\u00e3o que na sess\u00e3o anterior havia dito que n\u00e3o acreditava que o Executivo tivesse autorizado \u00e0 transfer\u00eancia criticou a postura e o conte\u00fado do oficio enviado ao Parlamento. Ela se irritou com as amea\u00e7as aos funcion\u00e1rios que n\u00e3o tem nenhuma obriga\u00e7\u00e3o de trabalhar em outros poderes sem o seu consentimento.<\/p>\n<p>O oficio com as amea\u00e7as e a recusa da secretaria de administra\u00e7\u00e3o em ir ao parlamento chegam na mesma hora em que o prefeito Alc\u00e2ntara tenta conseguir votos da oposi\u00e7\u00e3o para a aprova\u00e7\u00e3o de uma suplementa\u00e7\u00e3o no or\u00e7amento desse ano, que o ajudar\u00e1 a fechar suas contas, contas estas que mesmo com 50% do or\u00e7amento livre para remanejamento n\u00e3o foi poss\u00edvel fech\u00e1-las e depende dos votos da oposi\u00e7\u00e3o para n\u00e3o ter problemas com a Lei de Responsabilidade Fiscal.<\/p>\n","protected":false},"excerpt":{"rendered":"<p>Na pen\u00faltima sess\u00e3o ordin\u00e1ria da c\u00e2mara municipal, o vereador Lindomar Am\u00e2ncio na tribuna da c\u00e2mara pediu explica\u00e7\u00f5es \u00e0 secretaria de administra\u00e7\u00e3o sobre transfer\u00eancias irregulares de funcion\u00e1rios efetivos da prefeitura para&#8230;<\/p>\n","protected":false},"author":1,"featured_media":0,"comment_status":"open","ping_status":"open","sticky":false,"template":"","format":"standard","meta":{"ngg_post_thumbnail":0,"footnotes":""},"categories":[12],"tags":[],"class_list":["post-14250","post","type-post","status-publish","format-standard","hentry","category-valenca-news"],"views":839,"meta_data":{"thumb":"https:\/\/portalv1.com.br\/app\/wp-content\/uploads\/2011\/12\/vereadores.jpg","data":{"simple":"30\/11\/2012","date_time":"30\/11\/2012 07:02:12","date":"h\u00e1 13 anos"},"chapeu":"Executivo ","source":"slide"},"_links":{"self":[{"href":"https:\/\/portalv1.com.br\/api\/wp\/v2\/posts\/14250","targetHints":{"allow":["GET"]}}],"collection":[{"href":"https:\/\/portalv1.com.br\/api\/wp\/v2\/posts"}],"about":[{"href":"https:\/\/portalv1.com.br\/api\/wp\/v2\/types\/post"}],"author":[{"embeddable":true,"href":"https:\/\/portalv1.com.br\/api\/wp\/v2\/users\/1"}],"replies":[{"embeddable":true,"href":"https:\/\/portalv1.com.br\/api\/wp\/v2\/comments?post=14250"}],"version-history":[{"count":0,"href":"https:\/\/portalv1.com.br\/api\/wp\/v2\/posts\/14250\/revisions"}],"wp:attachment":[{"href":"https:\/\/portalv1.com.br\/api\/wp\/v2\/media?parent=14250"}],"wp:term":[{"taxonomy":"category","embeddable":true,"href":"https:\/\/portalv1.com.br\/api\/wp\/v2\/categories?post=14250"},{"taxonomy":"post_tag","embeddable":true,"href":"https:\/\/portalv1.com.br\/api\/wp\/v2\/tags?post=14250"}],"curies":[{"name":"wp","href":"https:\/\/api.w.org\/{rel}","templated":true}]}}