{"id":14285,"date":"2012-12-05T11:36:08","date_gmt":"2012-12-05T14:36:08","guid":{"rendered":"https:\/\/portalv1.com.br\/?p=14285"},"modified":"2012-12-14T22:07:06","modified_gmt":"2012-12-15T01:07:06","slug":"veja-as-bandas-ja-confirmadas-para-o-natal-em-valenca","status":"publish","type":"post","link":"https:\/\/portalv1.com.br\/veja-as-bandas-ja-confirmadas-para-o-natal-em-valenca\/","title":{"rendered":"Veja as bandas j\u00e1 confirmadas para o Natal em Valen\u00e7a"},"content":{"rendered":"<figure id=\"attachment_13861\" aria-describedby=\"caption-attachment-13861\" style=\"width: 300px\" class=\"wp-caption alignright\"><a href=\"https:\/\/portalv1.com.br\/app\/wp-content\/uploads\/2012\/10\/vista-valenca.jpg\"><img loading=\"lazy\" decoding=\"async\" class=\"size-full wp-image-13861\" title=\"vista-valenca\" src=\"https:\/\/portalv1.com.br\/app\/wp-content\/uploads\/2012\/10\/vista-valenca.jpg\" alt=\"\" width=\"300\" height=\"183\" \/><\/a><figcaption id=\"caption-attachment-13861\" class=\"wp-caption-text\">Entrada de Valen\u00e7a<\/figcaption><\/figure>\n<p>A chegada do m\u00eas de dezembro em Valen\u00e7a \u00e9 sempre motivo de muita alegria. Al\u00e9m das comemora\u00e7\u00f5es natalinas, em dezembro nossa cidade comemora o Festejo da Padroeira Nossa Senhora do \u00d3 e Concei\u00e7\u00e3o. Paralelos ao festejo clubes e bares aproveitam para realizar festas com bandas de peso e muitas destas bandas j\u00e1 est\u00e3o confirmadas. Dia 21 de dezembro no Posto Lava Show tem L\u00e9o Cachorr\u00e3o e Forr\u00f3 Mexido.<\/p>\n<p>Dia 22 acontece o tradicional Pim-pim Folia com as bandas Janaina e Banda, Cizim e Forro Bandido e Companhia do Forr\u00f3. Dia 24 o Crovapi dar\u00e1 inicio suas festividades com a Banda Chica \u00e9gua e Dia 25 com Mastruz Com Leite.<\/p>\n<p>Dia 26 tem a Banda Garota Safada no Est\u00e1dio Gaud\u00eancio Veloso. O Crovapi Clube ainda n\u00e3o confirmou a banda do dia 26. Em conversa com o portalv1 o presidente Alberto disse que a atra\u00e7\u00e3o ser\u00e1 divulgada at\u00e9 o fim de semana. . O Balne\u00e1rio Lagoa Seca e a Churrascaria Kanto Azul tamb\u00e9m ir\u00e3o realizar festas no per\u00edodo natalino.<\/p>\n","protected":false},"excerpt":{"rendered":"<p>A chegada do m\u00eas de dezembro em Valen\u00e7a \u00e9 sempre motivo de muita alegria. Al\u00e9m das comemora\u00e7\u00f5es natalinas, em dezembro nossa cidade comemora o Festejo da Padroeira Nossa Senhora do&#8230;<\/p>\n","protected":false},"author":1,"featured_media":0,"comment_status":"open","ping_status":"open","sticky":false,"template":"","format":"standard","meta":{"ngg_post_thumbnail":0,"footnotes":""},"categories":[12],"tags":[],"class_list":["post-14285","post","type-post","status-publish","format-standard","hentry","category-valenca-news"],"views":2016,"meta_data":{"thumb":"https:\/\/portalv1.com.br\/app\/wp-content\/uploads\/2012\/10\/vista-valenca.jpg","data":{"simple":"05\/12\/2012","date_time":"05\/12\/2012 08:36:08","date":"h\u00e1 13 anos"},"chapeu":"Festejo de Valen\u00e7a ","source":"retirar"},"_links":{"self":[{"href":"https:\/\/portalv1.com.br\/api\/wp\/v2\/posts\/14285","targetHints":{"allow":["GET"]}}],"collection":[{"href":"https:\/\/portalv1.com.br\/api\/wp\/v2\/posts"}],"about":[{"href":"https:\/\/portalv1.com.br\/api\/wp\/v2\/types\/post"}],"author":[{"embeddable":true,"href":"https:\/\/portalv1.com.br\/api\/wp\/v2\/users\/1"}],"replies":[{"embeddable":true,"href":"https:\/\/portalv1.com.br\/api\/wp\/v2\/comments?post=14285"}],"version-history":[{"count":0,"href":"https:\/\/portalv1.com.br\/api\/wp\/v2\/posts\/14285\/revisions"}],"wp:attachment":[{"href":"https:\/\/portalv1.com.br\/api\/wp\/v2\/media?parent=14285"}],"wp:term":[{"taxonomy":"category","embeddable":true,"href":"https:\/\/portalv1.com.br\/api\/wp\/v2\/categories?post=14285"},{"taxonomy":"post_tag","embeddable":true,"href":"https:\/\/portalv1.com.br\/api\/wp\/v2\/tags?post=14285"}],"curies":[{"name":"wp","href":"https:\/\/api.w.org\/{rel}","templated":true}]}}