{"id":142877,"date":"2023-04-11T11:36:17","date_gmt":"2023-04-11T14:36:17","guid":{"rendered":"https:\/\/portalv1.com.br\/?p=142877"},"modified":"2023-04-11T11:36:17","modified_gmt":"2023-04-11T14:36:17","slug":"inscricoes-para-eleicao-do-conselho-tutelar-de-valenca-encerram-dia-06-de-maio","status":"publish","type":"post","link":"https:\/\/portalv1.com.br\/inscricoes-para-eleicao-do-conselho-tutelar-de-valenca-encerram-dia-06-de-maio\/","title":{"rendered":"Inscri\u00e7\u00f5es para elei\u00e7\u00e3o do Conselho Tutelar de Valen\u00e7a encerram dia 06 de maio"},"content":{"rendered":"<p>As inscri\u00e7\u00f5es para a elei\u00e7\u00e3o dos novos membros do Conselho Tutelar de Valen\u00e7a do Piaui, iniciadas no ultimo dia 6 de abril seguem at\u00e9 o dia 6 de maio de 2023 das 8h \u00e0s 12h, na Sede do Centro de Refer\u00eancia Especializado de Assist\u00eancia Social (CREAS) de Valen\u00e7a do Piaui, localizado na Rua: Professor Jo\u00e3o Soares, S\/N, pr\u00f3ximo a Prefeitura Municipal.<\/p>\n<p>Podem se inscrever pessoas com reconhecida idoneidade moral, ter mais que 21 anos, residir no munic\u00edpio h\u00e1 mais de dois anos, ter ensino m\u00e9dio completo, n\u00e3o ter sido suspenso ou destitu\u00eddo do cargo de membro do Conselho Tutelar em mandato anterior, por decis\u00e3o administrativa ou judicial, entre outros requisitos.&nbsp;<a href=\"https:\/\/portalv1.com.br\/app\/wp-content\/uploads\/2023\/04\/EDITAL-ELEICAO-CT-2023_030927-vb.pdf\">Acesse o edital completo clicando aqui<\/a><\/p>\n<p>A carga horaria de trabalho \u00e9 de 40 horas semanais e a remunera\u00e7\u00e3o \u00e9 de um sal\u00e1rio m\u00ednimo. Ser\u00e3o ofertadas 05 vagas. Podem votar todos os eleitores aptos no cadastro da Justi\u00e7a Eleitoral de Valen\u00e7a do Piaui, em elei\u00e7\u00e3o que ser\u00e1 presidida pelo Presidente do Conselho Municipal de Direitos da Crian\u00e7a e do Adolescente e fiscalizada pelo representante do Minist\u00e9rio P\u00fablico.<\/p>\n<p>A elei\u00e7\u00e3o ser\u00e1 realizada no dia 1\u00ba de outubro de 2023, das 8hs \u00e0s 17h e os locais de vota\u00e7\u00e3o ser\u00e3o definidos pela Comiss\u00e3o Especial at\u00e9 o dia 1 de setembro.<\/p>\n<p>&nbsp;<\/p>\n","protected":false},"excerpt":{"rendered":"<p>As inscri\u00e7\u00f5es para a elei\u00e7\u00e3o dos novos membros do Conselho Tutelar de Valen\u00e7a do Piaui, iniciadas no ultimo dia 6 de abril seguem at\u00e9 o dia 6 de maio de&#8230;<\/p>\n","protected":false},"author":1,"featured_media":142879,"comment_status":"open","ping_status":"open","sticky":false,"template":"","format":"standard","meta":{"ngg_post_thumbnail":0,"footnotes":""},"categories":[243],"tags":[],"class_list":["post-142877","post","type-post","status-publish","format-standard","has-post-thumbnail","hentry","category-geral"],"views":467,"meta_data":{"thumb":"https:\/\/portalv1.com.br\/app\/wp-content\/uploads\/2023\/04\/cmdca.jpg","imagem":{"fullsize":{"url":"https:\/\/portalv1.com.br\/app\/wp-content\/uploads\/2023\/04\/cmdca.jpg","width":800,"height":445},"medium":{"url":"https:\/\/portalv1.com.br\/app\/wp-content\/uploads\/2023\/04\/cmdca-300x167.jpg","width":300,"height":167},"large":{"url":"https:\/\/portalv1.com.br\/app\/wp-content\/uploads\/2023\/04\/cmdca-640x356.jpg","width":640,"height":356},"thumbnail":{"url":"https:\/\/portalv1.com.br\/app\/wp-content\/uploads\/2023\/04\/cmdca-100x100.jpg","width":100,"height":100},"medium_large":{"url":"https:\/\/portalv1.com.br\/app\/wp-content\/uploads\/2023\/04\/cmdca-768x427.jpg","width":768,"height":427}},"data":{"simple":"11\/04\/2023","date_time":"11\/04\/2023 08:36:17","date":"h\u00e1 3 anos"},"chapeu":"Veja edital ","source":"slide"},"_links":{"self":[{"href":"https:\/\/portalv1.com.br\/api\/wp\/v2\/posts\/142877","targetHints":{"allow":["GET"]}}],"collection":[{"href":"https:\/\/portalv1.com.br\/api\/wp\/v2\/posts"}],"about":[{"href":"https:\/\/portalv1.com.br\/api\/wp\/v2\/types\/post"}],"author":[{"embeddable":true,"href":"https:\/\/portalv1.com.br\/api\/wp\/v2\/users\/1"}],"replies":[{"embeddable":true,"href":"https:\/\/portalv1.com.br\/api\/wp\/v2\/comments?post=142877"}],"version-history":[{"count":0,"href":"https:\/\/portalv1.com.br\/api\/wp\/v2\/posts\/142877\/revisions"}],"wp:featuredmedia":[{"embeddable":true,"href":"https:\/\/portalv1.com.br\/api\/wp\/v2\/media\/142879"}],"wp:attachment":[{"href":"https:\/\/portalv1.com.br\/api\/wp\/v2\/media?parent=142877"}],"wp:term":[{"taxonomy":"category","embeddable":true,"href":"https:\/\/portalv1.com.br\/api\/wp\/v2\/categories?post=142877"},{"taxonomy":"post_tag","embeddable":true,"href":"https:\/\/portalv1.com.br\/api\/wp\/v2\/tags?post=142877"}],"curies":[{"name":"wp","href":"https:\/\/api.w.org\/{rel}","templated":true}]}}