{"id":142983,"date":"2023-04-17T13:53:08","date_gmt":"2023-04-17T16:53:08","guid":{"rendered":"https:\/\/portalv1.com.br\/?p=142983"},"modified":"2023-04-17T13:53:08","modified_gmt":"2023-04-17T16:53:08","slug":"cultura-de-valenca-abre-inscricao-para-os-grupos-que-participarao-do-festival-de-quadrilhas","status":"publish","type":"post","link":"https:\/\/portalv1.com.br\/cultura-de-valenca-abre-inscricao-para-os-grupos-que-participarao-do-festival-de-quadrilhas\/","title":{"rendered":"Cultura de Valen\u00e7a abre inscri\u00e7\u00e3o para os grupos que participar\u00e3o do Festival de Quadrilhas"},"content":{"rendered":"<p>A Prefeitura Municipal de Valen\u00e7a do Piau\u00ed atrav\u00e9s da Secretaria de Cultura vai iniciar nesta ter\u00e7a-feira (18), as inscri\u00e7\u00f5es para os grupos juninos que ir\u00e3o se apresentar no XXXIII Festival Cultural de Quadrilhas Juninas.<\/p>\n<p>Os grupos interessados devem procurar a sede da Secretaria de Cultura no hor\u00e1rio das 8h \u00e0s 13h. Este ano o tradicional Festival do Gorgulho vai acontecer de 30 de junho a 02 de julho.<\/p>\n<p><img loading=\"lazy\" decoding=\"async\" class=\"aligncenter wp-image-142984 size-large\" src=\"https:\/\/portalv1.com.br\/app\/wp-content\/uploads\/2023\/04\/IMG-20230417-WA0018-640x800.jpg\" alt=\"\" width=\"600\" height=\"750\" srcset=\"https:\/\/portalv1.com.br\/app\/wp-content\/uploads\/2023\/04\/IMG-20230417-WA0018-640x800.jpg 640w, https:\/\/portalv1.com.br\/app\/wp-content\/uploads\/2023\/04\/IMG-20230417-WA0018-300x375.jpg 300w, https:\/\/portalv1.com.br\/app\/wp-content\/uploads\/2023\/04\/IMG-20230417-WA0018-768x960.jpg 768w, https:\/\/portalv1.com.br\/app\/wp-content\/uploads\/2023\/04\/IMG-20230417-WA0018.jpg 819w\" sizes=\"auto, (max-width: 600px) 100vw, 600px\" \/><\/p>\n","protected":false},"excerpt":{"rendered":"<p>A Prefeitura Municipal de Valen\u00e7a do Piau\u00ed atrav\u00e9s da Secretaria de Cultura vai iniciar nesta ter\u00e7a-feira (18), as inscri\u00e7\u00f5es para os grupos juninos que ir\u00e3o se apresentar no XXXIII Festival&#8230;<\/p>\n","protected":false},"author":16,"featured_media":74853,"comment_status":"open","ping_status":"open","sticky":false,"template":"","format":"standard","meta":{"ngg_post_thumbnail":0,"footnotes":""},"categories":[243],"tags":[],"class_list":["post-142983","post","type-post","status-publish","format-standard","has-post-thumbnail","hentry","category-geral"],"views":883,"meta_data":{"thumb":"https:\/\/portalv1.com.br\/app\/wp-content\/uploads\/2019\/07\/Portalv1049Valenca.jpg","imagem":{"fullsize":{"url":"https:\/\/portalv1.com.br\/app\/wp-content\/uploads\/2019\/07\/Portalv1049Valenca.jpg","width":640,"height":427},"thumbnail":{"url":"https:\/\/portalv1.com.br\/app\/wp-content\/uploads\/2019\/07\/Portalv1049Valenca-100x100.jpg","width":100,"height":100},"medium":{"url":"https:\/\/portalv1.com.br\/app\/wp-content\/uploads\/2019\/07\/Portalv1049Valenca-300x200.jpg","width":300,"height":200},"large":{"url":"https:\/\/portalv1.com.br\/app\/wp-content\/uploads\/2019\/07\/Portalv1049Valenca-640x427.jpg","width":640,"height":427}},"data":{"simple":"17\/04\/2023","date_time":"17\/04\/2023 10:53:08","date":"h\u00e1 3 anos"},"chapeu":"Saiba mais","source":"slide"},"_links":{"self":[{"href":"https:\/\/portalv1.com.br\/api\/wp\/v2\/posts\/142983","targetHints":{"allow":["GET"]}}],"collection":[{"href":"https:\/\/portalv1.com.br\/api\/wp\/v2\/posts"}],"about":[{"href":"https:\/\/portalv1.com.br\/api\/wp\/v2\/types\/post"}],"author":[{"embeddable":true,"href":"https:\/\/portalv1.com.br\/api\/wp\/v2\/users\/16"}],"replies":[{"embeddable":true,"href":"https:\/\/portalv1.com.br\/api\/wp\/v2\/comments?post=142983"}],"version-history":[{"count":0,"href":"https:\/\/portalv1.com.br\/api\/wp\/v2\/posts\/142983\/revisions"}],"wp:featuredmedia":[{"embeddable":true,"href":"https:\/\/portalv1.com.br\/api\/wp\/v2\/media\/74853"}],"wp:attachment":[{"href":"https:\/\/portalv1.com.br\/api\/wp\/v2\/media?parent=142983"}],"wp:term":[{"taxonomy":"category","embeddable":true,"href":"https:\/\/portalv1.com.br\/api\/wp\/v2\/categories?post=142983"},{"taxonomy":"post_tag","embeddable":true,"href":"https:\/\/portalv1.com.br\/api\/wp\/v2\/tags?post=142983"}],"curies":[{"name":"wp","href":"https:\/\/api.w.org\/{rel}","templated":true}]}}