{"id":14303,"date":"2012-12-08T23:23:49","date_gmt":"2012-12-09T02:23:49","guid":{"rendered":"https:\/\/portalv1.com.br\/?p=14303"},"modified":"2012-12-08T23:23:49","modified_gmt":"2012-12-09T02:23:49","slug":"veja-os-nomes-dos-ganhadores-da-rifa-da-radio-confederacao","status":"publish","type":"post","link":"https:\/\/portalv1.com.br\/veja-os-nomes-dos-ganhadores-da-rifa-da-radio-confederacao\/","title":{"rendered":"Veja os nomes dos ganhadores da rifa da R\u00e1dio Confedera\u00e7\u00e3o"},"content":{"rendered":"<figure id=\"attachment_14304\" aria-describedby=\"caption-attachment-14304\" style=\"width: 300px\" class=\"wp-caption alignright\"><a href=\"https:\/\/portalv1.com.br\/app\/wp-content\/uploads\/2012\/12\/portalv1-004.jpg\"><img loading=\"lazy\" decoding=\"async\" class=\"size-medium wp-image-14304\" title=\"portalv1 004\" src=\"https:\/\/portalv1.com.br\/app\/wp-content\/uploads\/2012\/12\/portalv1-004-300x225.jpg\" alt=\"\" width=\"300\" height=\"225\" srcset=\"https:\/\/portalv1.com.br\/app\/wp-content\/uploads\/2012\/12\/portalv1-004-300x225.jpg 300w, https:\/\/portalv1.com.br\/app\/wp-content\/uploads\/2012\/12\/portalv1-004.jpg 640w\" sizes=\"auto, (max-width: 300px) 100vw, 300px\" \/><\/a><figcaption id=\"caption-attachment-14304\" class=\"wp-caption-text\">O sorteio foi realizado na Churrascaria Kanto Azul<\/figcaption><\/figure>\n<p>Lazaro e Carlos Eduardo (Dudu) foram os ganhadores do colch\u00e3o \u00d4nix e da Moto Traxx respectivamente na rifa realizada na noite deste s\u00e1bado (08), em prol da Radio Confedera\u00e7\u00e3o Valenciana. A rifa foi bem sucedida e servir\u00e1 para finalizar os trabalhos de montagem da emissora que ir\u00e1 funcionar nas proximidades da UESPI em Valen\u00e7a. Segundo o vereador Joaquim Filho at\u00e9 a pr\u00f3xima semana a torre da emissora ser\u00e1 erguida. O sorteio foi realizado na Churrascaria Kanto Azul. E por falar em Kanto Azul os propriet\u00e1rios F\u00e1bio e Luciana avisam aos clientes que a partir desse domingo (09) a churrascaria contar\u00e1 com uma nova cartela de pizzas de v\u00e1rios sabores.<\/p>\n","protected":false},"excerpt":{"rendered":"<p>Lazaro e Carlos Eduardo (Dudu) foram os ganhadores do colch\u00e3o \u00d4nix e da Moto Traxx respectivamente na rifa realizada na noite deste s\u00e1bado (08), em prol da Radio Confedera\u00e7\u00e3o Valenciana&#8230;.<\/p>\n","protected":false},"author":1,"featured_media":0,"comment_status":"open","ping_status":"open","sticky":false,"template":"","format":"standard","meta":{"ngg_post_thumbnail":0,"footnotes":""},"categories":[12],"tags":[],"class_list":["post-14303","post","type-post","status-publish","format-standard","hentry","category-valenca-news"],"views":733,"meta_data":{"thumb":"https:\/\/portalv1.com.br\/app\/wp-content\/uploads\/2012\/12\/portalv1-004.jpg","data":{"simple":"08\/12\/2012","date_time":"08\/12\/2012 20:23:49","date":"h\u00e1 13 anos"},"chapeu":"R\u00e1dio Confedera\u00e7\u00e3o ","source":"slide"},"_links":{"self":[{"href":"https:\/\/portalv1.com.br\/api\/wp\/v2\/posts\/14303","targetHints":{"allow":["GET"]}}],"collection":[{"href":"https:\/\/portalv1.com.br\/api\/wp\/v2\/posts"}],"about":[{"href":"https:\/\/portalv1.com.br\/api\/wp\/v2\/types\/post"}],"author":[{"embeddable":true,"href":"https:\/\/portalv1.com.br\/api\/wp\/v2\/users\/1"}],"replies":[{"embeddable":true,"href":"https:\/\/portalv1.com.br\/api\/wp\/v2\/comments?post=14303"}],"version-history":[{"count":0,"href":"https:\/\/portalv1.com.br\/api\/wp\/v2\/posts\/14303\/revisions"}],"wp:attachment":[{"href":"https:\/\/portalv1.com.br\/api\/wp\/v2\/media?parent=14303"}],"wp:term":[{"taxonomy":"category","embeddable":true,"href":"https:\/\/portalv1.com.br\/api\/wp\/v2\/categories?post=14303"},{"taxonomy":"post_tag","embeddable":true,"href":"https:\/\/portalv1.com.br\/api\/wp\/v2\/tags?post=14303"}],"curies":[{"name":"wp","href":"https:\/\/api.w.org\/{rel}","templated":true}]}}