{"id":14305,"date":"2012-12-08T23:27:30","date_gmt":"2012-12-09T02:27:30","guid":{"rendered":"https:\/\/portalv1.com.br\/?p=14305"},"modified":"2012-12-09T10:52:36","modified_gmt":"2012-12-09T13:52:36","slug":"academia-de-letras-realiza-reuniao-de-final-de-ano-veja-fotos","status":"publish","type":"post","link":"https:\/\/portalv1.com.br\/academia-de-letras-realiza-reuniao-de-final-de-ano-veja-fotos\/","title":{"rendered":"Academia de Letras realiza reuni\u00e3o de final de ano. Veja fotos"},"content":{"rendered":"<figure id=\"attachment_14306\" aria-describedby=\"caption-attachment-14306\" style=\"width: 300px\" class=\"wp-caption alignright\"><a href=\"https:\/\/portalv1.com.br\/app\/wp-content\/uploads\/2012\/12\/academia.jpg\"><img loading=\"lazy\" decoding=\"async\" class=\"size-medium wp-image-14306\" title=\"academia\" src=\"https:\/\/portalv1.com.br\/app\/wp-content\/uploads\/2012\/12\/academia-300x225.jpg\" alt=\"\" width=\"300\" height=\"225\" srcset=\"https:\/\/portalv1.com.br\/app\/wp-content\/uploads\/2012\/12\/academia-300x225.jpg 300w, https:\/\/portalv1.com.br\/app\/wp-content\/uploads\/2012\/12\/academia.jpg 450w\" sizes=\"auto, (max-width: 300px) 100vw, 300px\" \/><\/a><figcaption id=\"caption-attachment-14306\" class=\"wp-caption-text\">Francisca Iris, Carlos Jos\u00e9 Ielva Mel\u00e3o e o presidente Dr. Juraci Nunes<\/figcaption><\/figure>\n<p>A Academia de Letras da Confedera\u00e7\u00e3o Valenciana realizou na noite deste s\u00e1bado, 08 de dezembro sua tradicional reuni\u00e3o de final de ano. a reuni\u00e3o contou com a presen\u00e7a dos acad\u00eamicos e convidados. O presidente Dr. Juraci Nunes na abertura agradeceu aos presentes e fez um balan\u00e7o das atividades nesse ano de 2012. O evento teve ainda a participa\u00e7\u00e3o da banda de musica da academia sob a reg\u00eancia do maestro Isidorio. O presidente ao final agradeceu de forma especial os m\u00fasicos da banda e agradeceu o empenho e a dedica\u00e7\u00e3o de todos com a academia. Na oportunidade foi servido um coquetel aos presentes. A solenidade serviu ainda para marcar os 15 anos da academia em Valen\u00e7a. Veja alguns momentos da reuni\u00e3o.<\/p>\n<p><strong><div class=\"ngg-galleryoverview\" data-widget=\"Galeria\" data-props='{&quot;galeria&quot;:{&quot;gallery_id&quot;:1009,&quot;total&quot;:7,&quot;max_page&quot;:1,&quot;page&quot;:1,&quot;images&quot;:[{&quot;pid&quot;:18328,&quot;imageURL&quot;:&quot;https:\\\/\\\/portalv1.com.br\\\/app\\\/wp-content\\\/gallery\\\/alcv_1\\\/portalv1-007.jpg?t=1705204619&quot;,&quot;thumbnailURL&quot;:&quot;https:\\\/\\\/portalv1.com.br\\\/app\\\/wp-content\\\/gallery\\\/alcv_1\\\/thumbs\\\/thumbs_portalv1-007.jpg?t=1705204619&quot;,&quot;description&quot;:&quot; &quot;,&quot;alttext&quot;:&quot;portalv1-007&quot;,&quot;style&quot;:&quot;&quot;},{&quot;pid&quot;:18329,&quot;imageURL&quot;:&quot;https:\\\/\\\/portalv1.com.br\\\/app\\\/wp-content\\\/gallery\\\/alcv_1\\\/portalv1-012.jpg?t=1705158825&quot;,&quot;thumbnailURL&quot;:&quot;https:\\\/\\\/portalv1.com.br\\\/app\\\/wp-content\\\/gallery\\\/alcv_1\\\/thumbs\\\/thumbs_portalv1-012.jpg?t=1705158825&quot;,&quot;description&quot;:&quot; &quot;,&quot;alttext&quot;:&quot;portalv1-012&quot;,&quot;style&quot;:&quot;&quot;},{&quot;pid&quot;:18330,&quot;imageURL&quot;:&quot;https:\\\/\\\/portalv1.com.br\\\/app\\\/wp-content\\\/gallery\\\/alcv_1\\\/portalv1-015.jpg?t=1705158943&quot;,&quot;thumbnailURL&quot;:&quot;https:\\\/\\\/portalv1.com.br\\\/app\\\/wp-content\\\/gallery\\\/alcv_1\\\/thumbs\\\/thumbs_portalv1-015.jpg?t=1705158943&quot;,&quot;description&quot;:&quot; &quot;,&quot;alttext&quot;:&quot;portalv1-015&quot;,&quot;style&quot;:&quot;&quot;},{&quot;pid&quot;:18331,&quot;imageURL&quot;:&quot;https:\\\/\\\/portalv1.com.br\\\/app\\\/wp-content\\\/gallery\\\/alcv_1\\\/portalv1-017.jpg?t=1705204605&quot;,&quot;thumbnailURL&quot;:&quot;https:\\\/\\\/portalv1.com.br\\\/app\\\/wp-content\\\/gallery\\\/alcv_1\\\/thumbs\\\/thumbs_portalv1-017.jpg?t=1705204605&quot;,&quot;description&quot;:&quot; &quot;,&quot;alttext&quot;:&quot;portalv1-017&quot;,&quot;style&quot;:&quot;&quot;},{&quot;pid&quot;:18332,&quot;imageURL&quot;:&quot;https:\\\/\\\/portalv1.com.br\\\/app\\\/wp-content\\\/gallery\\\/alcv_1\\\/portalv1-019.jpg?t=1705158881&quot;,&quot;thumbnailURL&quot;:&quot;https:\\\/\\\/portalv1.com.br\\\/app\\\/wp-content\\\/gallery\\\/alcv_1\\\/thumbs\\\/thumbs_portalv1-019.jpg?t=1705158881&quot;,&quot;description&quot;:&quot; &quot;,&quot;alttext&quot;:&quot;portalv1-019&quot;,&quot;style&quot;:&quot;&quot;},{&quot;pid&quot;:18333,&quot;imageURL&quot;:&quot;https:\\\/\\\/portalv1.com.br\\\/app\\\/wp-content\\\/gallery\\\/alcv_1\\\/portalv1-024.jpg?t=1705158923&quot;,&quot;thumbnailURL&quot;:&quot;https:\\\/\\\/portalv1.com.br\\\/app\\\/wp-content\\\/gallery\\\/alcv_1\\\/thumbs\\\/thumbs_portalv1-024.jpg?t=1705158923&quot;,&quot;description&quot;:&quot; &quot;,&quot;alttext&quot;:&quot;portalv1-024&quot;,&quot;style&quot;:&quot;&quot;},{&quot;pid&quot;:18334,&quot;imageURL&quot;:&quot;https:\\\/\\\/portalv1.com.br\\\/app\\\/wp-content\\\/gallery\\\/alcv_1\\\/portalv1-025.jpg?t=1705204632&quot;,&quot;thumbnailURL&quot;:&quot;https:\\\/\\\/portalv1.com.br\\\/app\\\/wp-content\\\/gallery\\\/alcv_1\\\/thumbs\\\/thumbs_portalv1-025.jpg?t=1705204632&quot;,&quot;description&quot;:&quot; &quot;,&quot;alttext&quot;:&quot;portalv1-025&quot;,&quot;style&quot;:&quot;&quot;}]}}'><\/div><\/strong>.<\/p>\n","protected":false},"excerpt":{"rendered":"<p>A Academia de Letras da Confedera\u00e7\u00e3o Valenciana realizou na noite deste s\u00e1bado, 08 de dezembro sua tradicional reuni\u00e3o de final de ano. a reuni\u00e3o contou com a presen\u00e7a dos acad\u00eamicos&#8230;<\/p>\n","protected":false},"author":1,"featured_media":0,"comment_status":"open","ping_status":"open","sticky":false,"template":"","format":"standard","meta":{"ngg_post_thumbnail":0,"footnotes":""},"categories":[12],"tags":[],"class_list":["post-14305","post","type-post","status-publish","format-standard","hentry","category-valenca-news"],"views":754,"meta_data":{"thumb":"https:\/\/portalv1.com.br\/app\/wp-content\/uploads\/2012\/12\/academia.jpg","data":{"simple":"08\/12\/2012","date_time":"08\/12\/2012 20:27:30","date":"h\u00e1 13 anos"},"chapeu":"Academia de Letras ","source":"slide"},"_links":{"self":[{"href":"https:\/\/portalv1.com.br\/api\/wp\/v2\/posts\/14305","targetHints":{"allow":["GET"]}}],"collection":[{"href":"https:\/\/portalv1.com.br\/api\/wp\/v2\/posts"}],"about":[{"href":"https:\/\/portalv1.com.br\/api\/wp\/v2\/types\/post"}],"author":[{"embeddable":true,"href":"https:\/\/portalv1.com.br\/api\/wp\/v2\/users\/1"}],"replies":[{"embeddable":true,"href":"https:\/\/portalv1.com.br\/api\/wp\/v2\/comments?post=14305"}],"version-history":[{"count":0,"href":"https:\/\/portalv1.com.br\/api\/wp\/v2\/posts\/14305\/revisions"}],"wp:attachment":[{"href":"https:\/\/portalv1.com.br\/api\/wp\/v2\/media?parent=14305"}],"wp:term":[{"taxonomy":"category","embeddable":true,"href":"https:\/\/portalv1.com.br\/api\/wp\/v2\/categories?post=14305"},{"taxonomy":"post_tag","embeddable":true,"href":"https:\/\/portalv1.com.br\/api\/wp\/v2\/tags?post=14305"}],"curies":[{"name":"wp","href":"https:\/\/api.w.org\/{rel}","templated":true}]}}