{"id":14311,"date":"2012-12-09T12:01:59","date_gmt":"2012-12-09T15:01:59","guid":{"rendered":"https:\/\/portalv1.com.br\/?p=14311"},"modified":"2013-05-10T08:12:55","modified_gmt":"2013-05-10T11:12:55","slug":"eleitos-de-pimenteiras-serao-diplomados-nesta-segunda-feira","status":"publish","type":"post","link":"https:\/\/portalv1.com.br\/eleitos-de-pimenteiras-serao-diplomados-nesta-segunda-feira\/","title":{"rendered":"Eleitos de Pimenteiras ser\u00e3o diplomados nesta segunda-feira"},"content":{"rendered":"<figure id=\"attachment_13652\" aria-describedby=\"caption-attachment-13652\" style=\"width: 300px\" class=\"wp-caption alignright\"><a href=\"https:\/\/portalv1.com.br\/app\/wp-content\/uploads\/2012\/09\/venicioed1.jpg\"><img loading=\"lazy\" decoding=\"async\" class=\"size-medium wp-image-13652\" title=\"venicioed\" src=\"https:\/\/portalv1.com.br\/app\/wp-content\/uploads\/2012\/09\/venicioed1-300x225.jpg\" alt=\"\" width=\"300\" height=\"225\" srcset=\"https:\/\/portalv1.com.br\/app\/wp-content\/uploads\/2012\/09\/venicioed1-300x225.jpg 300w, https:\/\/portalv1.com.br\/app\/wp-content\/uploads\/2012\/09\/venicioed1.jpg 450w\" sizes=\"auto, (max-width: 300px) 100vw, 300px\" \/><\/a><figcaption id=\"caption-attachment-13652\" class=\"wp-caption-text\">Venicio do \u00d3 prefeito eleito de Pimenteiras<\/figcaption><\/figure>\n<p>O prefeito eleito de Pimenteiras Venicio do \u00d3, vice-prefeita Lucia Lacerda, vereadores e suplentes de Pimenteiras ser\u00e3o diplomados nesta segunda-feira, 10 de dezembro \u00e0s 10h da manha na C\u00e2mara de Vereadores para a gest\u00e3o 2013 a 2016. O juiz eleitoral Dr. Jos\u00e9 Wagner Linhares presidir\u00e1 a solenidade que deve contar com a presen\u00e7a de simpatizantes e familiares dos eleitos no ultimo dia 07 de outubro.<\/p>\n<p>Foram eleitos em Pimenteiras Venicio do \u00d3 Lucia Lacerda (4.421) e os vereadores Rog\u00e9rio (667), Amysthanio (619), Patr\u00edcio (586), Jander Nogueira (552), Jo\u00e3o Bosco (482), Pl\u00ednio (445), Toinzim (443), Gilberto (400) e Lourival (362).<\/p>\n","protected":false},"excerpt":{"rendered":"<p>O prefeito eleito de Pimenteiras Venicio do \u00d3, vice-prefeita Lucia Lacerda, vereadores e suplentes de Pimenteiras ser\u00e3o diplomados nesta segunda-feira, 10 de dezembro \u00e0s 10h da manha na C\u00e2mara de&#8230;<\/p>\n","protected":false},"author":1,"featured_media":0,"comment_status":"open","ping_status":"open","sticky":false,"template":"","format":"standard","meta":{"ngg_post_thumbnail":0,"footnotes":""},"categories":[1174],"tags":[],"class_list":["post-14311","post","type-post","status-publish","format-standard","hentry","category-pimenteiras"],"views":580,"meta_data":{"thumb":"https:\/\/portalv1.com.br\/app\/wp-content\/uploads\/2012\/09\/venicioed1.jpg","data":{"simple":"09\/12\/2012","date_time":"09\/12\/2012 09:01:59","date":"h\u00e1 13 anos"},"chapeu":"Diploma\u00e7\u00e3o ","source":"retirar"},"_links":{"self":[{"href":"https:\/\/portalv1.com.br\/api\/wp\/v2\/posts\/14311","targetHints":{"allow":["GET"]}}],"collection":[{"href":"https:\/\/portalv1.com.br\/api\/wp\/v2\/posts"}],"about":[{"href":"https:\/\/portalv1.com.br\/api\/wp\/v2\/types\/post"}],"author":[{"embeddable":true,"href":"https:\/\/portalv1.com.br\/api\/wp\/v2\/users\/1"}],"replies":[{"embeddable":true,"href":"https:\/\/portalv1.com.br\/api\/wp\/v2\/comments?post=14311"}],"version-history":[{"count":0,"href":"https:\/\/portalv1.com.br\/api\/wp\/v2\/posts\/14311\/revisions"}],"wp:attachment":[{"href":"https:\/\/portalv1.com.br\/api\/wp\/v2\/media?parent=14311"}],"wp:term":[{"taxonomy":"category","embeddable":true,"href":"https:\/\/portalv1.com.br\/api\/wp\/v2\/categories?post=14311"},{"taxonomy":"post_tag","embeddable":true,"href":"https:\/\/portalv1.com.br\/api\/wp\/v2\/tags?post=14311"}],"curies":[{"name":"wp","href":"https:\/\/api.w.org\/{rel}","templated":true}]}}