{"id":143213,"date":"2023-04-20T18:03:00","date_gmt":"2023-04-20T21:03:00","guid":{"rendered":"https:\/\/portalv1.com.br\/?p=143213"},"modified":"2023-04-20T18:04:06","modified_gmt":"2023-04-20T21:04:06","slug":"inscricoes-para-eleicao-do-conselho-tutelar-em-francinopolis-termina-dia-5-de-maio","status":"publish","type":"post","link":"https:\/\/portalv1.com.br\/inscricoes-para-eleicao-do-conselho-tutelar-em-francinopolis-termina-dia-5-de-maio\/","title":{"rendered":"Inscri\u00e7\u00f5es para elei\u00e7\u00e3o do Conselho Tutelar em Francin\u00f3polis terminam dia 5 de maio"},"content":{"rendered":"<p>A Prefeitura de Francin\u00f3polis, por meio do Conselho Municipal da Crian\u00e7a e do Adolescente informou a todos os interessados que continua realizando as as inscri\u00e7\u00f5es para a elei\u00e7\u00e3o dos novos conselheiros tutelares do munic\u00edpio.<\/p>\n<p>O mandato ser\u00e1 de 04 anos, iniciando no dia 10 de janeiro de 2024 a 9 de janeiro de 2028. A elei\u00e7\u00e3o ser\u00e1 realizada das 08h \u00e0s 17h do dia 1\u00ba de outubro de 2023.<\/p>\n<p>As inscri\u00e7\u00f5es ficar\u00e3o abertas do dia 04 de abril a 05 de maio de 2023, em hor\u00e1rio de atendimento ao p\u00fablico das 07:30h \u00e0s 13h, na Sede da Prefeitura, e devem ser realizadas pessoalmente pelo candidato ou por procurador com poderes espec\u00edficos, n\u00e3o sendo admitidas inscri\u00e7\u00f5es por e-mail ou outra forma digital.<\/p>\n<p>&nbsp;A carga horaria de trabalho \u00e9 de 40 horas semanais e a remunera\u00e7\u00e3o \u00e9 de um sal\u00e1rio m\u00ednimo.<\/p>\n<p>Podem se inscrever pessoas com reconhecida idoneidade moral, ter mais que 21 anos, residir no munic\u00edpio, ter ensino m\u00e9dio completo, n\u00e3o ter sido suspenso ou destitu\u00eddo do cargo de membro do Conselho Tutelar em mandato anterior, por decis\u00e3o administrativa ou judicial, entre outros requisitos.&nbsp;<a href=\"https:\/\/portalv1.com.br\/app\/wp-content\/uploads\/2023\/04\/conselho.pdf\">Acesse aqui o edital completo <\/a><\/p>\n","protected":false},"excerpt":{"rendered":"<p>A Prefeitura de Francin\u00f3polis, por meio do Conselho Municipal da Crian\u00e7a e do Adolescente informou a todos os interessados que continua realizando as as inscri\u00e7\u00f5es para a elei\u00e7\u00e3o dos novos&#8230;<\/p>\n","protected":false},"author":1,"featured_media":86917,"comment_status":"open","ping_status":"open","sticky":false,"template":"","format":"standard","meta":{"ngg_post_thumbnail":0,"footnotes":""},"categories":[243],"tags":[],"class_list":["post-143213","post","type-post","status-publish","format-standard","has-post-thumbnail","hentry","category-geral"],"views":190,"meta_data":{"thumb":"https:\/\/portalv1.com.br\/app\/wp-content\/uploads\/2020\/07\/Francinopolis-Copy.jpg","imagem":{"fullsize":{"url":"https:\/\/portalv1.com.br\/app\/wp-content\/uploads\/2020\/07\/Francinopolis-Copy.jpg","width":640,"height":360},"medium":{"url":"https:\/\/portalv1.com.br\/app\/wp-content\/uploads\/2020\/07\/Francinopolis-Copy-300x169.jpg","width":300,"height":169},"thumbnail":{"url":"https:\/\/portalv1.com.br\/app\/wp-content\/uploads\/2020\/07\/Francinopolis-Copy-100x100.jpg","width":100,"height":100}},"data":{"simple":"20\/04\/2023","date_time":"20\/04\/2023 15:03:00","date":"h\u00e1 3 anos"},"chapeu":"05 novos conselheiros ","source":"slide"},"_links":{"self":[{"href":"https:\/\/portalv1.com.br\/api\/wp\/v2\/posts\/143213","targetHints":{"allow":["GET"]}}],"collection":[{"href":"https:\/\/portalv1.com.br\/api\/wp\/v2\/posts"}],"about":[{"href":"https:\/\/portalv1.com.br\/api\/wp\/v2\/types\/post"}],"author":[{"embeddable":true,"href":"https:\/\/portalv1.com.br\/api\/wp\/v2\/users\/1"}],"replies":[{"embeddable":true,"href":"https:\/\/portalv1.com.br\/api\/wp\/v2\/comments?post=143213"}],"version-history":[{"count":0,"href":"https:\/\/portalv1.com.br\/api\/wp\/v2\/posts\/143213\/revisions"}],"wp:featuredmedia":[{"embeddable":true,"href":"https:\/\/portalv1.com.br\/api\/wp\/v2\/media\/86917"}],"wp:attachment":[{"href":"https:\/\/portalv1.com.br\/api\/wp\/v2\/media?parent=143213"}],"wp:term":[{"taxonomy":"category","embeddable":true,"href":"https:\/\/portalv1.com.br\/api\/wp\/v2\/categories?post=143213"},{"taxonomy":"post_tag","embeddable":true,"href":"https:\/\/portalv1.com.br\/api\/wp\/v2\/tags?post=143213"}],"curies":[{"name":"wp","href":"https:\/\/api.w.org\/{rel}","templated":true}]}}