{"id":14326,"date":"2012-12-11T10:40:09","date_gmt":"2012-12-11T13:40:09","guid":{"rendered":"https:\/\/portalv1.com.br\/?p=14326"},"modified":"2012-12-13T10:23:41","modified_gmt":"2012-12-13T13:23:41","slug":"veja-fotos-da-ultima-sessao-da-camara-de-vereadores-em-2012","status":"publish","type":"post","link":"https:\/\/portalv1.com.br\/veja-fotos-da-ultima-sessao-da-camara-de-vereadores-em-2012\/","title":{"rendered":"Veja fotos da ultima sess\u00e3o da C\u00e2mara de Vereadores em 2012"},"content":{"rendered":"<figure id=\"attachment_14327\" aria-describedby=\"caption-attachment-14327\" style=\"width: 300px\" class=\"wp-caption alignright\"><a href=\"https:\/\/portalv1.com.br\/app\/wp-content\/uploads\/2012\/12\/ielva.jpg\"><img loading=\"lazy\" decoding=\"async\" class=\"size-medium wp-image-14327\" title=\"ielva\" src=\"https:\/\/portalv1.com.br\/app\/wp-content\/uploads\/2012\/12\/ielva-300x225.jpg\" alt=\"\" width=\"300\" height=\"225\" srcset=\"https:\/\/portalv1.com.br\/app\/wp-content\/uploads\/2012\/12\/ielva-300x225.jpg 300w, https:\/\/portalv1.com.br\/app\/wp-content\/uploads\/2012\/12\/ielva.jpg 640w\" sizes=\"auto, (max-width: 300px) 100vw, 300px\" \/><\/a><figcaption id=\"caption-attachment-14327\" class=\"wp-caption-text\">Presidenta Ielva Mel\u00e3o e o prefeito Alc\u00e2ntara<\/figcaption><\/figure>\n<p>A C\u00e2mara Municipal realizou nesta segunda-feira (10), a ultima sess\u00e3o ordin\u00e1ria da atual legislatura. A sess\u00e3o de despedida contou com a presen\u00e7a dos nove vereadores, sendo que seis deles (Walfredo Filho, Eliseu Fran\u00e7a, Pedro Ribalta, Lindomar Am\u00e2ncio, Tico Adriano e Gilmar Barbosa) n\u00e3o estar\u00e3o na nova configura\u00e7\u00e3o do Legislativo Municipal, que come\u00e7a no dia 1\u00ba de janeiro de 2013. A sess\u00e3o tamb\u00e9m foi marcada pela entrega a institui\u00e7\u00f5es da Lei Org\u00e2nica Municipal, toda reformulada. A sess\u00e3o teve ainda a participa\u00e7\u00e3o do prefeito municipal Francisco Alc\u00e2ntara.<\/p>\n<p>Os discursos tiveram dois pontos em comuns, os elogios \u00e0 condu\u00e7\u00e3o do Legislativo Municipal pela presidenta Ielva Mel\u00e3o e desejos de boa sorte ao vereador Walfredo Filho, prefeito eleito de Valen\u00e7a. Entre os vereadores, que se despediram do parlamento est\u00e1 o vereador Eliseu Fran\u00e7a que ocupava a cadeira h\u00e1 29 anos. Em suas palavras, o vereador agradeceu aos colegas e afirmou que estava feliz com sua sa\u00edda, vista que sua cadeira ser\u00e1 ocupada pelo seu filho Hilton Nunes.<\/p>\n<p>Os vereadores Lindomar Am\u00e2ncio, Tico Adriano, Gilmar Barbosa, Pedro Ribalta que n\u00e3o conseguiram suas reelei\u00e7\u00f5es agradeceram aos colegas e enumeraram algumas conquistas conseguidas em seus mandatos e pediram que o prefeito eleito Walfredo Filho fa\u00e7a uma gest\u00e3o respeitando o Legislativo e que governe para todos os valencianos independentemente de cores partid\u00e1rias.<\/p>\n<p>A presidenta Ielva Mel\u00e3o encerrou os discursos agradecendo a colabora\u00e7\u00e3o de todos os parlamentares e do corpo funcional do Legislativo. Ela relatou a import\u00e2ncia da reformula\u00e7\u00e3o da Lei Org\u00e2nica Municipal e pediu que cada institui\u00e7\u00e3o se disponha a conhecer as leis que regem nosso munic\u00edpio, bem como a todos os vereadores que precisam estar afinados com as leis municipais. Ela terminou suas palavras desejando boa sorte e um breve retorno aos colegas que deixaram o parlamento municipal e que usem as experi\u00eancias adquiridas para ajudar nossa popula\u00e7\u00e3o. Veja fotos da sess\u00e3o.<\/p>\n<p><strong><div class=\"ngg-galleryoverview\" data-widget=\"Galeria\" data-props='{&quot;galeria&quot;:{&quot;gallery_id&quot;:1014,&quot;total&quot;:10,&quot;max_page&quot;:1,&quot;page&quot;:1,&quot;images&quot;:[{&quot;pid&quot;:18511,&quot;imageURL&quot;:&quot;https:\\\/\\\/portalv1.com.br\\\/app\\\/wp-content\\\/gallery\\\/camaradez\\\/dsc01562.jpg&quot;,&quot;thumbnailURL&quot;:&quot;https:\\\/\\\/portalv1.com.br\\\/app\\\/wp-content\\\/gallery\\\/camaradez\\\/thumbs\\\/thumbs_dsc01562.jpg&quot;,&quot;description&quot;:&quot; &quot;,&quot;alttext&quot;:&quot;dsc01562&quot;,&quot;style&quot;:&quot;&quot;},{&quot;pid&quot;:18512,&quot;imageURL&quot;:&quot;https:\\\/\\\/portalv1.com.br\\\/app\\\/wp-content\\\/gallery\\\/camaradez\\\/dsc01563.jpg&quot;,&quot;thumbnailURL&quot;:&quot;https:\\\/\\\/portalv1.com.br\\\/app\\\/wp-content\\\/gallery\\\/camaradez\\\/thumbs\\\/thumbs_dsc01563.jpg&quot;,&quot;description&quot;:&quot; &quot;,&quot;alttext&quot;:&quot;dsc01563&quot;,&quot;style&quot;:&quot;&quot;},{&quot;pid&quot;:18513,&quot;imageURL&quot;:&quot;https:\\\/\\\/portalv1.com.br\\\/app\\\/wp-content\\\/gallery\\\/camaradez\\\/dsc01564.jpg&quot;,&quot;thumbnailURL&quot;:&quot;https:\\\/\\\/portalv1.com.br\\\/app\\\/wp-content\\\/gallery\\\/camaradez\\\/thumbs\\\/thumbs_dsc01564.jpg&quot;,&quot;description&quot;:&quot; &quot;,&quot;alttext&quot;:&quot;dsc01564&quot;,&quot;style&quot;:&quot;&quot;},{&quot;pid&quot;:18514,&quot;imageURL&quot;:&quot;https:\\\/\\\/portalv1.com.br\\\/app\\\/wp-content\\\/gallery\\\/camaradez\\\/dsc01565.jpg&quot;,&quot;thumbnailURL&quot;:&quot;https:\\\/\\\/portalv1.com.br\\\/app\\\/wp-content\\\/gallery\\\/camaradez\\\/thumbs\\\/thumbs_dsc01565.jpg&quot;,&quot;description&quot;:&quot; &quot;,&quot;alttext&quot;:&quot;dsc01565&quot;,&quot;style&quot;:&quot;&quot;},{&quot;pid&quot;:18515,&quot;imageURL&quot;:&quot;https:\\\/\\\/portalv1.com.br\\\/app\\\/wp-content\\\/gallery\\\/camaradez\\\/dsc01568.jpg&quot;,&quot;thumbnailURL&quot;:&quot;https:\\\/\\\/portalv1.com.br\\\/app\\\/wp-content\\\/gallery\\\/camaradez\\\/thumbs\\\/thumbs_dsc01568.jpg&quot;,&quot;description&quot;:&quot; &quot;,&quot;alttext&quot;:&quot;dsc01568&quot;,&quot;style&quot;:&quot;&quot;},{&quot;pid&quot;:18516,&quot;imageURL&quot;:&quot;https:\\\/\\\/portalv1.com.br\\\/app\\\/wp-content\\\/gallery\\\/camaradez\\\/dsc01570.jpg&quot;,&quot;thumbnailURL&quot;:&quot;https:\\\/\\\/portalv1.com.br\\\/app\\\/wp-content\\\/gallery\\\/camaradez\\\/thumbs\\\/thumbs_dsc01570.jpg&quot;,&quot;description&quot;:&quot; &quot;,&quot;alttext&quot;:&quot;dsc01570&quot;,&quot;style&quot;:&quot;&quot;},{&quot;pid&quot;:18517,&quot;imageURL&quot;:&quot;https:\\\/\\\/portalv1.com.br\\\/app\\\/wp-content\\\/gallery\\\/camaradez\\\/dsc01572.jpg&quot;,&quot;thumbnailURL&quot;:&quot;https:\\\/\\\/portalv1.com.br\\\/app\\\/wp-content\\\/gallery\\\/camaradez\\\/thumbs\\\/thumbs_dsc01572.jpg&quot;,&quot;description&quot;:&quot; &quot;,&quot;alttext&quot;:&quot;dsc01572&quot;,&quot;style&quot;:&quot;&quot;},{&quot;pid&quot;:18518,&quot;imageURL&quot;:&quot;https:\\\/\\\/portalv1.com.br\\\/app\\\/wp-content\\\/gallery\\\/camaradez\\\/dsc01573.jpg&quot;,&quot;thumbnailURL&quot;:&quot;https:\\\/\\\/portalv1.com.br\\\/app\\\/wp-content\\\/gallery\\\/camaradez\\\/thumbs\\\/thumbs_dsc01573.jpg&quot;,&quot;description&quot;:&quot; &quot;,&quot;alttext&quot;:&quot;dsc01573&quot;,&quot;style&quot;:&quot;&quot;},{&quot;pid&quot;:18519,&quot;imageURL&quot;:&quot;https:\\\/\\\/portalv1.com.br\\\/app\\\/wp-content\\\/gallery\\\/camaradez\\\/dsc01574.jpg&quot;,&quot;thumbnailURL&quot;:&quot;https:\\\/\\\/portalv1.com.br\\\/app\\\/wp-content\\\/gallery\\\/camaradez\\\/thumbs\\\/thumbs_dsc01574.jpg&quot;,&quot;description&quot;:&quot; &quot;,&quot;alttext&quot;:&quot;dsc01574&quot;,&quot;style&quot;:&quot;&quot;},{&quot;pid&quot;:18520,&quot;imageURL&quot;:&quot;https:\\\/\\\/portalv1.com.br\\\/app\\\/wp-content\\\/gallery\\\/camaradez\\\/dsc01578.jpg&quot;,&quot;thumbnailURL&quot;:&quot;https:\\\/\\\/portalv1.com.br\\\/app\\\/wp-content\\\/gallery\\\/camaradez\\\/thumbs\\\/thumbs_dsc01578.jpg&quot;,&quot;description&quot;:&quot; &quot;,&quot;alttext&quot;:&quot;dsc01578&quot;,&quot;style&quot;:&quot;&quot;}]}}'><\/div><\/strong>.<\/p>\n","protected":false},"excerpt":{"rendered":"<p>A C\u00e2mara Municipal realizou nesta segunda-feira (10), a ultima sess\u00e3o ordin\u00e1ria da atual legislatura. A sess\u00e3o de despedida contou com a presen\u00e7a dos nove vereadores, sendo que seis deles (Walfredo&#8230;<\/p>\n","protected":false},"author":1,"featured_media":0,"comment_status":"open","ping_status":"open","sticky":false,"template":"","format":"standard","meta":{"ngg_post_thumbnail":0,"footnotes":""},"categories":[245],"tags":[],"class_list":["post-14326","post","type-post","status-publish","format-standard","hentry","category-entretenimento"],"views":791,"meta_data":{"thumb":"https:\/\/portalv1.com.br\/app\/wp-content\/uploads\/2012\/12\/ielva.jpg","data":{"simple":"11\/12\/2012","date_time":"11\/12\/2012 07:40:09","date":"h\u00e1 13 anos"},"chapeu":"Recesso Parlamentar","source":"retirar"},"_links":{"self":[{"href":"https:\/\/portalv1.com.br\/api\/wp\/v2\/posts\/14326","targetHints":{"allow":["GET"]}}],"collection":[{"href":"https:\/\/portalv1.com.br\/api\/wp\/v2\/posts"}],"about":[{"href":"https:\/\/portalv1.com.br\/api\/wp\/v2\/types\/post"}],"author":[{"embeddable":true,"href":"https:\/\/portalv1.com.br\/api\/wp\/v2\/users\/1"}],"replies":[{"embeddable":true,"href":"https:\/\/portalv1.com.br\/api\/wp\/v2\/comments?post=14326"}],"version-history":[{"count":0,"href":"https:\/\/portalv1.com.br\/api\/wp\/v2\/posts\/14326\/revisions"}],"wp:attachment":[{"href":"https:\/\/portalv1.com.br\/api\/wp\/v2\/media?parent=14326"}],"wp:term":[{"taxonomy":"category","embeddable":true,"href":"https:\/\/portalv1.com.br\/api\/wp\/v2\/categories?post=14326"},{"taxonomy":"post_tag","embeddable":true,"href":"https:\/\/portalv1.com.br\/api\/wp\/v2\/tags?post=14326"}],"curies":[{"name":"wp","href":"https:\/\/api.w.org\/{rel}","templated":true}]}}