{"id":143493,"date":"2023-04-24T12:28:23","date_gmt":"2023-04-24T15:28:23","guid":{"rendered":"https:\/\/portalv1.com.br\/?p=143493"},"modified":"2023-04-26T14:29:25","modified_gmt":"2023-04-26T17:29:25","slug":"opera-da-serra-da-capivara-apresenta-carmen-do-sertao-em-julho","status":"publish","type":"post","link":"https:\/\/portalv1.com.br\/opera-da-serra-da-capivara-apresenta-carmen-do-sertao-em-julho\/","title":{"rendered":"\u00d3pera da Serra da Capivara apresenta \u2018Carmen do Sert\u00e3o\u2019 em julho"},"content":{"rendered":"<p><a href=\"https:\/\/portalv1.com.br\/app\/wp-content\/uploads\/2023\/04\/DSC00289-Copy.jpg\"><img loading=\"lazy\" decoding=\"async\" class=\"aligncenter size-large wp-image-143494\" src=\"https:\/\/portalv1.com.br\/app\/wp-content\/uploads\/2023\/04\/DSC00289-Copy-640x427.jpg\" alt=\"\" width=\"600\" height=\"400\" srcset=\"https:\/\/portalv1.com.br\/app\/wp-content\/uploads\/2023\/04\/DSC00289-Copy-640x427.jpg 640w, https:\/\/portalv1.com.br\/app\/wp-content\/uploads\/2023\/04\/DSC00289-Copy-300x200.jpg 300w, https:\/\/portalv1.com.br\/app\/wp-content\/uploads\/2023\/04\/DSC00289-Copy-768x512.jpg 768w, https:\/\/portalv1.com.br\/app\/wp-content\/uploads\/2023\/04\/DSC00289-Copy.jpg 1024w\" sizes=\"auto, (max-width: 600px) 100vw, 600px\" \/><\/a>Vai come\u00e7ar mais um festival de arte e beleza, no sudeste piauiense. A \u00d3pera da Serra da Capivara, evento que j\u00e1 se tornou tradi\u00e7\u00e3o para o Piau\u00ed e o Brasil, chega \u00e0 quinta edi\u00e7\u00e3o em julho, trazendo \u2018Carmen do Sert\u00e3o\u2019 como o grande o espet\u00e1culo de 2023, que ser\u00e1 apresentado no anfiteatro da Pedra Furada, no Parque Nacional da Serra da Capivara, seguido de muita divers\u00e3o com shows de grandes nomes do cen\u00e1rio musical.<\/p>\n<p>A proposta \u00e9 uma adapta\u00e7\u00e3o de \u2018Carmen\u2019, pe\u00e7a cl\u00e1ssica do compositor franc\u00eas Georges Bizet, e que d\u00e1 in\u00edcio ao ciclo de releituras de obras mundialmente conhecidas, reimaginadas a partir de um olhar que mescla caracter\u00edsticas brasileiras \u00e0s narrativas que ser\u00e3o contadas pela \u00d3pera com muita m\u00fasica, dan\u00e7a, dramaticidade e tecnologia em um cen\u00e1rio bel\u00edssimo da natureza, buscando levar uma experi\u00eancia inesquec\u00edvel para o p\u00fablico.<\/p>\n<p>O novo momento da \u00d3pera vem ap\u00f3s o fechamento da primeira trilogia de espet\u00e1culos iniciada em 2017, que j\u00e1 contou a hist\u00f3ria dos povos ancestrais; a representatividade dos povos ind\u00edgenas e, por fim, veio o Ato Carcar\u00e1 em 2019 que celebrou a vida dos homens e mulheres sertanejos.<a href=\"https:\/\/portalv1.com.br\/app\/wp-content\/uploads\/2023\/04\/DSC00149-Copy.jpg\"><img loading=\"lazy\" decoding=\"async\" class=\"aligncenter size-large wp-image-143495\" src=\"https:\/\/portalv1.com.br\/app\/wp-content\/uploads\/2023\/04\/DSC00149-Copy-640x427.jpg\" alt=\"\" width=\"600\" height=\"400\" srcset=\"https:\/\/portalv1.com.br\/app\/wp-content\/uploads\/2023\/04\/DSC00149-Copy-640x427.jpg 640w, https:\/\/portalv1.com.br\/app\/wp-content\/uploads\/2023\/04\/DSC00149-Copy-300x200.jpg 300w, https:\/\/portalv1.com.br\/app\/wp-content\/uploads\/2023\/04\/DSC00149-Copy-768x512.jpg 768w, https:\/\/portalv1.com.br\/app\/wp-content\/uploads\/2023\/04\/DSC00149-Copy.jpg 1024w\" sizes=\"auto, (max-width: 600px) 100vw, 600px\" \/><\/a><\/p>\n<p>Em julho de 2022, o evento foi retomado ap\u00f3s um hiato de dois anos, provocado pela pandemia de Covid-19, com uma homenagem \u00e0 arque\u00f3loga franco-brasileira Ni\u00e8de Guidon, considerada um dos nomes mais atuantes na conserva\u00e7\u00e3o e manuten\u00e7\u00e3o de rel\u00edquias hist\u00f3ricas no Brasil, al\u00e9m de respons\u00e1vel pela cria\u00e7\u00e3o do Parque Nacional da Serra da Capivara, na caatinga piauiense em 1979.<\/p>\n<p>\u201cNessas quatro edi\u00e7\u00f5es conseguimos entregar espet\u00e1culos lindos, reunindo elementos hist\u00f3ricos com arte, envoltas no que h\u00e1 de mais moderno,&nbsp; em termos de tecnologia. S\u00e3o eventos de organiza\u00e7\u00e3o complexa e em formato in\u00e9dito no pa\u00eds, realizados em uma unidade de conserva\u00e7\u00e3o, pautados principalmente pelo cuidado e o respeito ao meio ambiente\u201d, conta Sadia Castro, diretora-geral da \u00d3pera.<\/p>\n<p>Sadia destaca que o evento \u00e9 tradicional no calend\u00e1rio de festas da regi\u00e3o e mais uma oportunidade, em termos de iniciativa, para as pessoas apreciarem a cultura. \u201cTodos os anos montamos uma programa\u00e7\u00e3o planejada com muito carinho, pensando em levar beleza, arte e entretenimento\u201d.<a href=\"https:\/\/portalv1.com.br\/app\/wp-content\/uploads\/2023\/04\/JTN_3329-2-Copy.jpg\"><img loading=\"lazy\" decoding=\"async\" class=\"aligncenter size-large wp-image-143496\" src=\"https:\/\/portalv1.com.br\/app\/wp-content\/uploads\/2023\/04\/JTN_3329-2-Copy-640x427.jpg\" alt=\"\" width=\"600\" height=\"400\" srcset=\"https:\/\/portalv1.com.br\/app\/wp-content\/uploads\/2023\/04\/JTN_3329-2-Copy-640x427.jpg 640w, https:\/\/portalv1.com.br\/app\/wp-content\/uploads\/2023\/04\/JTN_3329-2-Copy-300x200.jpg 300w, https:\/\/portalv1.com.br\/app\/wp-content\/uploads\/2023\/04\/JTN_3329-2-Copy-768x512.jpg 768w, https:\/\/portalv1.com.br\/app\/wp-content\/uploads\/2023\/04\/JTN_3329-2-Copy.jpg 1024w\" sizes=\"auto, (max-width: 600px) 100vw, 600px\" \/><\/a><\/p>\n<p>Ela acrescenta sobre o car\u00e1ter social e econ\u00f4mico do evento para os munic\u00edpios. Explica que nas contrata\u00e7\u00f5es, s\u00e3o priorizados sempre os profissionais locais. \u201cDa marcenaria, ao serralheiro; no transporte, na alimenta\u00e7\u00e3o das equipes; no receptivo, o bal\u00e9, os artistas e mais. \u00c9 uma maneira de incentivar nossos pratas da casa, fomentar os neg\u00f3cios e ajudar no desenvolvimento do Piau\u00ed\u201d, finaliza a diretora.<\/p>\n<p><strong>Programa\u00e7\u00e3o 2023<\/strong><\/p>\n<p>Entre os dias 27 e 29 de julho, ap\u00f3s o ato principal (Carmen do Sert\u00e3o), o anfiteatro da Pedra Furada receber\u00e1 shows de grandes artistas do cen\u00e1rio musical nacional e que ir\u00e3o trazer ritmos diversificados \u00e0s apresenta\u00e7\u00f5es, tanto no Parque, como na cidade. O line-up 2023 tamb\u00e9m foi especialmente preparado, e quem abre os trabalhos \u00e9 o cantor, compositor, cronista e m\u00fasico Zeca Baleiro, um dos maiores nomes da MPB.<\/p>\n<p>Trazendo o carimb\u00f3 e todo o gingado paraense, a cantora Lia Sophia estreia na \u00d3pera da Serra da Capivara, assim como Felipe Cordeiro, artista da cena contempor\u00e2nea conhecido pela mistura de ritmos populares. O DJ sulista Gil Preto volta aos palcos piauienses, trazendo o seu \u2018Brasilidades\u2019 na discotecagem, com setlist renovado.<\/p>\n<p>No in\u00edcio da semana, mais precisamente na segunda e ter\u00e7a-feira (24 e 25 de julho, respectivamente) Renata Rosa e As Ful\u00f4 do Sert\u00e3o se apresentam pela \u00d3pera na Cidade, na Pra\u00e7a Abrigo, munic\u00edpio de S\u00e3o Raimundo Nonato &#8211; PI (a programa\u00e7\u00e3o musical est\u00e1 sujeita a altera\u00e7\u00f5es).<a href=\"https:\/\/portalv1.com.br\/app\/wp-content\/uploads\/2023\/04\/JTN_3876-Copy.jpg\"><img loading=\"lazy\" decoding=\"async\" class=\"aligncenter size-large wp-image-143497\" src=\"https:\/\/portalv1.com.br\/app\/wp-content\/uploads\/2023\/04\/JTN_3876-Copy-640x427.jpg\" alt=\"\" width=\"600\" height=\"400\" srcset=\"https:\/\/portalv1.com.br\/app\/wp-content\/uploads\/2023\/04\/JTN_3876-Copy-640x427.jpg 640w, https:\/\/portalv1.com.br\/app\/wp-content\/uploads\/2023\/04\/JTN_3876-Copy-300x200.jpg 300w, https:\/\/portalv1.com.br\/app\/wp-content\/uploads\/2023\/04\/JTN_3876-Copy-768x512.jpg 768w, https:\/\/portalv1.com.br\/app\/wp-content\/uploads\/2023\/04\/JTN_3876-Copy.jpg 1024w\" sizes=\"auto, (max-width: 600px) 100vw, 600px\" \/><\/a><\/p>\n<p><strong>Venda de Ingressos<\/strong><\/p>\n<p>Os ingressos para espet\u00e1culo e shows no anfiteatro da Pedra Furada ser\u00e3o vendidos a partir de 28 de abril de 2023 em www.operadaserradacapivara.com.br\/ingressos. Eles custam R$ 398,00 (inteira) e R$ 199,00 (meia), mediante apresenta\u00e7\u00e3o da carteira estudantil ou via Ingresso Solid\u00e1rio &#8211; com a entrega de 1 kg de alimento n\u00e3o perec\u00edvel.<\/p>\n<p><strong>SERVI\u00c7O<\/strong><\/p>\n<p>O que: \u00d3pera da Serra da Capivara 2023<\/p>\n<p>Quando: De 24 a 29 de julho de 2023<\/p>\n<p>Onde:<\/p>\n<p>*\u00d3pera na Cidade &#8211; shows com Renata Rosa e As Ful\u00f4 do Sert\u00e3o.<\/p>\n<p>(Pra\u00e7a do Abrigo, SRM-PI dias 24 e 25 de julho de 2023).<\/p>\n<p>*Ato \u2018Carmen do Sert\u00e3o\u2019 e shows com Zeca Baleiro, Lia Sofia e Felipe Cordeiro.<\/p>\n<p>(anfiteatro da Pedra Furada, Parque Nacional da Serra da Capivara, de 27 a 29 de julho de 2023).<\/p>\n<p>Bilheteria: Venda dos ingressos estar\u00e1 dispon\u00edvel a partir de 28 de abril de 2023 pelo site www.operadaserradacapivara.com.br.<\/p>\n<p>Valores: R$398,00 (inteira) e R$199,00 (meia), mediante apresenta\u00e7\u00e3o da carteira estudantil ou via Ingresso Solid\u00e1rio &#8211; com a entrega de 1 kg de alimento n\u00e3o perec\u00edvel.<\/p>\n<p>&nbsp;<\/p>\n<p>Assessoria de imprensa:<\/p>\n<p>Thiago Lucas (61) 98125-9955<\/p>\n<p>Raphael Moura (11) 11 98239-3677<\/p>\n","protected":false},"excerpt":{"rendered":"<p>Vai come\u00e7ar mais um festival de arte e beleza, no sudeste piauiense. A \u00d3pera da Serra da Capivara, evento que j\u00e1 se tornou tradi\u00e7\u00e3o para o Piau\u00ed e o Brasil,&#8230;<\/p>\n","protected":false},"author":1,"featured_media":143495,"comment_status":"open","ping_status":"open","sticky":false,"template":"","format":"standard","meta":{"ngg_post_thumbnail":0,"footnotes":""},"categories":[245],"tags":[],"class_list":["post-143493","post","type-post","status-publish","format-standard","has-post-thumbnail","hentry","category-entretenimento"],"views":179,"meta_data":{"thumb":"https:\/\/portalv1.com.br\/app\/wp-content\/uploads\/2023\/04\/DSC00149-Copy.jpg","imagem":{"fullsize":{"url":"https:\/\/portalv1.com.br\/app\/wp-content\/uploads\/2023\/04\/DSC00149-Copy.jpg","width":1024,"height":683},"medium":{"url":"https:\/\/portalv1.com.br\/app\/wp-content\/uploads\/2023\/04\/DSC00149-Copy-300x200.jpg","width":300,"height":200},"large":{"url":"https:\/\/portalv1.com.br\/app\/wp-content\/uploads\/2023\/04\/DSC00149-Copy-640x427.jpg","width":640,"height":427},"thumbnail":{"url":"https:\/\/portalv1.com.br\/app\/wp-content\/uploads\/2023\/04\/DSC00149-Copy-100x100.jpg","width":100,"height":100},"medium_large":{"url":"https:\/\/portalv1.com.br\/app\/wp-content\/uploads\/2023\/04\/DSC00149-Copy-768x512.jpg","width":768,"height":512}},"data":{"simple":"24\/04\/2023","date_time":"24\/04\/2023 09:28:23","date":"h\u00e1 3 anos"},"chapeu":"Saiba detalhes ","source":"retirar"},"_links":{"self":[{"href":"https:\/\/portalv1.com.br\/api\/wp\/v2\/posts\/143493","targetHints":{"allow":["GET"]}}],"collection":[{"href":"https:\/\/portalv1.com.br\/api\/wp\/v2\/posts"}],"about":[{"href":"https:\/\/portalv1.com.br\/api\/wp\/v2\/types\/post"}],"author":[{"embeddable":true,"href":"https:\/\/portalv1.com.br\/api\/wp\/v2\/users\/1"}],"replies":[{"embeddable":true,"href":"https:\/\/portalv1.com.br\/api\/wp\/v2\/comments?post=143493"}],"version-history":[{"count":0,"href":"https:\/\/portalv1.com.br\/api\/wp\/v2\/posts\/143493\/revisions"}],"wp:featuredmedia":[{"embeddable":true,"href":"https:\/\/portalv1.com.br\/api\/wp\/v2\/media\/143495"}],"wp:attachment":[{"href":"https:\/\/portalv1.com.br\/api\/wp\/v2\/media?parent=143493"}],"wp:term":[{"taxonomy":"category","embeddable":true,"href":"https:\/\/portalv1.com.br\/api\/wp\/v2\/categories?post=143493"},{"taxonomy":"post_tag","embeddable":true,"href":"https:\/\/portalv1.com.br\/api\/wp\/v2\/tags?post=143493"}],"curies":[{"name":"wp","href":"https:\/\/api.w.org\/{rel}","templated":true}]}}