{"id":143580,"date":"2023-04-27T23:08:09","date_gmt":"2023-04-28T02:08:09","guid":{"rendered":"https:\/\/portalv1.com.br\/?p=143580"},"modified":"2023-04-27T23:08:09","modified_gmt":"2023-04-28T02:08:09","slug":"prefeito-de-valenca-marcelo-costa-anuncia-reforma-do-terminal-rodoviario","status":"publish","type":"post","link":"https:\/\/portalv1.com.br\/prefeito-de-valenca-marcelo-costa-anuncia-reforma-do-terminal-rodoviario\/","title":{"rendered":"Prefeito de Valen\u00e7a, Marcelo Costa anuncia reforma do terminal rodovi\u00e1rio"},"content":{"rendered":"<p>Nesta quarta-feira (26), o prefeito Marcelo Costa anunciou que o Terminal Rodovi\u00e1rio passar\u00e1 por uma ampla reforma. O an\u00fancio foi feito depois de uma vistoria pelas depend\u00eancias do terminal constru\u00eddo em 1992.<\/p>\n<p>\u201cHoje, juntamente com nosso secret\u00e1rio de obras Rubens Alencar, vereador Benoni presidente da C\u00e2mara, secret\u00e1rios e vereadores tiramos essa tarde para vistoriar a rodovi\u00e1ria e constatamos v\u00e1rios problemas existentes, principalmente infiltra\u00e7\u00f5es no teto e nessa conversa aqui a gente decidiu por reformar esse terminal rodovi\u00e1rio, que \u00e9 de t\u00e3o grande import\u00e2ncia pra nossa cidade\u201d, afirmou o prefeito, que disse ainda que a obra ser\u00e1 custeada com recursos pr\u00f3prios.&nbsp;<\/p>\n<p>Al\u00e9m de aplaudir o an\u00fancio da reforma, o secret\u00e1rio de obras Rubens Alencar, que \u00e9 tamb\u00e9m vice-prefeito, destacou a preocupa\u00e7\u00e3o com a seguran\u00e7a do local.<\/p>\n<p>\u201cRecebemos uma demanda do nosso gerente do terminal e dos propriet\u00e1rios dos boxes a respeito da circula\u00e7\u00e3o de pessoas, que est\u00e1 deixando o terminal numa situa\u00e7\u00e3o dif\u00edcil das pessoas fazerem uso sem ser incomodadas, ent\u00e3o o prefeito j\u00e1 determinou e vamos nos reunir com a seguran\u00e7a, com o nosso comandante e vamos trazer o terminal de volta com todas as condi\u00e7\u00f5es de funcionar no sentido de atender ao prop\u00f3sito primeiro, no sentido de ter um pr\u00e9dio belo e um lugar onde as pessoas possam visitar com tranquilidade\u201d, frisou o secret\u00e1rio, que adiantou que a reuni\u00e3o com a seguran\u00e7a deve acontecer na pr\u00f3xima segunda-feira.<\/p>\n<p>O presidente da c\u00e2mara, Benoni Sousa, participou da visita e destacou o trabalho do prefeito Marcelo Costa.<\/p>\n<p>\u201c\u00c9 uma satisfa\u00e7\u00e3o hoje estar ao lado do prefeito Marcelo Costa fazendo uma reforma, que \u00e9 um desejo da popula\u00e7\u00e3o ver essa rodovi\u00e1ria bela como ela \u00e9 um cart\u00e3o postal de nossa cidade. Essa revitaliza\u00e7\u00e3o \u00e9 muito importante\u201d, apontou Benoni Sousa. O prefeito Marcelo Costa afirmou durante a visita que o terminal rodovi\u00e1rio n\u00e3o ser\u00e1 o \u00fanico a ser reformado: \u201cVamos reformar o Mercado do Xer\u00e9m, fazer a lateral da Joaquim Manoel e a Pra\u00e7a Get\u00falio Vargas\u201d, disse o prefeito.<\/p>\n<p><div class=\"content-iframe\" data-content-width=\"600\"><iframe loading=\"lazy\" title=\"YouTube video player\" src=\"https:\/\/www.youtube.com\/embed\/PnddZRQJVdU\" width=\"560\" height=\"315\" frameborder=\"0\" allowfullscreen=\"allowfullscreen\"><\/iframe><\/div>&nbsp;<\/p>\n<p><a href=\"https:\/\/portalv1.com.br\/app\/wp-content\/uploads\/2023\/04\/IMG_3608-Copy.jpg\"><img loading=\"lazy\" decoding=\"async\" class=\"aligncenter size-large wp-image-143581\" src=\"https:\/\/portalv1.com.br\/app\/wp-content\/uploads\/2023\/04\/IMG_3608-Copy-640x359.jpg\" alt=\"\" width=\"600\" height=\"337\" srcset=\"https:\/\/portalv1.com.br\/app\/wp-content\/uploads\/2023\/04\/IMG_3608-Copy-640x359.jpg 640w, https:\/\/portalv1.com.br\/app\/wp-content\/uploads\/2023\/04\/IMG_3608-Copy-300x168.jpg 300w, https:\/\/portalv1.com.br\/app\/wp-content\/uploads\/2023\/04\/IMG_3608-Copy-768x431.jpg 768w, https:\/\/portalv1.com.br\/app\/wp-content\/uploads\/2023\/04\/IMG_3608-Copy.jpg 1024w\" sizes=\"auto, (max-width: 600px) 100vw, 600px\" \/><\/a> <a href=\"https:\/\/portalv1.com.br\/app\/wp-content\/uploads\/2023\/04\/IMG_3616-Copy.jpg\"><img loading=\"lazy\" decoding=\"async\" class=\"aligncenter size-large wp-image-143582\" src=\"https:\/\/portalv1.com.br\/app\/wp-content\/uploads\/2023\/04\/IMG_3616-Copy-640x359.jpg\" alt=\"\" width=\"600\" height=\"337\" srcset=\"https:\/\/portalv1.com.br\/app\/wp-content\/uploads\/2023\/04\/IMG_3616-Copy-640x359.jpg 640w, https:\/\/portalv1.com.br\/app\/wp-content\/uploads\/2023\/04\/IMG_3616-Copy-300x168.jpg 300w, https:\/\/portalv1.com.br\/app\/wp-content\/uploads\/2023\/04\/IMG_3616-Copy-768x431.jpg 768w, https:\/\/portalv1.com.br\/app\/wp-content\/uploads\/2023\/04\/IMG_3616-Copy.jpg 1024w\" sizes=\"auto, (max-width: 600px) 100vw, 600px\" \/><\/a> <a href=\"https:\/\/portalv1.com.br\/app\/wp-content\/uploads\/2023\/04\/IMG_3625-Copy.jpg\"><img loading=\"lazy\" decoding=\"async\" class=\"aligncenter size-large wp-image-143583\" src=\"https:\/\/portalv1.com.br\/app\/wp-content\/uploads\/2023\/04\/IMG_3625-Copy-640x359.jpg\" alt=\"\" width=\"600\" height=\"337\" srcset=\"https:\/\/portalv1.com.br\/app\/wp-content\/uploads\/2023\/04\/IMG_3625-Copy-640x359.jpg 640w, https:\/\/portalv1.com.br\/app\/wp-content\/uploads\/2023\/04\/IMG_3625-Copy-300x168.jpg 300w, https:\/\/portalv1.com.br\/app\/wp-content\/uploads\/2023\/04\/IMG_3625-Copy-768x431.jpg 768w, https:\/\/portalv1.com.br\/app\/wp-content\/uploads\/2023\/04\/IMG_3625-Copy.jpg 1024w\" sizes=\"auto, (max-width: 600px) 100vw, 600px\" \/><\/a> <a href=\"https:\/\/portalv1.com.br\/app\/wp-content\/uploads\/2023\/04\/IMG_3627-Copy.jpg\"><img loading=\"lazy\" decoding=\"async\" class=\"aligncenter size-large wp-image-143584\" src=\"https:\/\/portalv1.com.br\/app\/wp-content\/uploads\/2023\/04\/IMG_3627-Copy-640x359.jpg\" alt=\"\" width=\"600\" height=\"337\" srcset=\"https:\/\/portalv1.com.br\/app\/wp-content\/uploads\/2023\/04\/IMG_3627-Copy-640x359.jpg 640w, https:\/\/portalv1.com.br\/app\/wp-content\/uploads\/2023\/04\/IMG_3627-Copy-300x168.jpg 300w, https:\/\/portalv1.com.br\/app\/wp-content\/uploads\/2023\/04\/IMG_3627-Copy-768x431.jpg 768w, https:\/\/portalv1.com.br\/app\/wp-content\/uploads\/2023\/04\/IMG_3627-Copy.jpg 1024w\" sizes=\"auto, (max-width: 600px) 100vw, 600px\" \/><\/a> <a href=\"https:\/\/portalv1.com.br\/app\/wp-content\/uploads\/2023\/04\/IMG_3632-Copy.jpg\"><img loading=\"lazy\" decoding=\"async\" class=\"aligncenter size-large wp-image-143585\" src=\"https:\/\/portalv1.com.br\/app\/wp-content\/uploads\/2023\/04\/IMG_3632-Copy-640x359.jpg\" alt=\"\" width=\"600\" height=\"337\" srcset=\"https:\/\/portalv1.com.br\/app\/wp-content\/uploads\/2023\/04\/IMG_3632-Copy-640x359.jpg 640w, https:\/\/portalv1.com.br\/app\/wp-content\/uploads\/2023\/04\/IMG_3632-Copy-300x168.jpg 300w, https:\/\/portalv1.com.br\/app\/wp-content\/uploads\/2023\/04\/IMG_3632-Copy-768x431.jpg 768w, https:\/\/portalv1.com.br\/app\/wp-content\/uploads\/2023\/04\/IMG_3632-Copy.jpg 1024w\" sizes=\"auto, (max-width: 600px) 100vw, 600px\" \/><\/a><\/p>\n","protected":false},"excerpt":{"rendered":"<p>Nesta quarta-feira (26), o prefeito Marcelo Costa anunciou que o Terminal Rodovi\u00e1rio passar\u00e1 por uma ampla reforma. O an\u00fancio foi feito depois de uma vistoria pelas depend\u00eancias do terminal constru\u00eddo&#8230;<\/p>\n","protected":false},"author":1,"featured_media":143584,"comment_status":"open","ping_status":"open","sticky":false,"template":"","format":"standard","meta":{"ngg_post_thumbnail":0,"footnotes":""},"categories":[243],"tags":[],"class_list":["post-143580","post","type-post","status-publish","format-standard","has-post-thumbnail","hentry","category-geral"],"views":455,"meta_data":{"thumb":"https:\/\/portalv1.com.br\/app\/wp-content\/uploads\/2023\/04\/IMG_3627-Copy.jpg","imagem":{"fullsize":{"url":"https:\/\/portalv1.com.br\/app\/wp-content\/uploads\/2023\/04\/IMG_3627-Copy.jpg","width":1024,"height":575},"medium":{"url":"https:\/\/portalv1.com.br\/app\/wp-content\/uploads\/2023\/04\/IMG_3627-Copy-300x168.jpg","width":300,"height":168},"large":{"url":"https:\/\/portalv1.com.br\/app\/wp-content\/uploads\/2023\/04\/IMG_3627-Copy-640x359.jpg","width":640,"height":359},"thumbnail":{"url":"https:\/\/portalv1.com.br\/app\/wp-content\/uploads\/2023\/04\/IMG_3627-Copy-100x100.jpg","width":100,"height":100},"medium_large":{"url":"https:\/\/portalv1.com.br\/app\/wp-content\/uploads\/2023\/04\/IMG_3627-Copy-768x431.jpg","width":768,"height":431}},"data":{"simple":"27\/04\/2023","date_time":"27\/04\/2023 20:08:09","date":"h\u00e1 3 anos"},"chapeu":"Fotos e Video","source":"slide"},"_links":{"self":[{"href":"https:\/\/portalv1.com.br\/api\/wp\/v2\/posts\/143580","targetHints":{"allow":["GET"]}}],"collection":[{"href":"https:\/\/portalv1.com.br\/api\/wp\/v2\/posts"}],"about":[{"href":"https:\/\/portalv1.com.br\/api\/wp\/v2\/types\/post"}],"author":[{"embeddable":true,"href":"https:\/\/portalv1.com.br\/api\/wp\/v2\/users\/1"}],"replies":[{"embeddable":true,"href":"https:\/\/portalv1.com.br\/api\/wp\/v2\/comments?post=143580"}],"version-history":[{"count":0,"href":"https:\/\/portalv1.com.br\/api\/wp\/v2\/posts\/143580\/revisions"}],"wp:featuredmedia":[{"embeddable":true,"href":"https:\/\/portalv1.com.br\/api\/wp\/v2\/media\/143584"}],"wp:attachment":[{"href":"https:\/\/portalv1.com.br\/api\/wp\/v2\/media?parent=143580"}],"wp:term":[{"taxonomy":"category","embeddable":true,"href":"https:\/\/portalv1.com.br\/api\/wp\/v2\/categories?post=143580"},{"taxonomy":"post_tag","embeddable":true,"href":"https:\/\/portalv1.com.br\/api\/wp\/v2\/tags?post=143580"}],"curies":[{"name":"wp","href":"https:\/\/api.w.org\/{rel}","templated":true}]}}