{"id":14453,"date":"2012-12-26T12:19:07","date_gmt":"2012-12-26T15:19:07","guid":{"rendered":"https:\/\/portalv1.com.br\/?p=14453"},"modified":"2012-12-29T09:19:15","modified_gmt":"2012-12-29T12:19:15","slug":"papai-noel-da-loja-geraldo-utilidades-entrega-presentes-vejas-as-fotos","status":"publish","type":"post","link":"https:\/\/portalv1.com.br\/papai-noel-da-loja-geraldo-utilidades-entrega-presentes-vejas-as-fotos\/","title":{"rendered":"Papai Noel da Loja Geraldo Utilidades entrega presentes. Vejas as fotos"},"content":{"rendered":"<figure id=\"attachment_14454\" aria-describedby=\"caption-attachment-14454\" style=\"width: 300px\" class=\"wp-caption alignright\"><a href=\"https:\/\/portalv1.com.br\/app\/wp-content\/uploads\/2012\/12\/papai-noel.jpg\"><img loading=\"lazy\" decoding=\"async\" class=\"size-medium wp-image-14454\" title=\"papai noel\" src=\"https:\/\/portalv1.com.br\/app\/wp-content\/uploads\/2012\/12\/papai-noel-300x225.jpg\" alt=\"\" width=\"300\" height=\"225\" srcset=\"https:\/\/portalv1.com.br\/app\/wp-content\/uploads\/2012\/12\/papai-noel-300x225.jpg 300w, https:\/\/portalv1.com.br\/app\/wp-content\/uploads\/2012\/12\/papai-noel.jpg 450w\" sizes=\"auto, (max-width: 300px) 100vw, 300px\" \/><\/a><figcaption id=\"caption-attachment-14454\" class=\"wp-caption-text\">Papai Noel entregou os presentes<\/figcaption><\/figure>\n<p>Os clientes da Loja Geraldo Utilidades receberam nesta ter\u00e7a-feira (25) a visita do Papai Noel, dentro da promo\u00e7\u00e3o especial da loja que realizou o desejo de varias crian\u00e7as nesse Natal. A promo\u00e7\u00e3o consistia na escrita de uma carta para o Papai Noel da Loja Geraldo Utilidades e os sorteados teriam o seu desejo realizado. A promo\u00e7\u00e3o foi um sucesso e nesta ter\u00e7a-feira, os ganhadores receberam os presentes e a visita de Papai Noel em suas casas.<\/p>\n<p>A entrega dos presentes fecha com chave de ouro a promo\u00e7\u00e3o que levou alegria aos lares e manteve vivo o esp\u00edrito natalino nos cora\u00e7\u00f5es das crian\u00e7as contempladas e nas presenteadas com presentes da Loja Geraldo Utilidade.\u00a0 Veja as fotos<\/p>\n<p><strong><div class=\"ngg-galleryoverview\" data-widget=\"Galeria\" data-props='{&quot;galeria&quot;:{&quot;gallery_id&quot;:1030,&quot;total&quot;:8,&quot;max_page&quot;:1,&quot;page&quot;:1,&quot;images&quot;:[{&quot;pid&quot;:19122,&quot;imageURL&quot;:&quot;https:\\\/\\\/portalv1.com.br\\\/app\\\/wp-content\\\/gallery\\\/geraldo_3\\\/dsc02099.jpg?t=1723116350&quot;,&quot;thumbnailURL&quot;:&quot;https:\\\/\\\/portalv1.com.br\\\/app\\\/wp-content\\\/gallery\\\/geraldo_3\\\/thumbs\\\/thumbs_dsc02099.jpg?t=1723116350&quot;,&quot;description&quot;:&quot; &quot;,&quot;alttext&quot;:&quot;dsc02099&quot;,&quot;style&quot;:&quot;&quot;},{&quot;pid&quot;:19123,&quot;imageURL&quot;:&quot;https:\\\/\\\/portalv1.com.br\\\/app\\\/wp-content\\\/gallery\\\/geraldo_3\\\/dsc02100.jpg?t=1723116123&quot;,&quot;thumbnailURL&quot;:&quot;https:\\\/\\\/portalv1.com.br\\\/app\\\/wp-content\\\/gallery\\\/geraldo_3\\\/thumbs\\\/thumbs_dsc02100.jpg?t=1723116123&quot;,&quot;description&quot;:&quot; &quot;,&quot;alttext&quot;:&quot;dsc02100&quot;,&quot;style&quot;:&quot;&quot;},{&quot;pid&quot;:19124,&quot;imageURL&quot;:&quot;https:\\\/\\\/portalv1.com.br\\\/app\\\/wp-content\\\/gallery\\\/geraldo_3\\\/dsc02101.jpg?t=1723115102&quot;,&quot;thumbnailURL&quot;:&quot;https:\\\/\\\/portalv1.com.br\\\/app\\\/wp-content\\\/gallery\\\/geraldo_3\\\/thumbs\\\/thumbs_dsc02101.jpg?t=1723115102&quot;,&quot;description&quot;:&quot; &quot;,&quot;alttext&quot;:&quot;dsc02101&quot;,&quot;style&quot;:&quot;&quot;},{&quot;pid&quot;:19125,&quot;imageURL&quot;:&quot;https:\\\/\\\/portalv1.com.br\\\/app\\\/wp-content\\\/gallery\\\/geraldo_3\\\/dsc02102.jpg?t=1723115686&quot;,&quot;thumbnailURL&quot;:&quot;https:\\\/\\\/portalv1.com.br\\\/app\\\/wp-content\\\/gallery\\\/geraldo_3\\\/thumbs\\\/thumbs_dsc02102.jpg?t=1723115686&quot;,&quot;description&quot;:&quot; &quot;,&quot;alttext&quot;:&quot;dsc02102&quot;,&quot;style&quot;:&quot;&quot;},{&quot;pid&quot;:19126,&quot;imageURL&quot;:&quot;https:\\\/\\\/portalv1.com.br\\\/app\\\/wp-content\\\/gallery\\\/geraldo_3\\\/dsc02104.jpg?t=1723116429&quot;,&quot;thumbnailURL&quot;:&quot;https:\\\/\\\/portalv1.com.br\\\/app\\\/wp-content\\\/gallery\\\/geraldo_3\\\/thumbs\\\/thumbs_dsc02104.jpg?t=1723116429&quot;,&quot;description&quot;:&quot; &quot;,&quot;alttext&quot;:&quot;dsc02104&quot;,&quot;style&quot;:&quot;&quot;},{&quot;pid&quot;:19127,&quot;imageURL&quot;:&quot;https:\\\/\\\/portalv1.com.br\\\/app\\\/wp-content\\\/gallery\\\/geraldo_3\\\/dsc02105.jpg?t=1723116248&quot;,&quot;thumbnailURL&quot;:&quot;https:\\\/\\\/portalv1.com.br\\\/app\\\/wp-content\\\/gallery\\\/geraldo_3\\\/thumbs\\\/thumbs_dsc02105.jpg?t=1723116248&quot;,&quot;description&quot;:&quot; &quot;,&quot;alttext&quot;:&quot;dsc02105&quot;,&quot;style&quot;:&quot;&quot;},{&quot;pid&quot;:19128,&quot;imageURL&quot;:&quot;https:\\\/\\\/portalv1.com.br\\\/app\\\/wp-content\\\/gallery\\\/geraldo_3\\\/dsc02106.jpg?t=1723115127&quot;,&quot;thumbnailURL&quot;:&quot;https:\\\/\\\/portalv1.com.br\\\/app\\\/wp-content\\\/gallery\\\/geraldo_3\\\/thumbs\\\/thumbs_dsc02106.jpg?t=1723115127&quot;,&quot;description&quot;:&quot; &quot;,&quot;alttext&quot;:&quot;dsc02106&quot;,&quot;style&quot;:&quot;&quot;},{&quot;pid&quot;:19129,&quot;imageURL&quot;:&quot;https:\\\/\\\/portalv1.com.br\\\/app\\\/wp-content\\\/gallery\\\/geraldo_3\\\/dsc02107.jpg?t=1723085519&quot;,&quot;thumbnailURL&quot;:&quot;https:\\\/\\\/portalv1.com.br\\\/app\\\/wp-content\\\/gallery\\\/geraldo_3\\\/thumbs\\\/thumbs_dsc02107.jpg?t=1723085519&quot;,&quot;description&quot;:&quot; &quot;,&quot;alttext&quot;:&quot;dsc02107&quot;,&quot;style&quot;:&quot;&quot;}]}}'><\/div><\/strong>.<\/p>\n","protected":false},"excerpt":{"rendered":"<p>Os clientes da Loja Geraldo Utilidades receberam nesta ter\u00e7a-feira (25) a visita do Papai Noel, dentro da promo\u00e7\u00e3o especial da loja que realizou o desejo de varias crian\u00e7as nesse Natal&#8230;.<\/p>\n","protected":false},"author":1,"featured_media":0,"comment_status":"open","ping_status":"open","sticky":false,"template":"","format":"standard","meta":{"ngg_post_thumbnail":0,"footnotes":""},"categories":[12],"tags":[],"class_list":["post-14453","post","type-post","status-publish","format-standard","hentry","category-valenca-news"],"views":606,"meta_data":{"thumb":"https:\/\/portalv1.com.br\/app\/wp-content\/uploads\/2012\/12\/papai-noel.jpg","data":{"simple":"26\/12\/2012","date_time":"26\/12\/2012 09:19:07","date":"h\u00e1 13 anos"},"chapeu":"Presentes ","source":"foto_menor"},"_links":{"self":[{"href":"https:\/\/portalv1.com.br\/api\/wp\/v2\/posts\/14453","targetHints":{"allow":["GET"]}}],"collection":[{"href":"https:\/\/portalv1.com.br\/api\/wp\/v2\/posts"}],"about":[{"href":"https:\/\/portalv1.com.br\/api\/wp\/v2\/types\/post"}],"author":[{"embeddable":true,"href":"https:\/\/portalv1.com.br\/api\/wp\/v2\/users\/1"}],"replies":[{"embeddable":true,"href":"https:\/\/portalv1.com.br\/api\/wp\/v2\/comments?post=14453"}],"version-history":[{"count":0,"href":"https:\/\/portalv1.com.br\/api\/wp\/v2\/posts\/14453\/revisions"}],"wp:attachment":[{"href":"https:\/\/portalv1.com.br\/api\/wp\/v2\/media?parent=14453"}],"wp:term":[{"taxonomy":"category","embeddable":true,"href":"https:\/\/portalv1.com.br\/api\/wp\/v2\/categories?post=14453"},{"taxonomy":"post_tag","embeddable":true,"href":"https:\/\/portalv1.com.br\/api\/wp\/v2\/tags?post=14453"}],"curies":[{"name":"wp","href":"https:\/\/api.w.org\/{rel}","templated":true}]}}