{"id":144634,"date":"2023-05-07T21:38:40","date_gmt":"2023-05-08T00:38:40","guid":{"rendered":"https:\/\/portalv1.com.br\/?p=144634"},"modified":"2023-05-07T21:40:51","modified_gmt":"2023-05-08T00:40:51","slug":"seduc-aplica-provas-do-i-torneio-de-matematica-das-escolas-estaduais","status":"publish","type":"post","link":"https:\/\/portalv1.com.br\/seduc-aplica-provas-do-i-torneio-de-matematica-das-escolas-estaduais\/","title":{"rendered":"Seduc aplica provas do I Torneio de Matem\u00e1tica das Escolas Estaduais"},"content":{"rendered":"<p>A celebra\u00e7\u00e3o pelo Dia Nacional da Matem\u00e1tica aconteceu de uma forma diferente nas escolas da Rede Estadual de Educa\u00e7\u00e3o do Piau\u00ed. Neste s\u00e1bado (6), os estudantes lembraram da data durante participa\u00e7\u00e3o no I Torneio de Matem\u00e1tica das Escolas Estaduais do Piau\u00ed \u2013 TME\u00b2. A aplica\u00e7\u00e3o dos testes acontece em alus\u00e3o \u00e0 data em que se comemora, 06 de maio.<\/p>\n<p>Conforme explica o Superintendente de Ensino da Secretaria de Estado da Educa\u00e7\u00e3o do Piau\u00ed (Seduc-PI), Antonio Amaral, o TME\u00b2 \u00e9 um projeto que visa contribuir para a melhoria do desempenho dos estudantes da rede na OBMEP (Olimp\u00edada Brasileira de Matem\u00e1tica das Escolas P\u00fablicas). No TME\u00b2 s\u00e3o aplicadas provas objetiva e subjetiva para estudantes do Ensino M\u00e9dio em todo o territ\u00f3rio piauiense.<\/p>\n<p>\u201cEsta a\u00e7\u00e3o foi projetada como a primeira a\u00e7\u00e3o dentro de um programa do Seduc Ol\u00edmpica e, este por sua vez, est\u00e1 dentro do programa maior o acelera Seduc. A boa participa\u00e7\u00e3o no TME\u00b2 poder\u00e1 dar condi\u00e7\u00e3o para que possamos selecionar um grupo de estudantes oriundos de todas as regionais de ensino para o trabalho aprofundado e sirva de um treinamento para a OBMEP.&nbsp; Iremos criar in\u00fameras oportunidades para os jovens no prosseguimento das suas carreiras cient\u00edficas e, assim, ampliar ainda mais o resultado dos nossos estudantes melhorando a profici\u00eancia de matem\u00e1tica dos estudantes estado\u201d, destaca o superintendente.<\/p>\n<p><span style=\"color: #000000; font-family: Verdana;\">Mobiliza\u00e7\u00e3o para o TME\u00b2&nbsp;<\/span><\/p>\n<p>Respons\u00e1vel pela Coordena\u00e7\u00e3o das Olimp\u00edadas do Conhecimento na Seduc, Franklin Rinaldo informa que a equipe est\u00e1 com plant\u00e3o tira-d\u00favidas dedicado a estudantes e professores, al\u00e9m do acompanhamento da aplica\u00e7\u00e3o das provas do TME\u00b2 durante todo o s\u00e1bado.<\/p>\n<p>\u201cEstamos fazendo plant\u00e3o e repassando informa\u00e7\u00f5es finais para que tudo possa correr de maneira tranquila. Verificamos que a ades\u00e3o de escolas, professores e alunos superou as nossas expectativaa, conforme a frequ\u00eancia enorme, e os relatos que n\u00f3s temos deles \u00e9 que a prova foi muito bem elaborada. Acreditamos que o torneio \u00e9 um sucesso e certamente n\u00f3s iremos alcan\u00e7ar o nosso objetivo, que \u00e9, principalmente, melhorar profici\u00eancia e dar um salto de qualidade no ensino da matem\u00e1tica\u201d, relatou o coordenador Franklin Rinaldo.<\/p>\n<p>A equipe da 19\u00aa Ger\u00eancia Regional de Educa\u00e7\u00e3o esteve na Unidade Escolar Estado de S\u00e3o Paulo acompanhando a aplica\u00e7\u00e3o de provas do torneio. Atendendo \u00e0s escolas na regi\u00e3o Sul de Teresina, a gerente Marlene Lima pontuou o forte engajamento das escolas para o comparecimento dos estudantes no primeiro torneio. \u201cA aplica\u00e7\u00e3o das provas ocorreu dentro da normalidade, tendo uma boa presen\u00e7a de alunos e professores colaborando. A feliz surpresa foi o resultado da mobiliza\u00e7\u00e3o com a grande participa\u00e7\u00e3o dos alunos nessa aplica\u00e7\u00e3o do torneio. Toda a equipe da Seduc e a 19\u00aa GRE deram todo o suporte necess\u00e1rio para a plena atividade das escolas, incluindo a presen\u00e7a de t\u00e9cnicos nas escolas para sanar d\u00favidas eventuais\u201d, relatou a gerente.<\/p>\n<p>Na cidade de Altos, a equipe pedag\u00f3gica do Centro Estadual de Tempo Integral (Ceti) Rama Boa mobilizou 370 estudantes que compareceram motivados para a aplica\u00e7\u00e3o das provas, conforme relata a gestora escolar, Clemilda Almeida. \u201cA escola mobilizou toda a comunidade escolar, selando um compromisso com nossos alunos sobre a import\u00e2ncia da participa\u00e7\u00e3o no I Torneio de Matem\u00e1tica. Os professores de matem\u00e1tica realizaram revis\u00f5es e simulados para que nossos alunos pudessem lograr \u00eaxito e seguir para a segunda etapa do torneio. Durante todaa semana, a escola motivou os alunos para a participa\u00e7\u00e3o hoje, dia 06, para a realiza\u00e7\u00e3o do TME\u00b2\u201d, comentou a gestora.<\/p>\n<p>Em 16 de junho ocorrer\u00e1 a divulga\u00e7\u00e3o dos classificados para a 2\u00aa fase do Torneio, que acontece na data 24 de junho. Na fase seguinte a coordena\u00e7\u00e3o do&nbsp; TME\u00b2 prev\u00ea ainda como premia\u00e7\u00e3o a \u201cJornada Especial da Matem\u00e1tica\u201d, a ser ofertada aos 200 estudantes com melhores notas, por meio de uma imers\u00e3o. A culmin\u00e2ncia dessa premia\u00e7\u00e3o ser\u00e1 realizada em Teresina, com o Coordenador Estadual do Projeto Recomposi\u00e7\u00e3o da Aprendizagem, Prof. Teot\u00f4nio Vieira; Superintendente da SUEB, Prof. Ant\u00f4nio Amaral; e convidados.<\/p>\n<p>Fonte: SECOM&nbsp;<\/p>\n","protected":false},"excerpt":{"rendered":"<p>A celebra\u00e7\u00e3o pelo Dia Nacional da Matem\u00e1tica aconteceu de uma forma diferente nas escolas da Rede Estadual de Educa\u00e7\u00e3o do Piau\u00ed. Neste s\u00e1bado (6), os estudantes lembraram da data durante&#8230;<\/p>\n","protected":false},"author":1,"featured_media":144635,"comment_status":"open","ping_status":"open","sticky":false,"template":"","format":"standard","meta":{"ngg_post_thumbnail":0,"footnotes":""},"categories":[243],"tags":[],"class_list":["post-144634","post","type-post","status-publish","format-standard","has-post-thumbnail","hentry","category-geral"],"views":176,"meta_data":{"thumb":"https:\/\/portalv1.com.br\/app\/wp-content\/uploads\/2023\/05\/educacao.jpeg","imagem":{"fullsize":{"url":"https:\/\/portalv1.com.br\/app\/wp-content\/uploads\/2023\/05\/educacao.jpeg","width":1200,"height":1089},"medium":{"url":"https:\/\/portalv1.com.br\/app\/wp-content\/uploads\/2023\/05\/educacao-300x272.jpeg","width":300,"height":272},"large":{"url":"https:\/\/portalv1.com.br\/app\/wp-content\/uploads\/2023\/05\/educacao-640x581.jpeg","width":640,"height":581},"thumbnail":{"url":"https:\/\/portalv1.com.br\/app\/wp-content\/uploads\/2023\/05\/educacao-100x100.jpeg","width":100,"height":100},"medium_large":{"url":"https:\/\/portalv1.com.br\/app\/wp-content\/uploads\/2023\/05\/educacao-768x697.jpeg","width":768,"height":697}},"data":{"simple":"07\/05\/2023","date_time":"07\/05\/2023 18:38:40","date":"h\u00e1 3 anos"},"chapeu":"Saiba Detalhes ","source":"slide"},"_links":{"self":[{"href":"https:\/\/portalv1.com.br\/api\/wp\/v2\/posts\/144634","targetHints":{"allow":["GET"]}}],"collection":[{"href":"https:\/\/portalv1.com.br\/api\/wp\/v2\/posts"}],"about":[{"href":"https:\/\/portalv1.com.br\/api\/wp\/v2\/types\/post"}],"author":[{"embeddable":true,"href":"https:\/\/portalv1.com.br\/api\/wp\/v2\/users\/1"}],"replies":[{"embeddable":true,"href":"https:\/\/portalv1.com.br\/api\/wp\/v2\/comments?post=144634"}],"version-history":[{"count":0,"href":"https:\/\/portalv1.com.br\/api\/wp\/v2\/posts\/144634\/revisions"}],"wp:featuredmedia":[{"embeddable":true,"href":"https:\/\/portalv1.com.br\/api\/wp\/v2\/media\/144635"}],"wp:attachment":[{"href":"https:\/\/portalv1.com.br\/api\/wp\/v2\/media?parent=144634"}],"wp:term":[{"taxonomy":"category","embeddable":true,"href":"https:\/\/portalv1.com.br\/api\/wp\/v2\/categories?post=144634"},{"taxonomy":"post_tag","embeddable":true,"href":"https:\/\/portalv1.com.br\/api\/wp\/v2\/tags?post=144634"}],"curies":[{"name":"wp","href":"https:\/\/api.w.org\/{rel}","templated":true}]}}