{"id":144642,"date":"2023-05-08T13:18:36","date_gmt":"2023-05-08T16:18:36","guid":{"rendered":"https:\/\/portalv1.com.br\/?p=144642"},"modified":"2023-05-08T13:18:36","modified_gmt":"2023-05-08T16:18:36","slug":"advogado-jose-maria-e-o-mais-votado-na-lista-triplice-para-membro-efetivo-do-tre-pi","status":"publish","type":"post","link":"https:\/\/portalv1.com.br\/advogado-jose-maria-e-o-mais-votado-na-lista-triplice-para-membro-efetivo-do-tre-pi\/","title":{"rendered":"Advogado Jos\u00e9 Maria \u00e9 o mais votado na lista tr\u00edplice para membro efetivo do TRE-PI"},"content":{"rendered":"<figure id=\"attachment_144643\" aria-describedby=\"caption-attachment-144643\" style=\"width: 640px\" class=\"wp-caption aligncenter\"><a href=\"https:\/\/portalv1.com.br\/app\/wp-content\/uploads\/2023\/05\/jose-maria.jpg\"><img loading=\"lazy\" decoding=\"async\" class=\"size-full wp-image-144643\" src=\"https:\/\/portalv1.com.br\/app\/wp-content\/uploads\/2023\/05\/jose-maria.jpg\" alt=\"\" width=\"640\" height=\"384\" srcset=\"https:\/\/portalv1.com.br\/app\/wp-content\/uploads\/2023\/05\/jose-maria.jpg 640w, https:\/\/portalv1.com.br\/app\/wp-content\/uploads\/2023\/05\/jose-maria-300x180.jpg 300w\" sizes=\"auto, (max-width: 640px) 100vw, 640px\" \/><\/a><figcaption id=\"caption-attachment-144643\" class=\"wp-caption-text\">Jos\u00e9 Maria de Ara\u00fajo Costa<\/figcaption><\/figure>\n<p>O advogado Jos\u00e9 Maria de Ara\u00fajo Costa foi o mais votado pelos desembargadores do Tribunal de Justi\u00e7a do Piau\u00ed na lista tr\u00edplice que escolher\u00e1 o novo membro efetivo do Tribunal Regional Eleitoral do Piau\u00ed (TRE-PI) na classe de jurista.<\/p>\n<p>A vota\u00e7\u00e3o foi realizada na manha desta segunda-feira, 8 de maio e o ex-candidato a vice-prefeito de Valen\u00e7a obteve 16 votos seguido de Leandro Cavalcante de Carvalho, com 9 votos e Guilardo C\u00e9sa Medeiros Gra\u00e7a, com 08 votos.<\/p>\n<p>12 advogados se inscreveram para o pleito e 19 desembargadores votaram.&nbsp; A vaga de jurista surge em decorr\u00eancia do t\u00e9rmino do segundo bi\u00eanio do advogado Thiago F\u00e9rrer, no dia 19 de julho deste ano.<\/p>\n<p>Jos\u00e9 Maria que \u00e9 natural de Floriano tem participa\u00e7\u00e3o ativa no diret\u00f3rio municipal do PT em Valen\u00e7a e no estado e foi candidato a vice-prefeito nas elei\u00e7\u00f5es municipais de 1996.<\/p>\n<p>A lista tr\u00edplice ser\u00e1 enviada ao Tribunal Superior Eleitoral (TSE) e depois dos tr\u00e2mites seguir\u00e1 para o presidente Lula a quem caber\u00e1 a escolha.<\/p>\n","protected":false},"excerpt":{"rendered":"<p>O advogado Jos\u00e9 Maria de Ara\u00fajo Costa foi o mais votado pelos desembargadores do Tribunal de Justi\u00e7a do Piau\u00ed na lista tr\u00edplice que escolher\u00e1 o novo membro efetivo do Tribunal&#8230;<\/p>\n","protected":false},"author":1,"featured_media":144643,"comment_status":"open","ping_status":"open","sticky":false,"template":"","format":"standard","meta":{"ngg_post_thumbnail":0,"footnotes":""},"categories":[243],"tags":[],"class_list":["post-144642","post","type-post","status-publish","format-standard","has-post-thumbnail","hentry","category-geral"],"views":1223,"meta_data":{"thumb":"https:\/\/portalv1.com.br\/app\/wp-content\/uploads\/2023\/05\/jose-maria.jpg","imagem":{"fullsize":{"url":"https:\/\/portalv1.com.br\/app\/wp-content\/uploads\/2023\/05\/jose-maria.jpg","width":640,"height":384},"medium":{"url":"https:\/\/portalv1.com.br\/app\/wp-content\/uploads\/2023\/05\/jose-maria-300x180.jpg","width":300,"height":180},"thumbnail":{"url":"https:\/\/portalv1.com.br\/app\/wp-content\/uploads\/2023\/05\/jose-maria-100x100.jpg","width":100,"height":100}},"data":{"simple":"08\/05\/2023","date_time":"08\/05\/2023 10:18:36","date":"h\u00e1 3 anos"},"chapeu":"Tribunal Regional Eleitoral ","source":"slide"},"_links":{"self":[{"href":"https:\/\/portalv1.com.br\/api\/wp\/v2\/posts\/144642","targetHints":{"allow":["GET"]}}],"collection":[{"href":"https:\/\/portalv1.com.br\/api\/wp\/v2\/posts"}],"about":[{"href":"https:\/\/portalv1.com.br\/api\/wp\/v2\/types\/post"}],"author":[{"embeddable":true,"href":"https:\/\/portalv1.com.br\/api\/wp\/v2\/users\/1"}],"replies":[{"embeddable":true,"href":"https:\/\/portalv1.com.br\/api\/wp\/v2\/comments?post=144642"}],"version-history":[{"count":0,"href":"https:\/\/portalv1.com.br\/api\/wp\/v2\/posts\/144642\/revisions"}],"wp:featuredmedia":[{"embeddable":true,"href":"https:\/\/portalv1.com.br\/api\/wp\/v2\/media\/144643"}],"wp:attachment":[{"href":"https:\/\/portalv1.com.br\/api\/wp\/v2\/media?parent=144642"}],"wp:term":[{"taxonomy":"category","embeddable":true,"href":"https:\/\/portalv1.com.br\/api\/wp\/v2\/categories?post=144642"},{"taxonomy":"post_tag","embeddable":true,"href":"https:\/\/portalv1.com.br\/api\/wp\/v2\/tags?post=144642"}],"curies":[{"name":"wp","href":"https:\/\/api.w.org\/{rel}","templated":true}]}}