{"id":14478,"date":"2012-12-29T09:53:20","date_gmt":"2012-12-29T12:53:20","guid":{"rendered":"https:\/\/portalv1.com.br\/?p=14478"},"modified":"2013-01-04T23:04:55","modified_gmt":"2013-01-05T02:04:55","slug":"grave-acidente-deixa-quatro-pessoas-mortas-na-br-316","status":"publish","type":"post","link":"https:\/\/portalv1.com.br\/grave-acidente-deixa-quatro-pessoas-mortas-na-br-316\/","title":{"rendered":"Grave acidente deixa quatro pessoas mortas na BR-316"},"content":{"rendered":"<figure id=\"attachment_14479\" aria-describedby=\"caption-attachment-14479\" style=\"width: 300px\" class=\"wp-caption alignright\"><a href=\"https:\/\/portalv1.com.br\/app\/wp-content\/uploads\/2012\/12\/acidente.jpg\"><img loading=\"lazy\" decoding=\"async\" class=\"size-medium wp-image-14479\" alt=\"Acidente entre Valen\u00e7a e Elesb\u00e3o Veloso   \" src=\"https:\/\/portalv1.com.br\/app\/wp-content\/uploads\/2012\/12\/acidente-300x225.jpg\" width=\"300\" height=\"225\" srcset=\"https:\/\/portalv1.com.br\/app\/wp-content\/uploads\/2012\/12\/acidente-300x225.jpg 300w, https:\/\/portalv1.com.br\/app\/wp-content\/uploads\/2012\/12\/acidente.jpg 600w\" sizes=\"auto, (max-width: 300px) 100vw, 300px\" \/><\/a><figcaption id=\"caption-attachment-14479\" class=\"wp-caption-text\">Acidente entre Valen\u00e7a e Elesb\u00e3o Veloso<\/figcaption><\/figure>\n<p>Uma colis\u00e3o frontal entre dois caminh\u00f5es causou a morte de quatro pessoas, \u00e0s 11h30 de sexta-feira na rodovia BR-316, entre os munic\u00edpios de Elesb\u00e3o Veloso e Valen\u00e7a. Entre as v\u00edtimas, h\u00e1 duas crian\u00e7as.<\/p>\n<p>A colis\u00e3o se deu entre dois caminh\u00f5es, um de placa de Teresina e outro de Feira de Santana, na Bahia. As v\u00edtimas foram identificadas como Walmir da Silva de Ara\u00fajo, motorista do caminh\u00e3o, Aldin\u00e9ia Carneiro de Ara\u00fajo e as crian\u00e7as, Felipe Oliveira de Ara\u00fajo e Thiago Oliveira de Ara\u00fajo, com idade entre sete e oito anos. Todos morreram, e s\u00e3o da mesma fam\u00edlia.<\/p>\n<p>A terceira crian\u00e7a, que seria Stefany Oliveira de Ara\u00fajo, encontra-se em estado grave no hospital. O motorista do segundo caminh\u00e3o tamb\u00e9m se encontra em estado grave.<\/p>\n<p>Fonte: Meionorte<\/p>\n","protected":false},"excerpt":{"rendered":"<p>Uma colis\u00e3o frontal entre dois caminh\u00f5es causou a morte de quatro pessoas, \u00e0s 11h30 de sexta-feira na rodovia BR-316, entre os munic\u00edpios de Elesb\u00e3o Veloso e Valen\u00e7a. Entre as v\u00edtimas,&#8230;<\/p>\n","protected":false},"author":1,"featured_media":0,"comment_status":"open","ping_status":"open","sticky":false,"template":"","format":"standard","meta":{"ngg_post_thumbnail":0,"footnotes":""},"categories":[243],"tags":[],"class_list":["post-14478","post","type-post","status-publish","format-standard","hentry","category-geral"],"views":3763,"meta_data":{"thumb":"https:\/\/portalv1.com.br\/app\/wp-content\/uploads\/2012\/12\/acidente.jpg","data":{"simple":"29\/12\/2012","date_time":"29\/12\/2012 06:53:20","date":"h\u00e1 13 anos"},"chapeu":"Acidente graves","source":"retirar"},"_links":{"self":[{"href":"https:\/\/portalv1.com.br\/api\/wp\/v2\/posts\/14478","targetHints":{"allow":["GET"]}}],"collection":[{"href":"https:\/\/portalv1.com.br\/api\/wp\/v2\/posts"}],"about":[{"href":"https:\/\/portalv1.com.br\/api\/wp\/v2\/types\/post"}],"author":[{"embeddable":true,"href":"https:\/\/portalv1.com.br\/api\/wp\/v2\/users\/1"}],"replies":[{"embeddable":true,"href":"https:\/\/portalv1.com.br\/api\/wp\/v2\/comments?post=14478"}],"version-history":[{"count":0,"href":"https:\/\/portalv1.com.br\/api\/wp\/v2\/posts\/14478\/revisions"}],"wp:attachment":[{"href":"https:\/\/portalv1.com.br\/api\/wp\/v2\/media?parent=14478"}],"wp:term":[{"taxonomy":"category","embeddable":true,"href":"https:\/\/portalv1.com.br\/api\/wp\/v2\/categories?post=14478"},{"taxonomy":"post_tag","embeddable":true,"href":"https:\/\/portalv1.com.br\/api\/wp\/v2\/tags?post=14478"}],"curies":[{"name":"wp","href":"https:\/\/api.w.org\/{rel}","templated":true}]}}