{"id":14553,"date":"2013-01-08T16:39:25","date_gmt":"2013-01-08T19:39:25","guid":{"rendered":"https:\/\/portalv1.com.br\/?p=14553"},"modified":"2013-01-08T22:02:36","modified_gmt":"2013-01-09T01:02:36","slug":"secretarios-de-lagoa-do-sitio-sao-empossados-veja-nomes","status":"publish","type":"post","link":"https:\/\/portalv1.com.br\/secretarios-de-lagoa-do-sitio-sao-empossados-veja-nomes\/","title":{"rendered":"Secret\u00e1rios de Lagoa do Sitio s\u00e3o empossados. Veja nomes"},"content":{"rendered":"<figure id=\"attachment_14554\" aria-describedby=\"caption-attachment-14554\" style=\"width: 300px\" class=\"wp-caption alignright\"><a href=\"https:\/\/portalv1.com.br\/app\/wp-content\/uploads\/2013\/01\/nilton.jpg\"><img loading=\"lazy\" decoding=\"async\" class=\"size-full wp-image-14554\" alt=\"O Secretario de educa\u00e7\u00e3o Nilton Filho continuar\u00e1 a frente da educa\u00e7\u00e3o \" src=\"https:\/\/portalv1.com.br\/app\/wp-content\/uploads\/2013\/01\/nilton.jpg\" width=\"300\" height=\"200\" \/><\/a><figcaption id=\"caption-attachment-14554\" class=\"wp-caption-text\">O Secretario de educa\u00e7\u00e3o Nilton Filho continuar\u00e1 a frente da educa\u00e7\u00e3o<\/figcaption><\/figure>\n<p>O prefeito reeleito de Lagoa do Sitio, Z\u00e9 Sim\u00e3o deu posse na tarde desta segunda-feira (07) aos novos secret\u00e1rios municipais. O primeiro escal\u00e3o sofreu poucas modifica\u00e7\u00f5es da gest\u00e3o anterior, no entanto alguns remanejamentos foram feitos pelo prefeito municipal. A primeira dama Gercineide comandar\u00e1 a Assist\u00eancia Social do munic\u00edpio. A secretaria de administra\u00e7\u00e3o ter\u00e1 a frente \u00e0 ex-primeira-dama Vilma Moura.<\/p>\n<p>O professor Chagas Rabelo assumiu a secretaria de cultura. Isauri Moura continuar\u00e1 a frente da chefia de governo. Luzinete Ara\u00fajo ser\u00e1 a nova secret\u00e1ria de agricultura, Vera Gabriel continuar\u00e1 a frente da sa\u00fade.<\/p>\n<p>A secretaria de educa\u00e7\u00e3o continuar\u00e1 sob o comando do professor Nilton Filho, que ano passado levou o munic\u00edpio a melhor coloca\u00e7\u00e3o na nota do IDEB superando at\u00e9 a cidade de Valen\u00e7a na qualidade de ensino. O advogado Dam\u00e1sio Ara\u00fajo na assessoria jur\u00eddica e Rosa Maria na tesouraria completaram as nomea\u00e7\u00f5es do primeiro escal\u00e3o de Lagoa do Sitio.<\/p>\n<p>Fotos: Alderi Sousa<\/p>\n","protected":false},"excerpt":{"rendered":"<p>O prefeito reeleito de Lagoa do Sitio, Z\u00e9 Sim\u00e3o deu posse na tarde desta segunda-feira (07) aos novos secret\u00e1rios municipais. O primeiro escal\u00e3o sofreu poucas modifica\u00e7\u00f5es da gest\u00e3o anterior, no&#8230;<\/p>\n","protected":false},"author":1,"featured_media":0,"comment_status":"open","ping_status":"open","sticky":false,"template":"","format":"standard","meta":{"ngg_post_thumbnail":0,"footnotes":""},"categories":[243],"tags":[],"class_list":["post-14553","post","type-post","status-publish","format-standard","hentry","category-geral"],"views":633,"meta_data":{"thumb":"https:\/\/portalv1.com.br\/app\/wp-content\/uploads\/2013\/01\/nilton.jpg","data":{"simple":"08\/01\/2013","date_time":"08\/01\/2013 13:39:25","date":"h\u00e1 13 anos"},"chapeu":"Posse de secret\u00e1rios ","source":"retirar"},"_links":{"self":[{"href":"https:\/\/portalv1.com.br\/api\/wp\/v2\/posts\/14553","targetHints":{"allow":["GET"]}}],"collection":[{"href":"https:\/\/portalv1.com.br\/api\/wp\/v2\/posts"}],"about":[{"href":"https:\/\/portalv1.com.br\/api\/wp\/v2\/types\/post"}],"author":[{"embeddable":true,"href":"https:\/\/portalv1.com.br\/api\/wp\/v2\/users\/1"}],"replies":[{"embeddable":true,"href":"https:\/\/portalv1.com.br\/api\/wp\/v2\/comments?post=14553"}],"version-history":[{"count":0,"href":"https:\/\/portalv1.com.br\/api\/wp\/v2\/posts\/14553\/revisions"}],"wp:attachment":[{"href":"https:\/\/portalv1.com.br\/api\/wp\/v2\/media?parent=14553"}],"wp:term":[{"taxonomy":"category","embeddable":true,"href":"https:\/\/portalv1.com.br\/api\/wp\/v2\/categories?post=14553"},{"taxonomy":"post_tag","embeddable":true,"href":"https:\/\/portalv1.com.br\/api\/wp\/v2\/tags?post=14553"}],"curies":[{"name":"wp","href":"https:\/\/api.w.org\/{rel}","templated":true}]}}