{"id":14563,"date":"2013-01-09T07:30:46","date_gmt":"2013-01-09T10:30:46","guid":{"rendered":"https:\/\/portalv1.com.br\/?p=14563"},"modified":"2013-01-09T23:33:23","modified_gmt":"2013-01-10T02:33:23","slug":"inhumense-chega-de-brasilia-nesta-quinta-feira-de-bicicleta","status":"publish","type":"post","link":"https:\/\/portalv1.com.br\/inhumense-chega-de-brasilia-nesta-quinta-feira-de-bicicleta\/","title":{"rendered":"Inhumense chega de Bras\u00edlia nesta quinta-feira de bicicleta"},"content":{"rendered":"<figure id=\"attachment_14564\" aria-describedby=\"caption-attachment-14564\" style=\"width: 300px\" class=\"wp-caption alignright\"><a href=\"https:\/\/portalv1.com.br\/app\/wp-content\/uploads\/2013\/01\/nilson.jpg\"><img loading=\"lazy\" decoding=\"async\" class=\"size-full wp-image-14564 \" alt=\"Nilson de Cassiano \" src=\"https:\/\/portalv1.com.br\/app\/wp-content\/uploads\/2013\/01\/nilson.jpg\" width=\"300\" height=\"225\" \/><\/a><figcaption id=\"caption-attachment-14564\" class=\"wp-caption-text\">Nilson de Cassiano<\/figcaption><\/figure>\n<p>O inhumense Nilson de Cassiano e um amigo chegam na tarde desta quinta-feira (10) a sua cidade natal vindo de Bras\u00edlia. A noticia poderia ser corriqueira se n\u00e3o fosse o fato do inhumense est\u00e1 percorrendo os mais 1.600 km entre as cidades de bicicleta. A chegada est\u00e1 marcada para a tarde desta quinta-feira no bal\u00e3o da BR 316. A prefeitura de Inhuma prepara uma grande recep\u00e7\u00e3o. A ideia \u00e9 esperar de bicicleta os dois atletas na entrada da cidade e entrarem fazendo claro, a maior festa.<\/p>\n","protected":false},"excerpt":{"rendered":"<p>O inhumense Nilson de Cassiano e um amigo chegam na tarde desta quinta-feira (10) a sua cidade natal vindo de Bras\u00edlia. A noticia poderia ser corriqueira se n\u00e3o fosse o&#8230;<\/p>\n","protected":false},"author":1,"featured_media":0,"comment_status":"open","ping_status":"open","sticky":false,"template":"","format":"standard","meta":{"ngg_post_thumbnail":0,"footnotes":""},"categories":[12],"tags":[],"class_list":["post-14563","post","type-post","status-publish","format-standard","hentry","category-valenca-news"],"views":358,"meta_data":{"thumb":"https:\/\/portalv1.com.br\/app\/wp-content\/uploads\/2013\/01\/nilson.jpg","data":{"simple":"09\/01\/2013","date_time":"09\/01\/2013 04:30:46","date":"h\u00e1 13 anos"},"chapeu":"1.621 km","source":"foto_menor"},"_links":{"self":[{"href":"https:\/\/portalv1.com.br\/api\/wp\/v2\/posts\/14563","targetHints":{"allow":["GET"]}}],"collection":[{"href":"https:\/\/portalv1.com.br\/api\/wp\/v2\/posts"}],"about":[{"href":"https:\/\/portalv1.com.br\/api\/wp\/v2\/types\/post"}],"author":[{"embeddable":true,"href":"https:\/\/portalv1.com.br\/api\/wp\/v2\/users\/1"}],"replies":[{"embeddable":true,"href":"https:\/\/portalv1.com.br\/api\/wp\/v2\/comments?post=14563"}],"version-history":[{"count":0,"href":"https:\/\/portalv1.com.br\/api\/wp\/v2\/posts\/14563\/revisions"}],"wp:attachment":[{"href":"https:\/\/portalv1.com.br\/api\/wp\/v2\/media?parent=14563"}],"wp:term":[{"taxonomy":"category","embeddable":true,"href":"https:\/\/portalv1.com.br\/api\/wp\/v2\/categories?post=14563"},{"taxonomy":"post_tag","embeddable":true,"href":"https:\/\/portalv1.com.br\/api\/wp\/v2\/tags?post=14563"}],"curies":[{"name":"wp","href":"https:\/\/api.w.org\/{rel}","templated":true}]}}