{"id":14585,"date":"2013-01-09T23:28:52","date_gmt":"2013-01-10T02:28:52","guid":{"rendered":"https:\/\/portalv1.com.br\/?p=14585"},"modified":"2013-01-11T17:32:41","modified_gmt":"2013-01-11T20:32:41","slug":"empresario-de-lagoa-do-sitio-se-elege-vereador-em-osascosp","status":"publish","type":"post","link":"https:\/\/portalv1.com.br\/empresario-de-lagoa-do-sitio-se-elege-vereador-em-osascosp\/","title":{"rendered":"Empres\u00e1rio de Lagoa do Sitio se elege vereador em Osasco\/SP"},"content":{"rendered":"<figure id=\"attachment_14586\" aria-describedby=\"caption-attachment-14586\" style=\"width: 300px\" class=\"wp-caption alignright\"><a href=\"https:\/\/portalv1.com.br\/app\/wp-content\/uploads\/2013\/01\/de-paula.jpg\"><img loading=\"lazy\" decoding=\"async\" class=\"size-full wp-image-14586\" alt=\"O vereador De Paula, prefeito Venicio do \u00d3 e os deputados Jo\u00e3o Madson e Nerinho. \" src=\"https:\/\/portalv1.com.br\/app\/wp-content\/uploads\/2013\/01\/de-paula.jpg\" width=\"300\" height=\"225\" \/><\/a><figcaption id=\"caption-attachment-14586\" class=\"wp-caption-text\">O vereador De Paula, prefeito Venicio do \u00d3 e os deputados Jo\u00e3o Madson e Nerinho.<\/figcaption><\/figure>\n<p>O empres\u00e1rio De Paula que ensaiou uma candidatura a prefeito de Lagoa do Sitio anos atr\u00e1s conseguiu se eleger para o cargo de vereador na cidade de Osasco na grande S\u00e3o Paulo. Ele obteve 3.784 votos conseguindo uma das 21 cadeiras do parlamento daquela cidade. Radicado h\u00e1 muitos anos em S\u00e3o Paulo e com boas liga\u00e7\u00f5es e uma ineg\u00e1vel veia pol\u00edtica o empres\u00e1rio era apontado como um dos pr\u00e9-candidatos a prefeito de Lagoa do Sitio em elei\u00e7\u00f5es anteriores.<\/p>\n<p>Sua elei\u00e7\u00e3o registra a vitoria de mais um conterr\u00e2neo que venceu em S\u00e3o Paulo e que com o seu mandato pode continuar sendo agora mais ainda uma referencia para nossa gente. De Paula foi eleito pela PSDB e o prefeito de seu partido Celso Giglio n\u00e3o conseguiu sua elei\u00e7\u00e3o.<\/p>\n","protected":false},"excerpt":{"rendered":"<p>O empres\u00e1rio De Paula que ensaiou uma candidatura a prefeito de Lagoa do Sitio anos atr\u00e1s conseguiu se eleger para o cargo de vereador na cidade de Osasco na grande&#8230;<\/p>\n","protected":false},"author":1,"featured_media":0,"comment_status":"open","ping_status":"open","sticky":false,"template":"","format":"standard","meta":{"ngg_post_thumbnail":0,"footnotes":""},"categories":[243,12],"tags":[],"class_list":["post-14585","post","type-post","status-publish","format-standard","hentry","category-geral","category-valenca-news"],"views":1115,"meta_data":{"thumb":"https:\/\/portalv1.com.br\/app\/wp-content\/uploads\/2013\/01\/de-paula.jpg","data":{"simple":"09\/01\/2013","date_time":"09\/01\/2013 20:28:52","date":"h\u00e1 13 anos"},"chapeu":"Representa\u00e7\u00e3o ","source":"slide"},"_links":{"self":[{"href":"https:\/\/portalv1.com.br\/api\/wp\/v2\/posts\/14585","targetHints":{"allow":["GET"]}}],"collection":[{"href":"https:\/\/portalv1.com.br\/api\/wp\/v2\/posts"}],"about":[{"href":"https:\/\/portalv1.com.br\/api\/wp\/v2\/types\/post"}],"author":[{"embeddable":true,"href":"https:\/\/portalv1.com.br\/api\/wp\/v2\/users\/1"}],"replies":[{"embeddable":true,"href":"https:\/\/portalv1.com.br\/api\/wp\/v2\/comments?post=14585"}],"version-history":[{"count":0,"href":"https:\/\/portalv1.com.br\/api\/wp\/v2\/posts\/14585\/revisions"}],"wp:attachment":[{"href":"https:\/\/portalv1.com.br\/api\/wp\/v2\/media?parent=14585"}],"wp:term":[{"taxonomy":"category","embeddable":true,"href":"https:\/\/portalv1.com.br\/api\/wp\/v2\/categories?post=14585"},{"taxonomy":"post_tag","embeddable":true,"href":"https:\/\/portalv1.com.br\/api\/wp\/v2\/tags?post=14585"}],"curies":[{"name":"wp","href":"https:\/\/api.w.org\/{rel}","templated":true}]}}