{"id":146020,"date":"2023-05-26T08:56:25","date_gmt":"2023-05-26T11:56:25","guid":{"rendered":"https:\/\/portalv1.com.br\/?p=146020"},"modified":"2023-05-26T08:56:25","modified_gmt":"2023-05-26T11:56:25","slug":"grupo-junino-xamegao-da-15-abre-periodo-junino-em-valenca-neste-sabado-no-crovapi","status":"publish","type":"post","link":"https:\/\/portalv1.com.br\/grupo-junino-xamegao-da-15-abre-periodo-junino-em-valenca-neste-sabado-no-crovapi\/","title":{"rendered":"Grupo Junino Xameg\u00e3o da 15 abre per\u00edodo junino em Valen\u00e7a neste s\u00e1bado no Crovapi"},"content":{"rendered":"<p>Neste s\u00e1bado, 27 de maio, o grupo junino Xameg\u00e3o da 15, abre oficialmente o per\u00edodo junino em Valen\u00e7a do Piaui. Esse ano o evento celebra 23 anos de tradi\u00e7\u00e3o e muitas novidades foram preparadas para celebrar a apresenta\u00e7\u00e3o e de acordo com o promotor cultural Leilivan Martins, a expectativa \u00e9 muito grande pelas atra\u00e7\u00f5es musicais e pelos grupos juninos que se apresentar\u00e3o.<\/p>\n<p>\u201cA cada edi\u00e7\u00e3o do evento, aumenta a participa\u00e7\u00e3o dos grupos Culturais de Valen\u00e7a e regi\u00e3o, como tamb\u00e9m da popula\u00e7\u00e3o que vem prestigiar o evento, estamos montando uma megaestrutura para receber nossos convidados com seguran\u00e7a, decora\u00e7\u00e3o, pra\u00e7a de alimenta\u00e7\u00e3o, bel\u00edssimas apresenta\u00e7\u00f5es e shows com bandas locais e regionais\u201d disse Leilivan que completou.<\/p>\n<p>\u201cTeremos como novidade a apresenta\u00e7\u00e3o de uma das melhores rainhas Junina do Estado do Piau\u00ed que \u00e9 a Larissa Almeida da Junina Lua de Prata da cidade de Demerval Lob\u00e3o, teremos tamb\u00e9m um sorteio de 10 pr\u00eamios para o p\u00fablico presente, dentre eles, um celular Smartphone. Creio que ser\u00e1 uma noite cultural m\u00e1gica e incr\u00edvel marcando a abertura do S\u00e3o Jo\u00e3o em nossa querida Valen\u00e7a do Piau\u00ed\u201d frisou Leilivan Martins.<\/p>\n<p>Animam o evento Vanvan, o furac\u00e3o, Guilherme Dantas e Gleyce Mendes. O evento reserva ainda como ponto alto a escolha do garoto e garota Folguedos 2023 e o casal Maria Bonita e Lampi\u00e3o.<\/p>\n<p>A entrada ser\u00e1 um kit de alimento (veja a baixo), ou R$ 20 reais que depois ser\u00e1 revertido em alimentos. 10 grupos juninos de Valen\u00e7a, Picos, Pimenteiras, Jaic\u00f3s, Santa Rosa do Piaui e Elesb\u00e3o Veloso se apresentar\u00e3o no evento que tem in\u00edcio previsto para \u00e0s 20h deste s\u00e1bado no Crovapi Clube. &nbsp;<\/p>\n<p><a href=\"https:\/\/portalv1.com.br\/app\/wp-content\/uploads\/2023\/05\/2cbf272d-9317-4c00-902c-b2dc7a8ec4c9-Copy.jpg\"><img loading=\"lazy\" decoding=\"async\" class=\"aligncenter size-full wp-image-146021\" src=\"https:\/\/portalv1.com.br\/app\/wp-content\/uploads\/2023\/05\/2cbf272d-9317-4c00-902c-b2dc7a8ec4c9-Copy.jpg\" alt=\"\" width=\"432\" height=\"768\" srcset=\"https:\/\/portalv1.com.br\/app\/wp-content\/uploads\/2023\/05\/2cbf272d-9317-4c00-902c-b2dc7a8ec4c9-Copy.jpg 432w, https:\/\/portalv1.com.br\/app\/wp-content\/uploads\/2023\/05\/2cbf272d-9317-4c00-902c-b2dc7a8ec4c9-Copy-300x533.jpg 300w\" sizes=\"auto, (max-width: 432px) 100vw, 432px\" \/><\/a> <a href=\"https:\/\/portalv1.com.br\/app\/wp-content\/uploads\/2023\/05\/5a189b04-cd3c-460c-921a-c5d3f9aca50f-Copy.jpg\"><img loading=\"lazy\" decoding=\"async\" class=\"aligncenter size-large wp-image-146022\" src=\"https:\/\/portalv1.com.br\/app\/wp-content\/uploads\/2023\/05\/5a189b04-cd3c-460c-921a-c5d3f9aca50f-Copy.jpg\" alt=\"\" width=\"432\" height=\"768\" srcset=\"https:\/\/portalv1.com.br\/app\/wp-content\/uploads\/2023\/05\/5a189b04-cd3c-460c-921a-c5d3f9aca50f-Copy.jpg 432w, https:\/\/portalv1.com.br\/app\/wp-content\/uploads\/2023\/05\/5a189b04-cd3c-460c-921a-c5d3f9aca50f-Copy-300x533.jpg 300w\" sizes=\"auto, (max-width: 432px) 100vw, 432px\" \/><\/a> <a href=\"https:\/\/portalv1.com.br\/app\/wp-content\/uploads\/2023\/05\/8cacc985-b937-4bb1-939f-f4b5a62e25cd-Copy.jpg\"><img loading=\"lazy\" decoding=\"async\" class=\"aligncenter size-large wp-image-146023\" src=\"https:\/\/portalv1.com.br\/app\/wp-content\/uploads\/2023\/05\/8cacc985-b937-4bb1-939f-f4b5a62e25cd-Copy.jpg\" alt=\"\" width=\"432\" height=\"768\" srcset=\"https:\/\/portalv1.com.br\/app\/wp-content\/uploads\/2023\/05\/8cacc985-b937-4bb1-939f-f4b5a62e25cd-Copy.jpg 432w, https:\/\/portalv1.com.br\/app\/wp-content\/uploads\/2023\/05\/8cacc985-b937-4bb1-939f-f4b5a62e25cd-Copy-300x533.jpg 300w\" sizes=\"auto, (max-width: 432px) 100vw, 432px\" \/><\/a> <a href=\"https:\/\/portalv1.com.br\/app\/wp-content\/uploads\/2023\/05\/3643d901-a86e-4ac9-9cb8-4822dffd154f-Copy.jpg\"><img loading=\"lazy\" decoding=\"async\" class=\"aligncenter size-large wp-image-146024\" src=\"https:\/\/portalv1.com.br\/app\/wp-content\/uploads\/2023\/05\/3643d901-a86e-4ac9-9cb8-4822dffd154f-Copy.jpg\" alt=\"\" width=\"432\" height=\"768\" srcset=\"https:\/\/portalv1.com.br\/app\/wp-content\/uploads\/2023\/05\/3643d901-a86e-4ac9-9cb8-4822dffd154f-Copy.jpg 432w, https:\/\/portalv1.com.br\/app\/wp-content\/uploads\/2023\/05\/3643d901-a86e-4ac9-9cb8-4822dffd154f-Copy-300x533.jpg 300w\" sizes=\"auto, (max-width: 432px) 100vw, 432px\" \/><\/a><\/p>\n","protected":false},"excerpt":{"rendered":"<p>Neste s\u00e1bado, 27 de maio, o grupo junino Xameg\u00e3o da 15, abre oficialmente o per\u00edodo junino em Valen\u00e7a do Piaui. Esse ano o evento celebra 23 anos de tradi\u00e7\u00e3o e&#8230;<\/p>\n","protected":false},"author":1,"featured_media":146024,"comment_status":"open","ping_status":"open","sticky":false,"template":"","format":"standard","meta":{"ngg_post_thumbnail":0,"footnotes":""},"categories":[243],"tags":[],"class_list":["post-146020","post","type-post","status-publish","format-standard","has-post-thumbnail","hentry","category-geral"],"views":308,"meta_data":{"thumb":"https:\/\/portalv1.com.br\/app\/wp-content\/uploads\/2023\/05\/3643d901-a86e-4ac9-9cb8-4822dffd154f-Copy.jpg","imagem":{"fullsize":{"url":"https:\/\/portalv1.com.br\/app\/wp-content\/uploads\/2023\/05\/3643d901-a86e-4ac9-9cb8-4822dffd154f-Copy.jpg","width":432,"height":768},"medium":{"url":"https:\/\/portalv1.com.br\/app\/wp-content\/uploads\/2023\/05\/3643d901-a86e-4ac9-9cb8-4822dffd154f-Copy-300x533.jpg","width":300,"height":533},"thumbnail":{"url":"https:\/\/portalv1.com.br\/app\/wp-content\/uploads\/2023\/05\/3643d901-a86e-4ac9-9cb8-4822dffd154f-Copy-100x100.jpg","width":100,"height":100}},"data":{"simple":"26\/05\/2023","date_time":"26\/05\/2023 05:56:25","date":"h\u00e1 3 anos"},"chapeu":"Ano Junino 2023","source":"slide"},"_links":{"self":[{"href":"https:\/\/portalv1.com.br\/api\/wp\/v2\/posts\/146020","targetHints":{"allow":["GET"]}}],"collection":[{"href":"https:\/\/portalv1.com.br\/api\/wp\/v2\/posts"}],"about":[{"href":"https:\/\/portalv1.com.br\/api\/wp\/v2\/types\/post"}],"author":[{"embeddable":true,"href":"https:\/\/portalv1.com.br\/api\/wp\/v2\/users\/1"}],"replies":[{"embeddable":true,"href":"https:\/\/portalv1.com.br\/api\/wp\/v2\/comments?post=146020"}],"version-history":[{"count":0,"href":"https:\/\/portalv1.com.br\/api\/wp\/v2\/posts\/146020\/revisions"}],"wp:featuredmedia":[{"embeddable":true,"href":"https:\/\/portalv1.com.br\/api\/wp\/v2\/media\/146024"}],"wp:attachment":[{"href":"https:\/\/portalv1.com.br\/api\/wp\/v2\/media?parent=146020"}],"wp:term":[{"taxonomy":"category","embeddable":true,"href":"https:\/\/portalv1.com.br\/api\/wp\/v2\/categories?post=146020"},{"taxonomy":"post_tag","embeddable":true,"href":"https:\/\/portalv1.com.br\/api\/wp\/v2\/tags?post=146020"}],"curies":[{"name":"wp","href":"https:\/\/api.w.org\/{rel}","templated":true}]}}