{"id":146485,"date":"2023-05-29T22:51:51","date_gmt":"2023-05-30T01:51:51","guid":{"rendered":"https:\/\/portalv1.com.br\/?p=146485"},"modified":"2023-05-29T22:51:51","modified_gmt":"2023-05-30T01:51:51","slug":"prefeito-de-aroazes-participa-da-festa-do-divino-e-convida-toda-regiao-para-festival-de-cultura","status":"publish","type":"post","link":"https:\/\/portalv1.com.br\/prefeito-de-aroazes-participa-da-festa-do-divino-e-convida-toda-regiao-para-festival-de-cultura\/","title":{"rendered":"Prefeito de Aroazes participa da Festa do Divino e convida toda regi\u00e3o para Festival de Cultura"},"content":{"rendered":"<p>Manoel Portela elogiou e ressaltou a dimens\u00e3o que a Festa do Divino se tornou. &#8220;Uma festa da grandeza que a regi\u00e3o de Valen\u00e7a merece de Valen\u00e7a, a festa do Divino Esp\u00edrito Santo, uma festa que re\u00fane muitas pessoas de Valen\u00e7a, mas tamb\u00e9m de toda regi\u00e3o, estamos aqui, tivemos uma comitiva de Aroazes, uma festa bel\u00edssima a altura do que o nosso povo merece&#8221;, destacou o prefeito.<\/p>\n<p>O gestor ainda falou dos preparativos para a realiza\u00e7\u00e3o do II Festival da Cultura de Aroazes. &#8220;Nossa festa est\u00e1 marcada para 13 e 14 de julho, onde vai ser um dos maiores festivais da regi\u00e3o valenciana, j\u00e1 temos v\u00e1rias atra\u00e7\u00f5es confirmadas, atra\u00e7\u00f5es musicais, atra\u00e7\u00f5es de cultura&#8221;, explicou Manoel Neto.<\/p>\n<p>Ele ainda aproveitou a ocasi\u00e3o para convidar a popula\u00e7\u00e3o da regi\u00e3o para participar junto com os aroazenses. &#8220;Quero aproveitar e fazer o convite para toda a popula\u00e7\u00e3o da regi\u00e3o valenciana para est\u00e1 l\u00e1 com a gente, dia 13 n\u00f3s temos Z\u00e9 Cantor confirmado e dia 14 vamos ter Iguinho e Lulinha&#8221;, citou Manoel Neto \u00e0s bandas que j\u00e1 est\u00e3o confirmadas.<\/p>\n<p>O prefeito Manoel Neto encerra dizendo que Aroazes vai ter um grande Festival de Cultura. &#8220;L\u00e1 vai ser um evento grandios\u00edssimo a altura do que o nosso povo merece, vai ter v\u00e1rias apresenta\u00e7\u00f5es de quadrilhas, apresenta\u00e7\u00e3o cultural, um festival de cultura para todo o nosso povo&#8221;, disse o gestor que nesta segunda-feira, 29\/05 completa 25 anos.<\/p>\n<p><div class=\"content-iframe\" data-content-width=\"600\"><iframe loading=\"lazy\" title=\"YouTube video player\" src=\"https:\/\/www.youtube.com\/embed\/Qa9paYs2lIE\" width=\"560\" height=\"315\" frameborder=\"0\" allowfullscreen=\"allowfullscreen\"><\/iframe><\/div>&nbsp;<\/p>\n<p>&nbsp;<\/p>\n","protected":false},"excerpt":{"rendered":"<p>Manoel Portela elogiou e ressaltou a dimens\u00e3o que a Festa do Divino se tornou. &#8220;Uma festa da grandeza que a regi\u00e3o de Valen\u00e7a merece de Valen\u00e7a, a festa do Divino&#8230;<\/p>\n","protected":false},"author":1,"featured_media":146484,"comment_status":"open","ping_status":"open","sticky":false,"template":"","format":"standard","meta":{"ngg_post_thumbnail":0,"footnotes":""},"categories":[243],"tags":[],"class_list":["post-146485","post","type-post","status-publish","format-standard","has-post-thumbnail","hentry","category-geral"],"views":318,"meta_data":{"thumb":"https:\/\/portalv1.com.br\/app\/wp-content\/uploads\/2023\/05\/manoel-neto.jpg","imagem":{"fullsize":{"url":"https:\/\/portalv1.com.br\/app\/wp-content\/uploads\/2023\/05\/manoel-neto.jpg","width":1280,"height":720},"medium":{"url":"https:\/\/portalv1.com.br\/app\/wp-content\/uploads\/2023\/05\/manoel-neto-300x169.jpg","width":300,"height":169},"large":{"url":"https:\/\/portalv1.com.br\/app\/wp-content\/uploads\/2023\/05\/manoel-neto-640x360.jpg","width":640,"height":360},"thumbnail":{"url":"https:\/\/portalv1.com.br\/app\/wp-content\/uploads\/2023\/05\/manoel-neto-100x100.jpg","width":100,"height":100},"medium_large":{"url":"https:\/\/portalv1.com.br\/app\/wp-content\/uploads\/2023\/05\/manoel-neto-768x432.jpg","width":768,"height":432}},"data":{"simple":"29\/05\/2023","date_time":"29\/05\/2023 19:51:51","date":"h\u00e1 3 anos"},"chapeu":"Saiba Detalhes ","source":"slide"},"_links":{"self":[{"href":"https:\/\/portalv1.com.br\/api\/wp\/v2\/posts\/146485","targetHints":{"allow":["GET"]}}],"collection":[{"href":"https:\/\/portalv1.com.br\/api\/wp\/v2\/posts"}],"about":[{"href":"https:\/\/portalv1.com.br\/api\/wp\/v2\/types\/post"}],"author":[{"embeddable":true,"href":"https:\/\/portalv1.com.br\/api\/wp\/v2\/users\/1"}],"replies":[{"embeddable":true,"href":"https:\/\/portalv1.com.br\/api\/wp\/v2\/comments?post=146485"}],"version-history":[{"count":0,"href":"https:\/\/portalv1.com.br\/api\/wp\/v2\/posts\/146485\/revisions"}],"wp:featuredmedia":[{"embeddable":true,"href":"https:\/\/portalv1.com.br\/api\/wp\/v2\/media\/146484"}],"wp:attachment":[{"href":"https:\/\/portalv1.com.br\/api\/wp\/v2\/media?parent=146485"}],"wp:term":[{"taxonomy":"category","embeddable":true,"href":"https:\/\/portalv1.com.br\/api\/wp\/v2\/categories?post=146485"},{"taxonomy":"post_tag","embeddable":true,"href":"https:\/\/portalv1.com.br\/api\/wp\/v2\/tags?post=146485"}],"curies":[{"name":"wp","href":"https:\/\/api.w.org\/{rel}","templated":true}]}}