{"id":146760,"date":"2023-06-02T18:03:24","date_gmt":"2023-06-02T21:03:24","guid":{"rendered":"https:\/\/portalv1.com.br\/?p=146760"},"modified":"2023-06-02T18:03:24","modified_gmt":"2023-06-02T21:03:24","slug":"empresario-carlos-jose-anuncia-mais-uma-acao-do-centro-social-granja-moreira","status":"publish","type":"post","link":"https:\/\/portalv1.com.br\/empresario-carlos-jose-anuncia-mais-uma-acao-do-centro-social-granja-moreira\/","title":{"rendered":"Empres\u00e1rio Carlos Jos\u00e9 anuncia mais uma a\u00e7\u00e3o do Centro Social Granja Moreira"},"content":{"rendered":"<p>Em entrevista a FM Cidade nesta sexta-feira (02), o empres\u00e1rio Carlos Jos\u00e9 falou sobre as atividades desenvolvidas pelo Centro Social Granja Moreira, \u201cEspa\u00e7o Vida&#8221;, que funciona na Avenida 15 de Novembro no pr\u00e9dio do Col\u00e9gio S\u00e3o Francisco.<\/p>\n<p>O empres\u00e1rio falou do fortalecimento das a\u00e7\u00f5es sociais do seu grupo empresarial e destacou os projetos que j\u00e1 est\u00e3o sendo realizados e os que est\u00e3o sendo planejados.&nbsp;&nbsp;&nbsp;<\/p>\n<p>Entre os novos projetos, Carlos Jos\u00e9 anunciou que a partir das 10h deste s\u00e1bado (03) ser\u00e1 dada a partida no projeto social Bendita Sopa, que consiste na distribui\u00e7\u00e3o gratuita de sopa para a popula\u00e7\u00e3o com foco nas pessoas carentes e naquelas que se deslocam da zona rural para a feira do Xer\u00e9m. Ele falou da alegria de poder realizar essa a\u00e7\u00e3o.<\/p>\n<p>\u201cEsse era meu sonho de fazer essa sopa pelo menos uma vez por semana e agora vamos fazer todo o s\u00e1bado, vai come\u00e7ar agora s\u00e1bado, j\u00e1 convidamos as pessoas especialmente aquelas que precisam de um alimento saud\u00e1vel, uma sopa muito bem feita, uma coisa de qualidade\u201d, disse o empres\u00e1rio.<\/p>\n<p>Al\u00e9m da sopa, o empres\u00e1rio informou que o objetivo do Centro Social Granja Moreira \u00e9 expandir as a\u00e7\u00f5es sociais para outras \u00e1reas.<\/p>\n<p>\u201cS\u00e3o sete salas por enquanto, j\u00e1 temos uma sala da psic\u00f3loga, j\u00e1 tem o do atendimento m\u00e9dico que tem um consult\u00f3rio j\u00e1 montado, tem tamb\u00e9m a da psicanalista, temos duas psicanalistas dispon\u00edveis para trabalhar todo o dia e temos abertura para outros projetos, vamos buscar esses trabalhos de alguns advogados e vamos tentar ver se a gente consegue montar o servi\u00e7o odontol\u00f3gico, se a gente conseguir esse trabalho se alguns dentistas forem fazer uma hora ou duas a gente vai montar um consult\u00f3rio, esse custo eu vou fazer com muito prazer\u201d, afirmou Carlos Jos\u00e9.<\/p>\n<p><a href=\"https:\/\/portalv1.com.br\/app\/wp-content\/uploads\/2023\/06\/WhatsApp-Image-2023-06-02-at-18.00.01-1-Copy.jpg\"><img loading=\"lazy\" decoding=\"async\" class=\"aligncenter size-large wp-image-146761\" src=\"https:\/\/portalv1.com.br\/app\/wp-content\/uploads\/2023\/06\/WhatsApp-Image-2023-06-02-at-18.00.01-1-Copy-640x728.jpg\" alt=\"\" width=\"600\" height=\"683\" srcset=\"https:\/\/portalv1.com.br\/app\/wp-content\/uploads\/2023\/06\/WhatsApp-Image-2023-06-02-at-18.00.01-1-Copy-640x728.jpg 640w, https:\/\/portalv1.com.br\/app\/wp-content\/uploads\/2023\/06\/WhatsApp-Image-2023-06-02-at-18.00.01-1-Copy-300x341.jpg 300w, https:\/\/portalv1.com.br\/app\/wp-content\/uploads\/2023\/06\/WhatsApp-Image-2023-06-02-at-18.00.01-1-Copy.jpg 675w\" sizes=\"auto, (max-width: 600px) 100vw, 600px\" \/><\/a><\/p>\n","protected":false},"excerpt":{"rendered":"<p>Em entrevista a FM Cidade nesta sexta-feira (02), o empres\u00e1rio Carlos Jos\u00e9 falou sobre as atividades desenvolvidas pelo Centro Social Granja Moreira, \u201cEspa\u00e7o Vida&#8221;, que funciona na Avenida 15 de&#8230;<\/p>\n","protected":false},"author":1,"featured_media":146761,"comment_status":"open","ping_status":"open","sticky":false,"template":"","format":"standard","meta":{"ngg_post_thumbnail":0,"footnotes":""},"categories":[243],"tags":[],"class_list":["post-146760","post","type-post","status-publish","format-standard","has-post-thumbnail","hentry","category-geral"],"views":554,"meta_data":{"thumb":"https:\/\/portalv1.com.br\/app\/wp-content\/uploads\/2023\/06\/WhatsApp-Image-2023-06-02-at-18.00.01-1-Copy.jpg","imagem":{"fullsize":{"url":"https:\/\/portalv1.com.br\/app\/wp-content\/uploads\/2023\/06\/WhatsApp-Image-2023-06-02-at-18.00.01-1-Copy.jpg","width":675,"height":768},"medium":{"url":"https:\/\/portalv1.com.br\/app\/wp-content\/uploads\/2023\/06\/WhatsApp-Image-2023-06-02-at-18.00.01-1-Copy-300x341.jpg","width":300,"height":341},"large":{"url":"https:\/\/portalv1.com.br\/app\/wp-content\/uploads\/2023\/06\/WhatsApp-Image-2023-06-02-at-18.00.01-1-Copy-640x728.jpg","width":640,"height":728},"thumbnail":{"url":"https:\/\/portalv1.com.br\/app\/wp-content\/uploads\/2023\/06\/WhatsApp-Image-2023-06-02-at-18.00.01-1-Copy-100x100.jpg","width":100,"height":100}},"data":{"simple":"02\/06\/2023","date_time":"02\/06\/2023 15:03:24","date":"h\u00e1 3 anos"},"chapeu":"Bendita Sopa","source":"slide"},"_links":{"self":[{"href":"https:\/\/portalv1.com.br\/api\/wp\/v2\/posts\/146760","targetHints":{"allow":["GET"]}}],"collection":[{"href":"https:\/\/portalv1.com.br\/api\/wp\/v2\/posts"}],"about":[{"href":"https:\/\/portalv1.com.br\/api\/wp\/v2\/types\/post"}],"author":[{"embeddable":true,"href":"https:\/\/portalv1.com.br\/api\/wp\/v2\/users\/1"}],"replies":[{"embeddable":true,"href":"https:\/\/portalv1.com.br\/api\/wp\/v2\/comments?post=146760"}],"version-history":[{"count":0,"href":"https:\/\/portalv1.com.br\/api\/wp\/v2\/posts\/146760\/revisions"}],"wp:featuredmedia":[{"embeddable":true,"href":"https:\/\/portalv1.com.br\/api\/wp\/v2\/media\/146761"}],"wp:attachment":[{"href":"https:\/\/portalv1.com.br\/api\/wp\/v2\/media?parent=146760"}],"wp:term":[{"taxonomy":"category","embeddable":true,"href":"https:\/\/portalv1.com.br\/api\/wp\/v2\/categories?post=146760"},{"taxonomy":"post_tag","embeddable":true,"href":"https:\/\/portalv1.com.br\/api\/wp\/v2\/tags?post=146760"}],"curies":[{"name":"wp","href":"https:\/\/api.w.org\/{rel}","templated":true}]}}