{"id":146766,"date":"2023-06-02T20:52:49","date_gmt":"2023-06-02T23:52:49","guid":{"rendered":"https:\/\/portalv1.com.br\/?p=146766"},"modified":"2023-06-02T20:52:49","modified_gmt":"2023-06-02T23:52:49","slug":"municipios-sao-alertados-sobre-meta-de-vacinacao-contra-gripe-no-piaui","status":"publish","type":"post","link":"https:\/\/portalv1.com.br\/municipios-sao-alertados-sobre-meta-de-vacinacao-contra-gripe-no-piaui\/","title":{"rendered":"Munic\u00edpios s\u00e3o alertados sobre meta de vacina\u00e7\u00e3o contra gripe no Piau\u00ed"},"content":{"rendered":"<p>No Piau\u00ed, a vacina\u00e7\u00e3o contra a Influenza alcan\u00e7ou apenas 52,5% do p\u00fablico priorit\u00e1rio. Mesmo com o fim da campanha nacional, a Secretaria de Estado da Sa\u00fade (Sesapi) mant\u00e9m a imuniza\u00e7\u00e3o e alerta os munic\u00edpios, que ainda possuem estoque, sobre a aplica\u00e7\u00e3o de doses para atingir a meta que \u00e9 de 90%.&nbsp;<\/p>\n<p>\u201cPedimos aos munic\u00edpios que ainda possuem estoque dessas vacinas, que possam continuar imunizando este p\u00fablico e que mantenham a campanha, com a\u00e7\u00f5es para que possamos alcan\u00e7ar a meta de 90% desse grupo vacinado\u201d, alerta a superintendente de Aten\u00e7\u00e3o \u00e0 Sa\u00fade de Munic\u00edpios da Sesapi, Leila Santos.&nbsp;<\/p>\n<p>Dados mais recentes do painel de vacina\u00e7\u00e3o do Minist\u00e9rio da Sa\u00fade revelam que 624.096 pessoas, do grupo priorit\u00e1rio, foram vacinadas. A meta para o estado do Piau\u00ed \u00e9 imunizar 1.188.474. Gestantes, pu\u00e9rperas, trabalhadores de sa\u00fade e professores&nbsp;de sa\u00fade foram os que mais vacinaram (53, 56%);&nbsp;J\u00e1 a vacina\u00e7\u00e3o dos povos ind\u00edgenas est\u00e1&nbsp; em 16,33%.<\/p>\n<p>Integram o grupo priorit\u00e1rio crian\u00e7as de 6 meses a menores de 6 anos de idade (5 anos, 11 meses e 29 dias), gestantes, pu\u00e9rperas, povos ind\u00edgenas, trabalhadores da sa\u00fade, idosos com 60 anos e mais, professores das escolas p\u00fablicas e privadas, pessoas com doen\u00e7as cr\u00f4nicas n\u00e3o transmiss\u00edveis e outras condi\u00e7\u00f5es cl\u00ednicas especiais, pessoas com defici\u00eancia permanente, profissionais das for\u00e7as de seguran\u00e7a e salvamento e das for\u00e7as armadas, caminhoneiros, trabalhadores de transporte coletivo rodovi\u00e1rio de passageiros urbano e de longo curso, trabalhadores portu\u00e1rios, funcion\u00e1rios do sistema prisional, adolescentes e jovens de 12 a 21 anos de idade sob medidas socioeducativas e popula\u00e7\u00e3o privada de liberdade.&nbsp;<\/p>\n<p>\u201cLembramos ainda que a Sesapi est\u00e1 \u00e0 disposi\u00e7\u00e3o dos gestores municipais para ajudar a melhorar a cobertura de vacinas do nosso estado. E chamamos \u00e0 popula\u00e7\u00e3o, principalmente aquelas que fazem parte do p\u00fablico priorit\u00e1rio, que procurem os postos de vacina\u00e7\u00e3o de suas cidades e se protejam\u201d refor\u00e7a a superintendente.<\/p>\n","protected":false},"excerpt":{"rendered":"<p>No Piau\u00ed, a vacina\u00e7\u00e3o contra a Influenza alcan\u00e7ou apenas 52,5% do p\u00fablico priorit\u00e1rio. Mesmo com o fim da campanha nacional, a Secretaria de Estado da Sa\u00fade (Sesapi) mant\u00e9m a imuniza\u00e7\u00e3o&#8230;<\/p>\n","protected":false},"author":1,"featured_media":142833,"comment_status":"open","ping_status":"open","sticky":false,"template":"","format":"standard","meta":{"ngg_post_thumbnail":0,"footnotes":""},"categories":[243],"tags":[],"class_list":["post-146766","post","type-post","status-publish","format-standard","has-post-thumbnail","hentry","category-geral"],"views":220,"meta_data":{"thumb":"https:\/\/portalv1.com.br\/app\/wp-content\/uploads\/2023\/04\/vacina-gripe.jpg","imagem":{"fullsize":{"url":"https:\/\/portalv1.com.br\/app\/wp-content\/uploads\/2023\/04\/vacina-gripe.jpg","width":1200,"height":800},"medium":{"url":"https:\/\/portalv1.com.br\/app\/wp-content\/uploads\/2023\/04\/vacina-gripe-300x200.jpg","width":300,"height":200},"large":{"url":"https:\/\/portalv1.com.br\/app\/wp-content\/uploads\/2023\/04\/vacina-gripe-640x427.jpg","width":640,"height":427},"thumbnail":{"url":"https:\/\/portalv1.com.br\/app\/wp-content\/uploads\/2023\/04\/vacina-gripe-100x100.jpg","width":100,"height":100},"medium_large":{"url":"https:\/\/portalv1.com.br\/app\/wp-content\/uploads\/2023\/04\/vacina-gripe-768x512.jpg","width":768,"height":512}},"data":{"simple":"02\/06\/2023","date_time":"02\/06\/2023 17:52:49","date":"h\u00e1 3 anos"},"chapeu":"Veja detalhes ","source":"m_destacada"},"_links":{"self":[{"href":"https:\/\/portalv1.com.br\/api\/wp\/v2\/posts\/146766","targetHints":{"allow":["GET"]}}],"collection":[{"href":"https:\/\/portalv1.com.br\/api\/wp\/v2\/posts"}],"about":[{"href":"https:\/\/portalv1.com.br\/api\/wp\/v2\/types\/post"}],"author":[{"embeddable":true,"href":"https:\/\/portalv1.com.br\/api\/wp\/v2\/users\/1"}],"replies":[{"embeddable":true,"href":"https:\/\/portalv1.com.br\/api\/wp\/v2\/comments?post=146766"}],"version-history":[{"count":0,"href":"https:\/\/portalv1.com.br\/api\/wp\/v2\/posts\/146766\/revisions"}],"wp:featuredmedia":[{"embeddable":true,"href":"https:\/\/portalv1.com.br\/api\/wp\/v2\/media\/142833"}],"wp:attachment":[{"href":"https:\/\/portalv1.com.br\/api\/wp\/v2\/media?parent=146766"}],"wp:term":[{"taxonomy":"category","embeddable":true,"href":"https:\/\/portalv1.com.br\/api\/wp\/v2\/categories?post=146766"},{"taxonomy":"post_tag","embeddable":true,"href":"https:\/\/portalv1.com.br\/api\/wp\/v2\/tags?post=146766"}],"curies":[{"name":"wp","href":"https:\/\/api.w.org\/{rel}","templated":true}]}}