{"id":14718,"date":"2013-01-22T10:13:14","date_gmt":"2013-01-22T13:13:14","guid":{"rendered":"https:\/\/portalv1.com.br\/?p=14718"},"modified":"2013-01-24T09:35:32","modified_gmt":"2013-01-24T12:35:32","slug":"aulas-do-instituto-dom-quixote-terao-inicio-nesta-segunda-feira","status":"publish","type":"post","link":"https:\/\/portalv1.com.br\/aulas-do-instituto-dom-quixote-terao-inicio-nesta-segunda-feira\/","title":{"rendered":"Aulas do Instituto Dom Quixote ter\u00e3o inicio nesta segunda-feira"},"content":{"rendered":"<figure id=\"attachment_4240\" aria-describedby=\"caption-attachment-4240\" style=\"width: 300px\" class=\"wp-caption alignright\"><a href=\"https:\/\/portalv1.com.br\/e-nesta-sexta-feira-o-arraial-do-instituto-dom-quixote\/domquixote\" rel=\"attachment wp-att-4240\"><img loading=\"lazy\" decoding=\"async\" class=\"size-full wp-image-4240\" alt=\"Educadores do Instituto Dom Quixote\" src=\"https:\/\/portalv1.com.br\/app\/wp-content\/uploads\/2010\/06\/domquixote.jpg\" width=\"300\" height=\"183\" \/><\/a><figcaption id=\"caption-attachment-4240\" class=\"wp-caption-text\">Educadores do Instituto Dom Quixote<\/figcaption><\/figure>\n<p>As aulas do Instituto Dom Quixote ter\u00e3o in\u00edcio nos dias 28\/01 (2\u00ba ao 9\u00ba ano) e 29\/01 (maternal ao 1\u00ba ano). As matriculas continuam sendo feitas na secretaria do instituto na Rua Manoel Vitorino 106. Dotado de uma estrutura com quadra poliesportiva, p\u00e1tio interno, salas de aulas confort\u00e1veis e uma boa localiza\u00e7\u00e3o, o Instituto Dom Quixote um dos primeiro col\u00e9gios particulares de Valen\u00e7a mant\u00e9m a excel\u00eancia na forma\u00e7\u00e3o dos alunos, principalmente pela qualidade e dedica\u00e7\u00e3o do quadro de educadores e colaboradores do instituto.<\/p>\n<p>Para esse ano de 2013 a expectativa \u00e9 de manuten\u00e7\u00e3o de grade curricular e a realiza\u00e7\u00e3o de eventos extras que servem para integrar ainda mais o corpo funcional do instituto e estimular o alunado na realiza\u00e7\u00e3o de eventos e gincanas, al\u00e9m da comemora\u00e7\u00e3o das datas festivas do nosso calend\u00e1rio.<\/p>\n<p><a href=\"http:\/\/www.iedq.com.br\/\">Clique aqui<\/a>\u00a0e conhe\u00e7a a estrutura do Instituto Dom Quixote e seja mais um a integrar a equipe vitoriosa de um dos melhores col\u00e9gios particulares de nossa regi\u00e3o valenciana.<\/p>\n","protected":false},"excerpt":{"rendered":"<p>As aulas do Instituto Dom Quixote ter\u00e3o in\u00edcio nos dias 28\/01 (2\u00ba ao 9\u00ba ano) e 29\/01 (maternal ao 1\u00ba ano). As matriculas continuam sendo feitas na secretaria do instituto&#8230;<\/p>\n","protected":false},"author":1,"featured_media":0,"comment_status":"open","ping_status":"open","sticky":false,"template":"","format":"standard","meta":{"ngg_post_thumbnail":0,"footnotes":""},"categories":[243],"tags":[],"class_list":["post-14718","post","type-post","status-publish","format-standard","hentry","category-geral"],"views":681,"meta_data":{"thumb":"https:\/\/portalv1.com.br\/app\/wp-content\/uploads\/2010\/06\/domquixote.jpg","data":{"simple":"22\/01\/2013","date_time":"22\/01\/2013 07:13:14","date":"h\u00e1 13 anos"},"chapeu":"Qualidade de ensino ","source":"slide"},"_links":{"self":[{"href":"https:\/\/portalv1.com.br\/api\/wp\/v2\/posts\/14718","targetHints":{"allow":["GET"]}}],"collection":[{"href":"https:\/\/portalv1.com.br\/api\/wp\/v2\/posts"}],"about":[{"href":"https:\/\/portalv1.com.br\/api\/wp\/v2\/types\/post"}],"author":[{"embeddable":true,"href":"https:\/\/portalv1.com.br\/api\/wp\/v2\/users\/1"}],"replies":[{"embeddable":true,"href":"https:\/\/portalv1.com.br\/api\/wp\/v2\/comments?post=14718"}],"version-history":[{"count":0,"href":"https:\/\/portalv1.com.br\/api\/wp\/v2\/posts\/14718\/revisions"}],"wp:attachment":[{"href":"https:\/\/portalv1.com.br\/api\/wp\/v2\/media?parent=14718"}],"wp:term":[{"taxonomy":"category","embeddable":true,"href":"https:\/\/portalv1.com.br\/api\/wp\/v2\/categories?post=14718"},{"taxonomy":"post_tag","embeddable":true,"href":"https:\/\/portalv1.com.br\/api\/wp\/v2\/tags?post=14718"}],"curies":[{"name":"wp","href":"https:\/\/api.w.org\/{rel}","templated":true}]}}