{"id":14765,"date":"2013-01-25T09:48:04","date_gmt":"2013-01-25T12:48:04","guid":{"rendered":"https:\/\/portalv1.com.br\/?p=14765"},"modified":"2013-01-28T10:51:58","modified_gmt":"2013-01-28T13:51:58","slug":"rubens-e-joaquim-filho-confirmam-calcamento-do-raul-alencar","status":"publish","type":"post","link":"https:\/\/portalv1.com.br\/rubens-e-joaquim-filho-confirmam-calcamento-do-raul-alencar\/","title":{"rendered":"Residencial Raul Alencar ser\u00e1 cal\u00e7ado afirma Rubens e Joaquim Filho"},"content":{"rendered":"<figure id=\"attachment_14766\" aria-describedby=\"caption-attachment-14766\" style=\"width: 300px\" class=\"wp-caption alignright\"><a href=\"https:\/\/portalv1.com.br\/app\/wp-content\/uploads\/2013\/01\/rubensjvcjoaquim.jpg\"><img loading=\"lazy\" decoding=\"async\" class=\" wp-image-14766 \" alt=\"Manoel Filho, Joaquim Filho, Rubens Alencar JVC e o ex-presidente da APPM Maced\u00e3o\" src=\"https:\/\/portalv1.com.br\/app\/wp-content\/uploads\/2013\/01\/rubensjvcjoaquim.jpg\" width=\"300\" height=\"225\" srcset=\"https:\/\/portalv1.com.br\/app\/wp-content\/uploads\/2013\/01\/rubensjvcjoaquim.jpg 960w, https:\/\/portalv1.com.br\/app\/wp-content\/uploads\/2013\/01\/rubensjvcjoaquim-300x225.jpg 300w, https:\/\/portalv1.com.br\/app\/wp-content\/uploads\/2013\/01\/rubensjvcjoaquim-640x480.jpg 640w\" sizes=\"auto, (max-width: 300px) 100vw, 300px\" \/><\/a><figcaption id=\"caption-attachment-14766\" class=\"wp-caption-text\">Manoel Filho, Joaquim Filho, Rubens Alencar JVC e o ex-presidente da APPM Maced\u00e3o<\/figcaption><\/figure>\n<p>O presidente da Funda\u00e7\u00e3o Raul Alencar Rubens Alencar e o vereador Joaquim Filho informaram nesta quinta-feira (24) que a empresa Miguel Construtora LTDA foi \u00e0 ganhadora da licita\u00e7\u00e3o para a obra de pavimenta\u00e7\u00e3o poli\u00e9drica do Residencial Raul Alencar. A emenda de autoria do senador Jo\u00e3o Vicente Claudino no valor de R$ 250 mil reais dar\u00e1 para cal\u00e7ar o residencial que todos os anos no per\u00edodo chuvoso passa por muitas dificuldades com o alagamento das ruas.<\/p>\n<p>O cal\u00e7amento do residencial foi solicitado ao senador Jo\u00e3o Vicente pelas autoridades ano passado e nesta quinta-feira a assessoria do senador Jo\u00e3o Vicente confirmou a realiza\u00e7\u00e3o da licita\u00e7\u00e3o e o nome da empresa ganhadora. As lideran\u00e7as articulam a vinda do senador Jo\u00e3o Vicente Claudino para d\u00e1 o ponta p\u00e9 inicial das obras de pavimenta\u00e7\u00e3o no residencial formado por mais de 100 fam\u00edlias.\u00a0 A expectativa segundo a assessoria do senador \u00e9 que a ordem de servi\u00e7o esteja pronta em at\u00e9 30 dias.<\/p>\n<p>Nesta sexta-feira (25), o presidente da Funda\u00e7\u00e3o Raul Alencar esteve na emissora local rebatendo as criticas de que foram feitas a funda\u00e7\u00e3o sobre a constru\u00e7\u00e3o das casas. Rubens Alencar afirmou que ao contrario do que foi dito pela emissora, a responsabilidade de cuidar das ruas n\u00e3o \u00e9 da funda\u00e7\u00e3o. Ele lamentou a atitude da emissora em centralizar a culpa pelos alagamentos na funda\u00e7\u00e3o e isentar a prefeitura. Ele informou que a Funda\u00e7\u00e3o Raul Alencar \u00e9 respons\u00e1vel apenas pela constru\u00e7\u00e3o das casas e n\u00e3o pela sua manuten\u00e7\u00e3o.<\/p>\n<p>Pediu que a emissora fosse mais \u201ccuidadosa\u201d em levar as informa\u00e7\u00f5es aos ouvintes e n\u00e3o cometer erros grosseiros de afirmar que o conjunto nunca foi entregue oficialmente e de que no projeto havia a constru\u00e7\u00e3o de cal\u00e7amento. Ele terminou agradecendo ao senador Jo\u00e3o Vicente e ao vereador Joaquim Filho pela sensibilidade de ajudar aos moradores do residencial. Disse ainda que a Funda\u00e7\u00e3o Raul Alencar tem outro projeto de casas populares na Valencinha esperando apenas a licen\u00e7a ambiental por parte da prefeitura.<\/p>\n","protected":false},"excerpt":{"rendered":"<p>O presidente da Funda\u00e7\u00e3o Raul Alencar Rubens Alencar e o vereador Joaquim Filho informaram nesta quinta-feira (24) que a empresa Miguel Construtora LTDA foi \u00e0 ganhadora da licita\u00e7\u00e3o para a&#8230;<\/p>\n","protected":false},"author":1,"featured_media":0,"comment_status":"open","ping_status":"open","sticky":false,"template":"","format":"standard","meta":{"ngg_post_thumbnail":0,"footnotes":""},"categories":[243],"tags":[1084,1086,1085],"class_list":["post-14765","post","type-post","status-publish","format-standard","hentry","category-geral","tag-calcamento","tag-poliedrica","tag-raul"],"views":1317,"meta_data":{"thumb":"https:\/\/portalv1.com.br\/app\/wp-content\/uploads\/2013\/01\/rubensjvcjoaquim.jpg","data":{"simple":"25\/01\/2013","date_time":"25\/01\/2013 06:48:04","date":"h\u00e1 13 anos"},"chapeu":"Boa Noticia","source":"retirar"},"_links":{"self":[{"href":"https:\/\/portalv1.com.br\/api\/wp\/v2\/posts\/14765","targetHints":{"allow":["GET"]}}],"collection":[{"href":"https:\/\/portalv1.com.br\/api\/wp\/v2\/posts"}],"about":[{"href":"https:\/\/portalv1.com.br\/api\/wp\/v2\/types\/post"}],"author":[{"embeddable":true,"href":"https:\/\/portalv1.com.br\/api\/wp\/v2\/users\/1"}],"replies":[{"embeddable":true,"href":"https:\/\/portalv1.com.br\/api\/wp\/v2\/comments?post=14765"}],"version-history":[{"count":0,"href":"https:\/\/portalv1.com.br\/api\/wp\/v2\/posts\/14765\/revisions"}],"wp:attachment":[{"href":"https:\/\/portalv1.com.br\/api\/wp\/v2\/media?parent=14765"}],"wp:term":[{"taxonomy":"category","embeddable":true,"href":"https:\/\/portalv1.com.br\/api\/wp\/v2\/categories?post=14765"},{"taxonomy":"post_tag","embeddable":true,"href":"https:\/\/portalv1.com.br\/api\/wp\/v2\/tags?post=14765"}],"curies":[{"name":"wp","href":"https:\/\/api.w.org\/{rel}","templated":true}]}}