{"id":14785,"date":"2013-01-28T09:25:43","date_gmt":"2013-01-28T12:25:43","guid":{"rendered":"https:\/\/portalv1.com.br\/?p=14785"},"modified":"2013-01-29T23:45:37","modified_gmt":"2013-01-30T02:45:37","slug":"aeroporto-de-valenca-nao-sera-beneficiado-pelo-governo-do-estado","status":"publish","type":"post","link":"https:\/\/portalv1.com.br\/aeroporto-de-valenca-nao-sera-beneficiado-pelo-governo-do-estado\/","title":{"rendered":"Aeroporto de Valen\u00e7a n\u00e3o ser\u00e1 beneficiado pelo Governo do estado"},"content":{"rendered":"<figure id=\"attachment_14786\" aria-describedby=\"caption-attachment-14786\" style=\"width: 300px\" class=\"wp-caption alignright\"><a href=\"https:\/\/portalv1.com.br\/app\/wp-content\/uploads\/2013\/01\/Imagem-4221.jpg\"><img loading=\"lazy\" decoding=\"async\" class=\"size-medium wp-image-14786\" alt=\"HPIM0294.JPG\" src=\"https:\/\/portalv1.com.br\/app\/wp-content\/uploads\/2013\/01\/Imagem-4221-300x225.jpg\" width=\"300\" height=\"225\" srcset=\"https:\/\/portalv1.com.br\/app\/wp-content\/uploads\/2013\/01\/Imagem-4221-300x225.jpg 300w, https:\/\/portalv1.com.br\/app\/wp-content\/uploads\/2013\/01\/Imagem-4221.jpg 450w\" sizes=\"auto, (max-width: 300px) 100vw, 300px\" \/><\/a><figcaption id=\"caption-attachment-14786\" class=\"wp-caption-text\">Pista do Aeroporto Tenente Esp\u00edrito Santo de Valen\u00e7a<\/figcaption><\/figure>\n<p>O Aeroporto Tenente Esp\u00edrito Santo de Valen\u00e7a est\u00e1 fora da lista do governo do estado divulgada neste final de semana que beneficiar\u00e1 oito aeropostos no interior do Piau\u00ed com casas de passageiros, asfaltamento da pista e ilumina\u00e7\u00e3o. O beneficio ser\u00e1 por meio da segunda fase do Programa Federal de Auxilio a Aeroportos (PROFAA). Dos oito aeroportos beneficiados o mais pr\u00f3ximo de Valen\u00e7a ser\u00e1 o de Oeiras escolhido pelo potencial tur\u00edstico da primeira capital piauiense.<\/p>\n<p>As oito cidades inclu\u00eddas nas reformas foram escolhidas por suas potencialidades seja no turismo ou na economia assunto bem distantes de nossa realidade as cidades de Bom Jesus, Corrente e Uru\u00e7u\u00ed, foram escolhidas em virtude do agroneg\u00f3cio; Pedro II e Oeiras pelo potencial tur\u00edstico; Paulistana por conta da for\u00e7a do polo ferr\u00edfero e da ferrovia Transnordestina; Elizeu Martins em fun\u00e7\u00e3o da instala\u00e7\u00e3o de uma Zona de Processamento de Exporta\u00e7\u00f5es e da Transnordestina, al\u00e9m da capital piauiense.<\/p>\n<p>Os investimentos do PROFAA visam ao refor\u00e7o da seguran\u00e7a e do conforto dos usu\u00e1rios da avia\u00e7\u00e3o regional, atrav\u00e9s de conv\u00eanios para constru\u00e7\u00e3o, reforma e adequa\u00e7\u00e3o. De acordo com o governador Wilson Martins, j\u00e1 era mais do que necess\u00e1rio investimentos nessa \u00e1rea que deixou de receber recursos de massa por v\u00e1rios anos. \u201cS\u00e3o aeroportos reformados e renovados que ser\u00e3o importantes para o desenvolvimento e divulga\u00e7\u00e3o das potencialidades de cada regi\u00e3o. J\u00e1 era hora de investirmos nesse setor. Vamos dar todas as condi\u00e7\u00f5es para dar um salto de desenvolvimento para o Piau\u00ed\u201d, disse.<\/p>\n<p>Segundo o secret\u00e1rio dos Transportes, Avelino Neiva, as reformas consistem na pavimenta\u00e7\u00e3o asf\u00e1ltica de pistas e dos acessos, al\u00e9m de balizamento noturno e recupera\u00e7\u00e3o das casas de apoio.<\/p>\n<p><b>Floriano<\/b><\/p>\n<p>O aeroporto regional reformado no Piau\u00ed mais recentemente foi o de Cangapara, em Floriano. A unidade possui uma extens\u00e3o de 54.000 m\u00b2 com pista de pouso e decolagem, um p\u00e1tio para estacionamento das aeronaves com capacidade para comportar tr\u00eas avi\u00f5es de grande porte, pista para o taxiamento, cerca de prote\u00e7\u00e3o e balizamento noturno, permitindo que os avi\u00f5es pousem em qualquer hor\u00e1rio do dia.<\/p>\n<p>&nbsp;<\/p>\n<p>Colabora\u00e7\u00e3o: cidadeverde<\/p>\n","protected":false},"excerpt":{"rendered":"<p>O Aeroporto Tenente Esp\u00edrito Santo de Valen\u00e7a est\u00e1 fora da lista do governo do estado divulgada neste final de semana que beneficiar\u00e1 oito aeropostos no interior do Piau\u00ed com casas&#8230;<\/p>\n","protected":false},"author":1,"featured_media":0,"comment_status":"open","ping_status":"open","sticky":false,"template":"","format":"standard","meta":{"ngg_post_thumbnail":0,"footnotes":""},"categories":[12],"tags":[1091,1093,1090,1092,18],"class_list":["post-14785","post","type-post","status-publish","format-standard","hentry","category-valenca-news","tag-aeroporto","tag-espirito-santo","tag-investimento","tag-tenente","tag-valenca"],"views":1282,"meta_data":{"thumb":"https:\/\/portalv1.com.br\/app\/wp-content\/uploads\/2013\/01\/Imagem-4221.jpg","data":{"simple":"28\/01\/2013","date_time":"28\/01\/2013 06:25:43","date":"h\u00e1 13 anos"},"chapeu":"Investimento ","source":"retirar"},"_links":{"self":[{"href":"https:\/\/portalv1.com.br\/api\/wp\/v2\/posts\/14785","targetHints":{"allow":["GET"]}}],"collection":[{"href":"https:\/\/portalv1.com.br\/api\/wp\/v2\/posts"}],"about":[{"href":"https:\/\/portalv1.com.br\/api\/wp\/v2\/types\/post"}],"author":[{"embeddable":true,"href":"https:\/\/portalv1.com.br\/api\/wp\/v2\/users\/1"}],"replies":[{"embeddable":true,"href":"https:\/\/portalv1.com.br\/api\/wp\/v2\/comments?post=14785"}],"version-history":[{"count":0,"href":"https:\/\/portalv1.com.br\/api\/wp\/v2\/posts\/14785\/revisions"}],"wp:attachment":[{"href":"https:\/\/portalv1.com.br\/api\/wp\/v2\/media?parent=14785"}],"wp:term":[{"taxonomy":"category","embeddable":true,"href":"https:\/\/portalv1.com.br\/api\/wp\/v2\/categories?post=14785"},{"taxonomy":"post_tag","embeddable":true,"href":"https:\/\/portalv1.com.br\/api\/wp\/v2\/tags?post=14785"}],"curies":[{"name":"wp","href":"https:\/\/api.w.org\/{rel}","templated":true}]}}