{"id":14795,"date":"2013-01-28T23:11:39","date_gmt":"2013-01-29T02:11:39","guid":{"rendered":"https:\/\/portalv1.com.br\/?p=14795"},"modified":"2013-01-31T13:01:52","modified_gmt":"2013-01-31T16:01:52","slug":"vereadora-edilsa-do-vale-pede-melhorias-para-posto-de-saude","status":"publish","type":"post","link":"https:\/\/portalv1.com.br\/vereadora-edilsa-do-vale-pede-melhorias-para-posto-de-saude\/","title":{"rendered":"Vereadora Edilsa do Vale pede melhorias para posto de sa\u00fade"},"content":{"rendered":"<figure id=\"attachment_14796\" aria-describedby=\"caption-attachment-14796\" style=\"width: 300px\" class=\"wp-caption alignright\"><a href=\"https:\/\/portalv1.com.br\/app\/wp-content\/uploads\/2013\/01\/edilsadovale.jpg\"><img loading=\"lazy\" decoding=\"async\" class=\"size-medium wp-image-14796\" alt=\"Vereadora Edilsa do Vale \" src=\"https:\/\/portalv1.com.br\/app\/wp-content\/uploads\/2013\/01\/edilsadovale-300x225.jpg\" width=\"300\" height=\"225\" srcset=\"https:\/\/portalv1.com.br\/app\/wp-content\/uploads\/2013\/01\/edilsadovale-300x225.jpg 300w, https:\/\/portalv1.com.br\/app\/wp-content\/uploads\/2013\/01\/edilsadovale.jpg 450w\" sizes=\"auto, (max-width: 300px) 100vw, 300px\" \/><\/a><figcaption id=\"caption-attachment-14796\" class=\"wp-caption-text\">Vereadora Edilsa do Vale<\/figcaption><\/figure>\n<p>A vereadora Edilsa do Vale do Partido Progressista (PP) aprovou requerimento nesta segunda-feira (28), solicitando da Secretaria de Sa\u00fade a amplia\u00e7\u00e3o do Posto de Sa\u00fade da comunidade Oiticica. Ela informou que o posto precisa de uma sala exclusiva para atendimento medico, banheiro para os funcion\u00e1rios e uma sala para curativos.<\/p>\n<p>A vereadora progressista pediu ainda que seja disponibilizado para o posto um Autoclave para esterilizar o material de trabalho. Outro problema apontado pela vereadora \u00e9 que no posto n\u00e3o existe sistema de ventila\u00e7\u00e3o. Ela lembrou que o posto foi constru\u00eddo h\u00e1 mais de 30 anos da\u00ed a necessidade de uma amplia\u00e7\u00e3o. O requerimento foi aprovado por unanimidade.<\/p>\n","protected":false},"excerpt":{"rendered":"<p>A vereadora Edilsa do Vale do Partido Progressista (PP) aprovou requerimento nesta segunda-feira (28), solicitando da Secretaria de Sa\u00fade a amplia\u00e7\u00e3o do Posto de Sa\u00fade da comunidade Oiticica. Ela informou&#8230;<\/p>\n","protected":false},"author":1,"featured_media":0,"comment_status":"open","ping_status":"open","sticky":false,"template":"","format":"standard","meta":{"ngg_post_thumbnail":0,"footnotes":""},"categories":[243,12],"tags":[1101,1100,1099],"class_list":["post-14795","post","type-post","status-publish","format-standard","hentry","category-geral","category-valenca-news","tag-aprovado","tag-edilsa-do-vale","tag-oiticica"],"views":825,"meta_data":{"thumb":"https:\/\/portalv1.com.br\/app\/wp-content\/uploads\/2013\/01\/edilsadovale.jpg","data":{"simple":"28\/01\/2013","date_time":"28\/01\/2013 20:11:39","date":"h\u00e1 13 anos"},"chapeu":"Aprovado","source":"retirar"},"_links":{"self":[{"href":"https:\/\/portalv1.com.br\/api\/wp\/v2\/posts\/14795","targetHints":{"allow":["GET"]}}],"collection":[{"href":"https:\/\/portalv1.com.br\/api\/wp\/v2\/posts"}],"about":[{"href":"https:\/\/portalv1.com.br\/api\/wp\/v2\/types\/post"}],"author":[{"embeddable":true,"href":"https:\/\/portalv1.com.br\/api\/wp\/v2\/users\/1"}],"replies":[{"embeddable":true,"href":"https:\/\/portalv1.com.br\/api\/wp\/v2\/comments?post=14795"}],"version-history":[{"count":0,"href":"https:\/\/portalv1.com.br\/api\/wp\/v2\/posts\/14795\/revisions"}],"wp:attachment":[{"href":"https:\/\/portalv1.com.br\/api\/wp\/v2\/media?parent=14795"}],"wp:term":[{"taxonomy":"category","embeddable":true,"href":"https:\/\/portalv1.com.br\/api\/wp\/v2\/categories?post=14795"},{"taxonomy":"post_tag","embeddable":true,"href":"https:\/\/portalv1.com.br\/api\/wp\/v2\/tags?post=14795"}],"curies":[{"name":"wp","href":"https:\/\/api.w.org\/{rel}","templated":true}]}}