{"id":148072,"date":"2023-06-22T11:42:39","date_gmt":"2023-06-22T14:42:39","guid":{"rendered":"https:\/\/portalv1.com.br\/?p=148072"},"modified":"2023-06-22T11:42:39","modified_gmt":"2023-06-22T14:42:39","slug":"governador-anuncia-pagamento-de-nova-parcela-do-rateio-do-fundef","status":"publish","type":"post","link":"https:\/\/portalv1.com.br\/governador-anuncia-pagamento-de-nova-parcela-do-rateio-do-fundef\/","title":{"rendered":"Governador anuncia pagamento de nova parcela do rateio do Fundef"},"content":{"rendered":"<p>Durante agenda em Bras\u00edlia nesta quarta-feira (21), o governador Rafael Fonteles e o secret\u00e1rio da Educa\u00e7\u00e3o, Washington Bandeira, anunciaram o pagamento de nova parcela do rateio do Fundo de Manuten\u00e7\u00e3o e Desenvolvimento do Ensino Fundamental e de Valoriza\u00e7\u00e3o do Magist\u00e9rio (Fundef) para o pr\u00f3ximo m\u00eas de julho.<\/p>\n<p>\u201cNo total, ser\u00e3o investidos mais de R$ 80 milh\u00f5es na valoriza\u00e7\u00e3o desses profissionais t\u00e3o importantes na constru\u00e7\u00e3o de um futuro melhor para nosso Piau\u00ed\u201d, informou Rafael Fonteles, por meio de suas redes sociais.<\/p>\n<p>A primeira parcela do rateio do Fundo de Manuten\u00e7\u00e3o e Desenvolvimento do Ensino Fundamental e de Valoriza\u00e7\u00e3o do Magist\u00e9rio (Fundef) j\u00e1 foi paga aos servidores ativos e inativos do estado do Piau\u00ed em fevereiro deste ano e a equipe da Secretaria de Estado da Educa\u00e7\u00e3o (Seduc) est\u00e1 tomando todas as provid\u00eancias necess\u00e1rias para que os trabalhadores que t\u00eam direito ao rateio possam receber a segunda parcela do pagamento.<\/p>\n<p>\u201cMais valoriza\u00e7\u00e3o profissional aos nossos professores e servidores da Educa\u00e7\u00e3o do Piau\u00ed\u201d, comentou o secret\u00e1rio Washington Bandeira.<\/p>\n<p><strong>Bonifica\u00e7\u00e3o quadrimestral<\/strong><\/p>\n<p>O Governo do Piau\u00ed tamb\u00e9m anunciou, ainda no m\u00eas de maio, o pagamento de uma bonifica\u00e7\u00e3o quadrimestral com recursos do Fundo de Manuten\u00e7\u00e3o e Desenvolvimento da Educa\u00e7\u00e3o B\u00e1sica e de Valoriza\u00e7\u00e3o dos Profissionais da Educa\u00e7\u00e3o (Fundeb) em valores proporcionais \u00e0s classes do magist\u00e9rio.<\/p>\n<p>Segundo o an\u00fancio, professores efetivos com carga hor\u00e1ria de 40h e que possuam doutorado receber\u00e3o R$ 2.000,00; R$ 1.600,00 para professor com mestrado; R$ 1.200,00 para professor com especializa\u00e7\u00e3o; e R$ 800,00 para profissionais com licenciatura.<\/p>\n<p>Os servidores administrativos e professores tempor\u00e1rios tamb\u00e9m receber\u00e3o bonifica\u00e7\u00e3o quadrimestral em valores que variam de R$ 400,00 a R$ 800,00, j\u00e1 os professores com carga hor\u00e1ria de 20 horas receber\u00e3o valores proporcionais.<\/p>\n<p>&nbsp;<\/p>\n","protected":false},"excerpt":{"rendered":"<p>Durante agenda em Bras\u00edlia nesta quarta-feira (21), o governador Rafael Fonteles e o secret\u00e1rio da Educa\u00e7\u00e3o, Washington Bandeira, anunciaram o pagamento de nova parcela do rateio do Fundo de Manuten\u00e7\u00e3o&#8230;<\/p>\n","protected":false},"author":1,"featured_media":137172,"comment_status":"open","ping_status":"open","sticky":false,"template":"","format":"standard","meta":{"ngg_post_thumbnail":0,"footnotes":""},"categories":[243],"tags":[],"class_list":["post-148072","post","type-post","status-publish","format-standard","has-post-thumbnail","hentry","category-geral"],"views":224,"meta_data":{"thumb":"https:\/\/portalv1.com.br\/app\/wp-content\/uploads\/2023\/01\/rafael.jpeg","imagem":{"fullsize":{"url":"https:\/\/portalv1.com.br\/app\/wp-content\/uploads\/2023\/01\/rafael.jpeg","width":730,"height":487},"medium":{"url":"https:\/\/portalv1.com.br\/app\/wp-content\/uploads\/2023\/01\/rafael-300x200.jpeg","width":300,"height":200},"large":{"url":"https:\/\/portalv1.com.br\/app\/wp-content\/uploads\/2023\/01\/rafael-640x427.jpeg","width":640,"height":427},"thumbnail":{"url":"https:\/\/portalv1.com.br\/app\/wp-content\/uploads\/2023\/01\/rafael-100x100.jpeg","width":100,"height":100}},"data":{"simple":"22\/06\/2023","date_time":"22\/06\/2023 08:42:39","date":"h\u00e1 3 anos"},"chapeu":"Saiba Detalhes ","source":"slide"},"_links":{"self":[{"href":"https:\/\/portalv1.com.br\/api\/wp\/v2\/posts\/148072","targetHints":{"allow":["GET"]}}],"collection":[{"href":"https:\/\/portalv1.com.br\/api\/wp\/v2\/posts"}],"about":[{"href":"https:\/\/portalv1.com.br\/api\/wp\/v2\/types\/post"}],"author":[{"embeddable":true,"href":"https:\/\/portalv1.com.br\/api\/wp\/v2\/users\/1"}],"replies":[{"embeddable":true,"href":"https:\/\/portalv1.com.br\/api\/wp\/v2\/comments?post=148072"}],"version-history":[{"count":0,"href":"https:\/\/portalv1.com.br\/api\/wp\/v2\/posts\/148072\/revisions"}],"wp:featuredmedia":[{"embeddable":true,"href":"https:\/\/portalv1.com.br\/api\/wp\/v2\/media\/137172"}],"wp:attachment":[{"href":"https:\/\/portalv1.com.br\/api\/wp\/v2\/media?parent=148072"}],"wp:term":[{"taxonomy":"category","embeddable":true,"href":"https:\/\/portalv1.com.br\/api\/wp\/v2\/categories?post=148072"},{"taxonomy":"post_tag","embeddable":true,"href":"https:\/\/portalv1.com.br\/api\/wp\/v2\/tags?post=148072"}],"curies":[{"name":"wp","href":"https:\/\/api.w.org\/{rel}","templated":true}]}}