{"id":148107,"date":"2023-06-25T16:15:28","date_gmt":"2023-06-25T19:15:28","guid":{"rendered":"https:\/\/portalv1.com.br\/?p=148107"},"modified":"2023-07-11T17:27:53","modified_gmt":"2023-07-11T20:27:53","slug":"municipio-realizou-prova-para-o-conselho-tutelar-de-valenca-do-piaui","status":"publish","type":"post","link":"https:\/\/portalv1.com.br\/municipio-realizou-prova-para-o-conselho-tutelar-de-valenca-do-piaui\/","title":{"rendered":"Munic\u00edpio realizou prova para o Conselho Tutelar de Valen\u00e7a do Piaui"},"content":{"rendered":"<p>O munic\u00edpio de Valen\u00e7a do Piau\u00ed segue realizando as etapas para o processo classificat\u00f3rio para a elei\u00e7\u00e3o do Conselho Tutelar. Ap\u00f3s a capacita\u00e7\u00e3o dos inscritos que ocorreu entre os dias 19, 20 e 21 deste m\u00eas, a organiza\u00e7\u00e3o do processo aplicou neste domingo (25), na escola Joaquim Manoel a prova que ir\u00e1 determinar por meio de aprova\u00e7\u00e3o quem ser\u00e3o os candidatos que participaram da elei\u00e7\u00e3o para escolha dos novos conselheiros do Conselho Tutelar do munic\u00edpio.<\/p>\n<p>A primeira etapa obteve 19 inscritos, desses apenas 17 participaram da capacita\u00e7\u00e3o e somente 15 realizaram a prova classificat\u00f3ria. Segundo a secret\u00e1ria de Assist\u00eancia Social, Ielva Mel\u00e3o, nos pr\u00f3ximos dias o resultado da prova ser\u00e1 publicado e divulgado para todos.<\/p>\n<p>Ielva Mel\u00e3o lembrou que o Conselho Tutelar \u00e9 ligado \u00e0 Secretaria de Governo. \u201cS\u00f3 que o CMDCA &#8211; Conselho Municipal dos Direitos da Crian\u00e7a e do Adolescente, que cuida de todo o processo de elei\u00e7\u00e3o, \u00e9 veiculado a Assist\u00eancia Social, \u00e9 por isso o envolvimento da gente porque basicamente quem toma de conta de tudo \u00e9 CMDCA\u201d, explicou Ielva Mel\u00e3o.<\/p>\n<p>O Conselho Tutelar \u00e9 um \u00f3rg\u00e3o permanente e aut\u00f4nomo, encarregado pela sociedade de zelar pelo cumprimento dos direitos da crian\u00e7a e do adolescente. O Processo de Escolha destina-se \u00e0 elei\u00e7\u00e3o de cinco membros titulares e demais membros suplentes para o mandato que ter\u00e1 in\u00edcio em 10\/01\/2024 e vai at\u00e9 09\/01\/2027. A elei\u00e7\u00e3o est\u00e1 marcada para o dia 1\u00ba de outubro desse ano.&nbsp; <a href=\"https:\/\/portalv1.com.br\/app\/wp-content\/uploads\/2023\/06\/RESULTADO-PROVA-OBJETIVA_120906.pdf\">Clique aqui e veja o resultado <\/a><\/p>\n<div class=\"ngg-galleryoverview\" id=\"1\">\n                    <div data-widget=\"Galeria\" data-props=\"{&quot;galeria&quot;:{&quot;max_page&quot;:1,&quot;total&quot;:11,&quot;gallery_id&quot;:1,&quot;images&quot;:[{&quot;thumbcode&quot;:&quot;https:\\\/\\\/portalv1.com.br\\\/app\\\/wp-content\\\/uploads\\\/2023\\\/06\\\/2ab17f6b-d4be-4232-9173-59f158b65679-400x250.jpg&quot;,&quot;imageURL&quot;:&quot;https:\\\/\\\/portalv1.com.br\\\/app\\\/wp-content\\\/uploads\\\/2023\\\/06\\\/2ab17f6b-d4be-4232-9173-59f158b65679.jpg&quot;,&quot;pid&quot;:148108,&quot;galleryid&quot;:1,&quot;description&quot;:&quot;&quot;,&quot;alttext&quot;:&quot;Munic\\u00edpio realizou prova para o Conselho Tutelar de Valen\\u00e7a do Piaui&quot;,&quot;thumbnailURL&quot;:&quot;https:\\\/\\\/portalv1.com.br\\\/app\\\/wp-content\\\/uploads\\\/2023\\\/06\\\/2ab17f6b-d4be-4232-9173-59f158b65679-400x250.jpg&quot;,&quot;style&quot;:&quot;&quot;},{&quot;thumbcode&quot;:&quot;https:\\\/\\\/portalv1.com.br\\\/app\\\/wp-content\\\/uploads\\\/2023\\\/06\\\/03f02d5c-7f68-4d43-b3d9-1a7f10fc9224-400x250.jpg&quot;,&quot;imageURL&quot;:&quot;https:\\\/\\\/portalv1.com.br\\\/app\\\/wp-content\\\/uploads\\\/2023\\\/06\\\/03f02d5c-7f68-4d43-b3d9-1a7f10fc9224.jpg&quot;,&quot;pid&quot;:148109,&quot;galleryid&quot;:1,&quot;description&quot;:&quot;&quot;,&quot;alttext&quot;:&quot;Munic\\u00edpio realizou prova para o Conselho Tutelar de Valen\\u00e7a do Piaui&quot;,&quot;thumbnailURL&quot;:&quot;https:\\\/\\\/portalv1.com.br\\\/app\\\/wp-content\\\/uploads\\\/2023\\\/06\\\/03f02d5c-7f68-4d43-b3d9-1a7f10fc9224-400x250.jpg&quot;,&quot;style&quot;:&quot;&quot;},{&quot;thumbcode&quot;:&quot;https:\\\/\\\/portalv1.com.br\\\/app\\\/wp-content\\\/uploads\\\/2023\\\/06\\\/6dc71e9e-f237-43f2-8356-3c020565f7e9-400x250.jpg&quot;,&quot;imageURL&quot;:&quot;https:\\\/\\\/portalv1.com.br\\\/app\\\/wp-content\\\/uploads\\\/2023\\\/06\\\/6dc71e9e-f237-43f2-8356-3c020565f7e9.jpg&quot;,&quot;pid&quot;:148110,&quot;galleryid&quot;:1,&quot;description&quot;:&quot;&quot;,&quot;alttext&quot;:&quot;Munic\\u00edpio realizou prova para o Conselho Tutelar de Valen\\u00e7a do Piaui&quot;,&quot;thumbnailURL&quot;:&quot;https:\\\/\\\/portalv1.com.br\\\/app\\\/wp-content\\\/uploads\\\/2023\\\/06\\\/6dc71e9e-f237-43f2-8356-3c020565f7e9-400x250.jpg&quot;,&quot;style&quot;:&quot;&quot;},{&quot;thumbcode&quot;:&quot;https:\\\/\\\/portalv1.com.br\\\/app\\\/wp-content\\\/uploads\\\/2023\\\/06\\\/9dcd7cfc-e149-436b-be21-8417251eaff7-400x250.jpg&quot;,&quot;imageURL&quot;:&quot;https:\\\/\\\/portalv1.com.br\\\/app\\\/wp-content\\\/uploads\\\/2023\\\/06\\\/9dcd7cfc-e149-436b-be21-8417251eaff7.jpg&quot;,&quot;pid&quot;:148111,&quot;galleryid&quot;:1,&quot;description&quot;:&quot;&quot;,&quot;alttext&quot;:&quot;Munic\\u00edpio realizou prova para o Conselho Tutelar de Valen\\u00e7a do Piaui&quot;,&quot;thumbnailURL&quot;:&quot;https:\\\/\\\/portalv1.com.br\\\/app\\\/wp-content\\\/uploads\\\/2023\\\/06\\\/9dcd7cfc-e149-436b-be21-8417251eaff7-400x250.jpg&quot;,&quot;style&quot;:&quot;&quot;},{&quot;thumbcode&quot;:&quot;https:\\\/\\\/portalv1.com.br\\\/app\\\/wp-content\\\/uploads\\\/2023\\\/06\\\/20eba700-8927-4dcf-ae7c-deadcc184c4f-400x250.jpg&quot;,&quot;imageURL&quot;:&quot;https:\\\/\\\/portalv1.com.br\\\/app\\\/wp-content\\\/uploads\\\/2023\\\/06\\\/20eba700-8927-4dcf-ae7c-deadcc184c4f.jpg&quot;,&quot;pid&quot;:148112,&quot;galleryid&quot;:1,&quot;description&quot;:&quot;&quot;,&quot;alttext&quot;:&quot;Munic\\u00edpio realizou prova para o Conselho Tutelar de Valen\\u00e7a do Piaui&quot;,&quot;thumbnailURL&quot;:&quot;https:\\\/\\\/portalv1.com.br\\\/app\\\/wp-content\\\/uploads\\\/2023\\\/06\\\/20eba700-8927-4dcf-ae7c-deadcc184c4f-400x250.jpg&quot;,&quot;style&quot;:&quot;&quot;},{&quot;thumbcode&quot;:&quot;https:\\\/\\\/portalv1.com.br\\\/app\\\/wp-content\\\/uploads\\\/2023\\\/06\\\/269de55a-8251-4fdb-b075-52343ca5ea44-400x250.jpg&quot;,&quot;imageURL&quot;:&quot;https:\\\/\\\/portalv1.com.br\\\/app\\\/wp-content\\\/uploads\\\/2023\\\/06\\\/269de55a-8251-4fdb-b075-52343ca5ea44.jpg&quot;,&quot;pid&quot;:148113,&quot;galleryid&quot;:1,&quot;description&quot;:&quot;&quot;,&quot;alttext&quot;:&quot;Munic\\u00edpio realizou prova para o Conselho Tutelar de Valen\\u00e7a do Piaui&quot;,&quot;thumbnailURL&quot;:&quot;https:\\\/\\\/portalv1.com.br\\\/app\\\/wp-content\\\/uploads\\\/2023\\\/06\\\/269de55a-8251-4fdb-b075-52343ca5ea44-400x250.jpg&quot;,&quot;style&quot;:&quot;&quot;},{&quot;thumbcode&quot;:&quot;https:\\\/\\\/portalv1.com.br\\\/app\\\/wp-content\\\/uploads\\\/2023\\\/06\\\/775b184a-c86a-46a7-a90d-53aa3971bb9a-400x250.jpg&quot;,&quot;imageURL&quot;:&quot;https:\\\/\\\/portalv1.com.br\\\/app\\\/wp-content\\\/uploads\\\/2023\\\/06\\\/775b184a-c86a-46a7-a90d-53aa3971bb9a.jpg&quot;,&quot;pid&quot;:148114,&quot;galleryid&quot;:1,&quot;description&quot;:&quot;&quot;,&quot;alttext&quot;:&quot;Munic\\u00edpio realizou prova para o Conselho Tutelar de Valen\\u00e7a do Piaui&quot;,&quot;thumbnailURL&quot;:&quot;https:\\\/\\\/portalv1.com.br\\\/app\\\/wp-content\\\/uploads\\\/2023\\\/06\\\/775b184a-c86a-46a7-a90d-53aa3971bb9a-400x250.jpg&quot;,&quot;style&quot;:&quot;&quot;},{&quot;thumbcode&quot;:&quot;https:\\\/\\\/portalv1.com.br\\\/app\\\/wp-content\\\/uploads\\\/2023\\\/06\\\/811c5ce1-4e9a-4fc0-bce1-c44021d7a0e5-400x250.jpg&quot;,&quot;imageURL&quot;:&quot;https:\\\/\\\/portalv1.com.br\\\/app\\\/wp-content\\\/uploads\\\/2023\\\/06\\\/811c5ce1-4e9a-4fc0-bce1-c44021d7a0e5.jpg&quot;,&quot;pid&quot;:148115,&quot;galleryid&quot;:1,&quot;description&quot;:&quot;&quot;,&quot;alttext&quot;:&quot;Munic\\u00edpio realizou prova para o Conselho Tutelar de Valen\\u00e7a do Piaui&quot;,&quot;thumbnailURL&quot;:&quot;https:\\\/\\\/portalv1.com.br\\\/app\\\/wp-content\\\/uploads\\\/2023\\\/06\\\/811c5ce1-4e9a-4fc0-bce1-c44021d7a0e5-400x250.jpg&quot;,&quot;style&quot;:&quot;&quot;},{&quot;thumbcode&quot;:&quot;https:\\\/\\\/portalv1.com.br\\\/app\\\/wp-content\\\/uploads\\\/2023\\\/06\\\/c054230b-3a5f-4d2a-9c28-d53eb98b4233-400x250.jpg&quot;,&quot;imageURL&quot;:&quot;https:\\\/\\\/portalv1.com.br\\\/app\\\/wp-content\\\/uploads\\\/2023\\\/06\\\/c054230b-3a5f-4d2a-9c28-d53eb98b4233.jpg&quot;,&quot;pid&quot;:148116,&quot;galleryid&quot;:1,&quot;description&quot;:&quot;&quot;,&quot;alttext&quot;:&quot;Munic\\u00edpio realizou prova para o Conselho Tutelar de Valen\\u00e7a do Piaui&quot;,&quot;thumbnailURL&quot;:&quot;https:\\\/\\\/portalv1.com.br\\\/app\\\/wp-content\\\/uploads\\\/2023\\\/06\\\/c054230b-3a5f-4d2a-9c28-d53eb98b4233-400x250.jpg&quot;,&quot;style&quot;:&quot;&quot;},{&quot;thumbcode&quot;:&quot;https:\\\/\\\/portalv1.com.br\\\/app\\\/wp-content\\\/uploads\\\/2023\\\/06\\\/ca144344-3a11-4cd2-8f59-fd691cab7c2b-400x250.jpg&quot;,&quot;imageURL&quot;:&quot;https:\\\/\\\/portalv1.com.br\\\/app\\\/wp-content\\\/uploads\\\/2023\\\/06\\\/ca144344-3a11-4cd2-8f59-fd691cab7c2b.jpg&quot;,&quot;pid&quot;:148117,&quot;galleryid&quot;:1,&quot;description&quot;:&quot;&quot;,&quot;alttext&quot;:&quot;Munic\\u00edpio realizou prova para o Conselho Tutelar de Valen\\u00e7a do Piaui&quot;,&quot;thumbnailURL&quot;:&quot;https:\\\/\\\/portalv1.com.br\\\/app\\\/wp-content\\\/uploads\\\/2023\\\/06\\\/ca144344-3a11-4cd2-8f59-fd691cab7c2b-400x250.jpg&quot;,&quot;style&quot;:&quot;&quot;},{&quot;thumbcode&quot;:&quot;https:\\\/\\\/portalv1.com.br\\\/app\\\/wp-content\\\/uploads\\\/2023\\\/06\\\/f5cb40a4-5115-4a6f-8ed1-735b74c37e60-400x250.jpg&quot;,&quot;imageURL&quot;:&quot;https:\\\/\\\/portalv1.com.br\\\/app\\\/wp-content\\\/uploads\\\/2023\\\/06\\\/f5cb40a4-5115-4a6f-8ed1-735b74c37e60.jpg&quot;,&quot;pid&quot;:148118,&quot;galleryid&quot;:1,&quot;description&quot;:&quot;&quot;,&quot;alttext&quot;:&quot;Munic\\u00edpio realizou prova para o Conselho Tutelar de Valen\\u00e7a do Piaui&quot;,&quot;thumbnailURL&quot;:&quot;https:\\\/\\\/portalv1.com.br\\\/app\\\/wp-content\\\/uploads\\\/2023\\\/06\\\/f5cb40a4-5115-4a6f-8ed1-735b74c37e60-400x250.jpg&quot;,&quot;style&quot;:&quot;&quot;}]}}\"><\/div>\n                  <\/div>\n","protected":false},"excerpt":{"rendered":"<p>O munic\u00edpio de Valen\u00e7a do Piau\u00ed segue realizando as etapas para o processo classificat\u00f3rio para a elei\u00e7\u00e3o do Conselho Tutelar. Ap\u00f3s a capacita\u00e7\u00e3o dos inscritos que ocorreu entre os dias&#8230;<\/p>\n","protected":false},"author":1,"featured_media":148109,"comment_status":"open","ping_status":"open","sticky":false,"template":"","format":"standard","meta":{"ngg_post_thumbnail":0,"footnotes":""},"categories":[243],"tags":[],"class_list":["post-148107","post","type-post","status-publish","format-standard","has-post-thumbnail","hentry","category-geral"],"views":2007,"meta_data":{"thumb":"https:\/\/portalv1.com.br\/app\/wp-content\/uploads\/2023\/06\/03f02d5c-7f68-4d43-b3d9-1a7f10fc9224.jpg","imagem":{"fullsize":{"url":"https:\/\/portalv1.com.br\/app\/wp-content\/uploads\/2023\/06\/03f02d5c-7f68-4d43-b3d9-1a7f10fc9224.jpg","width":1024,"height":577},"medium":{"url":"https:\/\/portalv1.com.br\/app\/wp-content\/uploads\/2023\/06\/03f02d5c-7f68-4d43-b3d9-1a7f10fc9224-300x169.jpg","width":300,"height":169},"large":{"url":"https:\/\/portalv1.com.br\/app\/wp-content\/uploads\/2023\/06\/03f02d5c-7f68-4d43-b3d9-1a7f10fc9224-640x361.jpg","width":640,"height":361},"thumbnail":{"url":"https:\/\/portalv1.com.br\/app\/wp-content\/uploads\/2023\/06\/03f02d5c-7f68-4d43-b3d9-1a7f10fc9224-100x100.jpg","width":100,"height":100},"medium_large":{"url":"https:\/\/portalv1.com.br\/app\/wp-content\/uploads\/2023\/06\/03f02d5c-7f68-4d43-b3d9-1a7f10fc9224-768x433.jpg","width":768,"height":433}},"data":{"simple":"25\/06\/2023","date_time":"25\/06\/2023 13:15:28","date":"h\u00e1 3 anos"},"chapeu":"Saiba Detalhes ","source":"slide"},"_links":{"self":[{"href":"https:\/\/portalv1.com.br\/api\/wp\/v2\/posts\/148107","targetHints":{"allow":["GET"]}}],"collection":[{"href":"https:\/\/portalv1.com.br\/api\/wp\/v2\/posts"}],"about":[{"href":"https:\/\/portalv1.com.br\/api\/wp\/v2\/types\/post"}],"author":[{"embeddable":true,"href":"https:\/\/portalv1.com.br\/api\/wp\/v2\/users\/1"}],"replies":[{"embeddable":true,"href":"https:\/\/portalv1.com.br\/api\/wp\/v2\/comments?post=148107"}],"version-history":[{"count":0,"href":"https:\/\/portalv1.com.br\/api\/wp\/v2\/posts\/148107\/revisions"}],"wp:featuredmedia":[{"embeddable":true,"href":"https:\/\/portalv1.com.br\/api\/wp\/v2\/media\/148109"}],"wp:attachment":[{"href":"https:\/\/portalv1.com.br\/api\/wp\/v2\/media?parent=148107"}],"wp:term":[{"taxonomy":"category","embeddable":true,"href":"https:\/\/portalv1.com.br\/api\/wp\/v2\/categories?post=148107"},{"taxonomy":"post_tag","embeddable":true,"href":"https:\/\/portalv1.com.br\/api\/wp\/v2\/tags?post=148107"}],"curies":[{"name":"wp","href":"https:\/\/api.w.org\/{rel}","templated":true}]}}