{"id":14822,"date":"2013-01-31T13:00:24","date_gmt":"2013-01-31T16:00:24","guid":{"rendered":"https:\/\/portalv1.com.br\/?p=14822"},"modified":"2013-02-01T17:33:45","modified_gmt":"2013-02-01T20:33:45","slug":"nesta-sexta-tem-a-escolha-do-miss-simpatia-do-carnaval-no-kanto-azul","status":"publish","type":"post","link":"https:\/\/portalv1.com.br\/nesta-sexta-tem-a-escolha-do-miss-simpatia-do-carnaval-no-kanto-azul\/","title":{"rendered":"Nesta sexta tem a escolha do Miss Simpatia do Carnaval no Kanto Azul"},"content":{"rendered":"<figure id=\"attachment_14823\" aria-describedby=\"caption-attachment-14823\" style=\"width: 300px\" class=\"wp-caption alignright\"><a href=\"https:\/\/portalv1.com.br\/app\/wp-content\/uploads\/2013\/01\/kantoazul.jpg\"><img loading=\"lazy\" decoding=\"async\" class=\"size-full wp-image-14823\" alt=\"Miss Simpatia do Carnaval \" src=\"https:\/\/portalv1.com.br\/app\/wp-content\/uploads\/2013\/01\/kantoazul.jpg\" width=\"300\" height=\"225\" \/><\/a><figcaption id=\"caption-attachment-14823\" class=\"wp-caption-text\">Miss Simpatia do Carnaval<\/figcaption><\/figure>\n<p>Acontece nesta sexta-feira, primeiro de fevereiro, a escolha do Miss Simpatia do Carnaval 2013. A festa ser\u00e1 na Churrascaria Kanto Azul a partir das 22h. a anima\u00e7\u00e3o ficar\u00e1 a cargo do DJ Jubimas, que trar\u00e1 um repertorio com o melhor do nosso carnaval. A escolha do Miss Simpatia do Carnaval \u00e9 mais uma promo\u00e7\u00e3o da Churrascaria Kanto Azul que ser\u00e1 o ponto de passagem obrigat\u00f3rio neste carnaval. Entre a programa\u00e7\u00e3o da churrascaria est\u00e1 a Festa do Hawa\u00ed, dia 08 de fevereiro com a promo\u00e7\u00e3o da RBL Produ\u00e7\u00f5es.<\/p>\n","protected":false},"excerpt":{"rendered":"<p>Acontece nesta sexta-feira, primeiro de fevereiro, a escolha do Miss Simpatia do Carnaval 2013. A festa ser\u00e1 na Churrascaria Kanto Azul a partir das 22h. a anima\u00e7\u00e3o ficar\u00e1 a cargo&#8230;<\/p>\n","protected":false},"author":1,"featured_media":0,"comment_status":"open","ping_status":"open","sticky":false,"template":"","format":"standard","meta":{"ngg_post_thumbnail":0,"footnotes":""},"categories":[12],"tags":[552,960],"class_list":["post-14822","post","type-post","status-publish","format-standard","hentry","category-valenca-news","tag-carnaval","tag-festa"],"views":416,"meta_data":{"thumb":"https:\/\/portalv1.com.br\/app\/wp-content\/uploads\/2013\/01\/kantoazul.jpg","data":{"simple":"31\/01\/2013","date_time":"31\/01\/2013 10:00:24","date":"h\u00e1 13 anos"},"chapeu":"Carnaval 2013","source":"retirar"},"_links":{"self":[{"href":"https:\/\/portalv1.com.br\/api\/wp\/v2\/posts\/14822","targetHints":{"allow":["GET"]}}],"collection":[{"href":"https:\/\/portalv1.com.br\/api\/wp\/v2\/posts"}],"about":[{"href":"https:\/\/portalv1.com.br\/api\/wp\/v2\/types\/post"}],"author":[{"embeddable":true,"href":"https:\/\/portalv1.com.br\/api\/wp\/v2\/users\/1"}],"replies":[{"embeddable":true,"href":"https:\/\/portalv1.com.br\/api\/wp\/v2\/comments?post=14822"}],"version-history":[{"count":0,"href":"https:\/\/portalv1.com.br\/api\/wp\/v2\/posts\/14822\/revisions"}],"wp:attachment":[{"href":"https:\/\/portalv1.com.br\/api\/wp\/v2\/media?parent=14822"}],"wp:term":[{"taxonomy":"category","embeddable":true,"href":"https:\/\/portalv1.com.br\/api\/wp\/v2\/categories?post=14822"},{"taxonomy":"post_tag","embeddable":true,"href":"https:\/\/portalv1.com.br\/api\/wp\/v2\/tags?post=14822"}],"curies":[{"name":"wp","href":"https:\/\/api.w.org\/{rel}","templated":true}]}}