{"id":148232,"date":"2023-06-26T12:42:55","date_gmt":"2023-06-26T15:42:55","guid":{"rendered":"https:\/\/portalv1.com.br\/?p=148232"},"modified":"2023-06-26T12:42:55","modified_gmt":"2023-06-26T15:42:55","slug":"jornalista-piauiense-francisco-magalhaes-morre-aos-61-em-teresina","status":"publish","type":"post","link":"https:\/\/portalv1.com.br\/jornalista-piauiense-francisco-magalhaes-morre-aos-61-em-teresina\/","title":{"rendered":"Jornalista piauiense Francisco Magalh\u00e3es morre aos 61 em Teresina"},"content":{"rendered":"<p>O jornalista&nbsp;<strong>Francisco Magalh\u00e3es<\/strong>, de 61 anos, faleceu na manh\u00e3 desta segunda-feira (26\/06) no Hospital Rio Poty. Ele foi internado em 9 de maio ap\u00f3s sofrer um infarto agudo do cora\u00e7\u00e3o e passar por um cateterismo.<\/p>\n<p>Ele deixa esposa, Nadir do Nascimento Nogueira, e filho Arthur Nogueira Magalh\u00e3es. O hor\u00e1rio do vel\u00f3rio e sepultamento ainda n\u00e3o foram divulgados.<\/p>\n<p>Francisco Magalh\u00e3es \u00e9 um renomado jornalista piauiense, com uma vasta experi\u00eancia de mais de tr\u00eas d\u00e9cadas em diversos meios de comunica\u00e7\u00e3o do estado. Ele j\u00e1 trabalhou em jornais, r\u00e1dios, tev\u00eas, revistas e portais, contribuindo para a divulga\u00e7\u00e3o de not\u00edcias e informa\u00e7\u00f5es relevantes para a sociedade piauiense.<\/p>\n<p>Al\u00e9m de sua atua\u00e7\u00e3o jornal\u00edstica, Magalh\u00e3es tamb\u00e9m demonstra habilidades na escrita de letras de m\u00fasicas, haikais e aforismos, explorando diferentes formas de express\u00e3o art\u00edstica. Seu talento vai al\u00e9m das palavras escritas, pois ele tamb\u00e9m atuava como comentarista pol\u00edtico na TV Antena 10, afiliada \u00e0 Record no Piau\u00ed, trazendo an\u00e1lises e opini\u00f5es sobre quest\u00f5es pol\u00edticas do estado e do pa\u00eds.<\/p>\n<p>Francisco Magalh\u00e3es era&nbsp;graduado em Jornalismo pela Universidade Federal da Para\u00edba, onde teve a oportunidade de estudar ao lado do renomado m\u00fasico Chico C\u00e9sar, estabelecendo uma rela\u00e7\u00e3o de coleguismo e amizade. Al\u00e9m disso, ele participou ativamente de movimentos culturais na Para\u00edba, como o Fala Bairro e o Jaguaribe Carne, demonstrando seu envolvimento com a cena cultural e art\u00edstica da regi\u00e3o.&nbsp;<\/p>\n<p><a href=\"https:\/\/portalv1.com.br\/app\/wp-content\/uploads\/2023\/06\/12f278ce5bd91aabdc6effe93aa82c62.gif\"><img loading=\"lazy\" decoding=\"async\" class=\"aligncenter size-large wp-image-148233\" src=\"https:\/\/portalv1.com.br\/app\/wp-content\/uploads\/2023\/06\/12f278ce5bd91aabdc6effe93aa82c62-640x426.gif\" alt=\"\" width=\"600\" height=\"399\" srcset=\"https:\/\/portalv1.com.br\/app\/wp-content\/uploads\/2023\/06\/12f278ce5bd91aabdc6effe93aa82c62-640x426.gif 640w, https:\/\/portalv1.com.br\/app\/wp-content\/uploads\/2023\/06\/12f278ce5bd91aabdc6effe93aa82c62-300x200.gif 300w, https:\/\/portalv1.com.br\/app\/wp-content\/uploads\/2023\/06\/12f278ce5bd91aabdc6effe93aa82c62-768x512.gif 768w\" sizes=\"auto, (max-width: 600px) 100vw, 600px\" \/><\/a><\/p>\n<p>Fonte 180graus<\/p>\n","protected":false},"excerpt":{"rendered":"<p>O jornalista&nbsp;Francisco Magalh\u00e3es, de 61 anos, faleceu na manh\u00e3 desta segunda-feira (26\/06) no Hospital Rio Poty. Ele foi internado em 9 de maio ap\u00f3s sofrer um infarto agudo do cora\u00e7\u00e3o&#8230;<\/p>\n","protected":false},"author":1,"featured_media":148233,"comment_status":"open","ping_status":"open","sticky":false,"template":"","format":"standard","meta":{"ngg_post_thumbnail":0,"footnotes":""},"categories":[243],"tags":[],"class_list":["post-148232","post","type-post","status-publish","format-standard","has-post-thumbnail","hentry","category-geral"],"views":585,"meta_data":{"thumb":"https:\/\/portalv1.com.br\/app\/wp-content\/uploads\/2023\/06\/12f278ce5bd91aabdc6effe93aa82c62.gif","imagem":{"fullsize":{"url":"https:\/\/portalv1.com.br\/app\/wp-content\/uploads\/2023\/06\/12f278ce5bd91aabdc6effe93aa82c62.gif","width":1024,"height":682},"medium":{"url":"https:\/\/portalv1.com.br\/app\/wp-content\/uploads\/2023\/06\/12f278ce5bd91aabdc6effe93aa82c62-300x200.gif","width":300,"height":200},"large":{"url":"https:\/\/portalv1.com.br\/app\/wp-content\/uploads\/2023\/06\/12f278ce5bd91aabdc6effe93aa82c62-640x426.gif","width":640,"height":426},"thumbnail":{"url":"https:\/\/portalv1.com.br\/app\/wp-content\/uploads\/2023\/06\/12f278ce5bd91aabdc6effe93aa82c62-100x100.gif","width":100,"height":100},"medium_large":{"url":"https:\/\/portalv1.com.br\/app\/wp-content\/uploads\/2023\/06\/12f278ce5bd91aabdc6effe93aa82c62-768x512.gif","width":768,"height":512}},"data":{"simple":"26\/06\/2023","date_time":"26\/06\/2023 09:42:55","date":"h\u00e1 3 anos"},"chapeu":"Luto na comunica\u00e7\u00e3o ","source":"m_destacada"},"_links":{"self":[{"href":"https:\/\/portalv1.com.br\/api\/wp\/v2\/posts\/148232","targetHints":{"allow":["GET"]}}],"collection":[{"href":"https:\/\/portalv1.com.br\/api\/wp\/v2\/posts"}],"about":[{"href":"https:\/\/portalv1.com.br\/api\/wp\/v2\/types\/post"}],"author":[{"embeddable":true,"href":"https:\/\/portalv1.com.br\/api\/wp\/v2\/users\/1"}],"replies":[{"embeddable":true,"href":"https:\/\/portalv1.com.br\/api\/wp\/v2\/comments?post=148232"}],"version-history":[{"count":0,"href":"https:\/\/portalv1.com.br\/api\/wp\/v2\/posts\/148232\/revisions"}],"wp:featuredmedia":[{"embeddable":true,"href":"https:\/\/portalv1.com.br\/api\/wp\/v2\/media\/148233"}],"wp:attachment":[{"href":"https:\/\/portalv1.com.br\/api\/wp\/v2\/media?parent=148232"}],"wp:term":[{"taxonomy":"category","embeddable":true,"href":"https:\/\/portalv1.com.br\/api\/wp\/v2\/categories?post=148232"},{"taxonomy":"post_tag","embeddable":true,"href":"https:\/\/portalv1.com.br\/api\/wp\/v2\/tags?post=148232"}],"curies":[{"name":"wp","href":"https:\/\/api.w.org\/{rel}","templated":true}]}}