{"id":14831,"date":"2013-02-01T16:25:45","date_gmt":"2013-02-01T19:25:45","guid":{"rendered":"https:\/\/portalv1.com.br\/?p=14831"},"modified":"2013-02-03T11:16:49","modified_gmt":"2013-02-03T14:16:49","slug":"regulamento-do-corso-de-valenca-e-divulgado","status":"publish","type":"post","link":"https:\/\/portalv1.com.br\/regulamento-do-corso-de-valenca-e-divulgado\/","title":{"rendered":"Regulamento do Corso de Valen\u00e7a \u00e9 divulgado"},"content":{"rendered":"<figure id=\"attachment_14832\" aria-describedby=\"caption-attachment-14832\" style=\"width: 300px\" class=\"wp-caption alignright\"><a href=\"https:\/\/portalv1.com.br\/app\/wp-content\/uploads\/2013\/02\/portalv1-181.jpg\"><img loading=\"lazy\" decoding=\"async\" class=\"size-medium wp-image-14832\" alt=\"O Corso de Valen\u00e7a ser\u00e1 dia 09 de fevereiro \" src=\"https:\/\/portalv1.com.br\/app\/wp-content\/uploads\/2013\/02\/portalv1-181-300x224.jpg\" width=\"300\" height=\"224\" srcset=\"https:\/\/portalv1.com.br\/app\/wp-content\/uploads\/2013\/02\/portalv1-181-300x224.jpg 300w, https:\/\/portalv1.com.br\/app\/wp-content\/uploads\/2013\/02\/portalv1-181.jpg 450w\" sizes=\"auto, (max-width: 300px) 100vw, 300px\" \/><\/a><figcaption id=\"caption-attachment-14832\" class=\"wp-caption-text\">O Corso de Valen\u00e7a ser\u00e1 dia 09 de fevereiro<\/figcaption><\/figure>\n<p>Tudo quase pronto para o Corso de Valen\u00e7a no pr\u00f3ximo s\u00e1bado 09 de fevereiro. A organiza\u00e7\u00e3o avisa que as inscri\u00e7\u00f5es poder\u00e3o ser feitas at\u00e9 o dia 08 de fevereiro com a Bertolina Dantas, Sammia Patr\u00edcia e Leandro Rodrigues. Ser\u00e1 distribu\u00edda uma premia\u00e7\u00e3o para os melhores carros sendo R$ 300 reais o primeiro lugar, R$ 200 reais para o segundo e de R$ 100 reais para o terceiro lugar. A concentra\u00e7\u00e3o come\u00e7a as 14h:30 na Valencinha em frente a Secretaria de Obras.<\/p>\n<p><b>Regulamento para inscri\u00e7\u00f5es do corso de Valen\u00e7a Piau\u00ed:<\/b><\/p>\n<p>01- Poder\u00e3o concorrer foli\u00f5es a partir de 18 anos. Os foli\u00f5es de idade inferior, ao estabelecido pedir autoriza\u00e7\u00e3o aos pais e autoridades competentes para tanto.<\/p>\n<p>02- Poder\u00e1 participar do corso utilizando meio de transporte indicado na hora da inscri\u00e7\u00e3o. Quem preferir outro meio de transporte indicar na hora da inscri\u00e7\u00e3o.<\/p>\n<p>03- N\u00e3o utilizar animais tipo: cavalo, jumento, boi-vaca, isto \u00e9, animais que possam afetar as normais do meio ambiente. Os animais indicados ser\u00e3o atribu\u00eddos a mesma regra ao sexo feminino dos animais citados.<\/p>\n<p>04- S\u00f3 poder\u00e3o concorrer a premia\u00e7\u00e3o os carros que fizeram inscri\u00e7\u00e3o at\u00e9 o dia 08\/02\/2013, 18h00minhoras.<\/p>\n<p>05- As inscri\u00e7\u00f5es poder\u00e3o ser feita com Bertolina Dantas, Sanmia Patr\u00edcia e Leandro Rodrigues.<\/p>\n<p>06- Concorrer\u00e3o tamb\u00e9m os foli\u00f5es que optarem por transporte \u201cbicicleta, moto com ou sem reboque. desde que se inscreva no prazo estabelecido neste regulamento e tenha indicado o tipo de transporte que vai utilizar no ato da inscri\u00e7\u00e3o.<\/p>\n<p>07- Para julgar ser\u00e3o analisados os seguintes requisitos:<br \/>\n&#8211; anima\u00e7\u00e3o<br \/>\n&#8211; Fantasia<br \/>\n&#8211; tema abordado\/ contexto<\/p>\n<p>08 \u2013 Premia\u00e7\u00e3o:<br \/>\n&#8211; 1\u00ba colocado 300,00<br \/>\n&#8211; 2\u00ba colocado 200,00<br \/>\n&#8211; 3\u00ba colocado 100,00<\/p>\n<p>09 \u2013 Os analistas dos carros\/participantes ser\u00e3o escolhidos pela comiss\u00e3o organizadora.<\/p>\n<p>10 \u2013 os carros omissos ser\u00e3o resolvidos pela comiss\u00e3o organizadora.<\/p>\n<p>11 \u2013 Cada participante ficar respons\u00e1vel por sua sa\u00fade e por qualquer infra\u00e7\u00e3o que ocorrer, ficando os organizadores isenta de qualquer coisa.<\/p>\n<p>12 \u2013 Concentra\u00e7\u00e3o \u2013 14h30min min. no bairro valencinha, em frente \u00e0 secretaria de obras.<\/p>\n","protected":false},"excerpt":{"rendered":"<p>Tudo quase pronto para o Corso de Valen\u00e7a no pr\u00f3ximo s\u00e1bado 09 de fevereiro. A organiza\u00e7\u00e3o avisa que as inscri\u00e7\u00f5es poder\u00e3o ser feitas at\u00e9 o dia 08 de fevereiro com&#8230;<\/p>\n","protected":false},"author":1,"featured_media":0,"comment_status":"open","ping_status":"open","sticky":false,"template":"","format":"standard","meta":{"ngg_post_thumbnail":0,"footnotes":""},"categories":[243],"tags":[1286,1111],"class_list":["post-14831","post","type-post","status-publish","format-standard","hentry","category-geral","tag-carro","tag-corso"],"views":970,"meta_data":{"thumb":"https:\/\/portalv1.com.br\/app\/wp-content\/uploads\/2013\/02\/portalv1-181.jpg","data":{"simple":"01\/02\/2013","date_time":"01\/02\/2013 13:25:45","date":"h\u00e1 13 anos"},"chapeu":"Corso 2013","source":"retirar"},"_links":{"self":[{"href":"https:\/\/portalv1.com.br\/api\/wp\/v2\/posts\/14831","targetHints":{"allow":["GET"]}}],"collection":[{"href":"https:\/\/portalv1.com.br\/api\/wp\/v2\/posts"}],"about":[{"href":"https:\/\/portalv1.com.br\/api\/wp\/v2\/types\/post"}],"author":[{"embeddable":true,"href":"https:\/\/portalv1.com.br\/api\/wp\/v2\/users\/1"}],"replies":[{"embeddable":true,"href":"https:\/\/portalv1.com.br\/api\/wp\/v2\/comments?post=14831"}],"version-history":[{"count":0,"href":"https:\/\/portalv1.com.br\/api\/wp\/v2\/posts\/14831\/revisions"}],"wp:attachment":[{"href":"https:\/\/portalv1.com.br\/api\/wp\/v2\/media?parent=14831"}],"wp:term":[{"taxonomy":"category","embeddable":true,"href":"https:\/\/portalv1.com.br\/api\/wp\/v2\/categories?post=14831"},{"taxonomy":"post_tag","embeddable":true,"href":"https:\/\/portalv1.com.br\/api\/wp\/v2\/tags?post=14831"}],"curies":[{"name":"wp","href":"https:\/\/api.w.org\/{rel}","templated":true}]}}