{"id":14900,"date":"2013-02-06T16:14:36","date_gmt":"2013-02-06T19:14:36","guid":{"rendered":"https:\/\/portalv1.com.br\/?p=14900"},"modified":"2013-02-06T18:15:32","modified_gmt":"2013-02-06T21:15:32","slug":"prefeitura-ja-interditou-parte-do-terminal-rodoviario-para-o-carnaval","status":"publish","type":"post","link":"https:\/\/portalv1.com.br\/prefeitura-ja-interditou-parte-do-terminal-rodoviario-para-o-carnaval\/","title":{"rendered":"Prefeitura j\u00e1 interditou parte do terminal rodovi\u00e1rio para o carnaval"},"content":{"rendered":"<figure id=\"attachment_14901\" aria-describedby=\"caption-attachment-14901\" style=\"width: 300px\" class=\"wp-caption alignright\"><a href=\"https:\/\/portalv1.com.br\/app\/wp-content\/uploads\/2013\/02\/terminal.jpg\"><img loading=\"lazy\" decoding=\"async\" class=\"size-medium wp-image-14901\" alt=\"Terminal Rodovi\u00e1rio Joaquim R\u00eago \" src=\"https:\/\/portalv1.com.br\/app\/wp-content\/uploads\/2013\/02\/terminal-300x225.jpg\" width=\"300\" height=\"225\" srcset=\"https:\/\/portalv1.com.br\/app\/wp-content\/uploads\/2013\/02\/terminal-300x225.jpg 300w, https:\/\/portalv1.com.br\/app\/wp-content\/uploads\/2013\/02\/terminal.jpg 640w\" sizes=\"auto, (max-width: 300px) 100vw, 300px\" \/><\/a><figcaption id=\"caption-attachment-14901\" class=\"wp-caption-text\">Terminal Rodovi\u00e1rio Joaquim R\u00eago<\/figcaption><\/figure>\n<p>A prefeitura municipal de Valen\u00e7a j\u00e1 interditou parte do terminal rodovi\u00e1rio para montar a estrutura para o carnaval 2013. \u00a0Os transtornos causados pela interrup\u00e7\u00e3o do terminal rodovi\u00e1rio reacendem novamente a discuss\u00e3o da constru\u00e7\u00e3o de um espa\u00e7o para a realiza\u00e7\u00e3o de eventos na cidade.<\/p>\n<p>A Pra\u00e7a Norberto Dino Barbosa e o pr\u00f3prio CSU j\u00e1 s\u00e3o utilizados como alternativas para outros eventos, no entanto a atual gest\u00e3o n\u00e3o quis inovar com a realiza\u00e7\u00e3o do carnaval e manter\u00e1 o foco central no terminal rodovi\u00e1rio com a Rua Epaminondas Nogueira, que a exemplo dos anos anteriores receber\u00e1 alegorias afixadas em linhas de madeiras. Com a interrup\u00e7\u00e3o do terminal rodovi\u00e1rio boa parte do tr\u00e2nsito foi deslocado para a Rua Eur\u00edpedes Martins.<\/p>\n<p><strong><div class=\"ngg-galleryoverview\" data-widget=\"Galeria\" data-props='{&quot;galeria&quot;:{&quot;gallery_id&quot;:1058,&quot;total&quot;:2,&quot;max_page&quot;:1,&quot;page&quot;:1,&quot;images&quot;:[{&quot;pid&quot;:19831,&quot;imageURL&quot;:&quot;https:\\\/\\\/portalv1.com.br\\\/app\\\/wp-content\\\/gallery\\\/carnaval\\\/portalv1-008.jpg&quot;,&quot;thumbnailURL&quot;:&quot;https:\\\/\\\/portalv1.com.br\\\/app\\\/wp-content\\\/gallery\\\/carnaval\\\/thumbs\\\/thumbs_portalv1-008.jpg&quot;,&quot;description&quot;:&quot; &quot;,&quot;alttext&quot;:&quot;portalv1-008&quot;,&quot;style&quot;:&quot;&quot;},{&quot;pid&quot;:19832,&quot;imageURL&quot;:&quot;https:\\\/\\\/portalv1.com.br\\\/app\\\/wp-content\\\/gallery\\\/carnaval\\\/portalv1-009.jpg&quot;,&quot;thumbnailURL&quot;:&quot;https:\\\/\\\/portalv1.com.br\\\/app\\\/wp-content\\\/gallery\\\/carnaval\\\/thumbs\\\/thumbs_portalv1-009.jpg&quot;,&quot;description&quot;:&quot; &quot;,&quot;alttext&quot;:&quot;portalv1-009&quot;,&quot;style&quot;:&quot;&quot;}]}}'><\/div><\/strong>.<\/p>\n","protected":false},"excerpt":{"rendered":"<p>A prefeitura municipal de Valen\u00e7a j\u00e1 interditou parte do terminal rodovi\u00e1rio para montar a estrutura para o carnaval 2013. \u00a0Os transtornos causados pela interrup\u00e7\u00e3o do terminal rodovi\u00e1rio reacendem novamente a&#8230;<\/p>\n","protected":false},"author":1,"featured_media":0,"comment_status":"open","ping_status":"open","sticky":false,"template":"","format":"standard","meta":{"ngg_post_thumbnail":0,"footnotes":""},"categories":[12],"tags":[],"class_list":["post-14900","post","type-post","status-publish","format-standard","hentry","category-valenca-news"],"views":764,"meta_data":{"thumb":"https:\/\/portalv1.com.br\/app\/wp-content\/uploads\/2013\/02\/terminal.jpg","data":{"simple":"06\/02\/2013","date_time":"06\/02\/2013 13:14:36","date":"h\u00e1 13 anos"},"chapeu":"Quatro dias ","source":"slide"},"_links":{"self":[{"href":"https:\/\/portalv1.com.br\/api\/wp\/v2\/posts\/14900","targetHints":{"allow":["GET"]}}],"collection":[{"href":"https:\/\/portalv1.com.br\/api\/wp\/v2\/posts"}],"about":[{"href":"https:\/\/portalv1.com.br\/api\/wp\/v2\/types\/post"}],"author":[{"embeddable":true,"href":"https:\/\/portalv1.com.br\/api\/wp\/v2\/users\/1"}],"replies":[{"embeddable":true,"href":"https:\/\/portalv1.com.br\/api\/wp\/v2\/comments?post=14900"}],"version-history":[{"count":0,"href":"https:\/\/portalv1.com.br\/api\/wp\/v2\/posts\/14900\/revisions"}],"wp:attachment":[{"href":"https:\/\/portalv1.com.br\/api\/wp\/v2\/media?parent=14900"}],"wp:term":[{"taxonomy":"category","embeddable":true,"href":"https:\/\/portalv1.com.br\/api\/wp\/v2\/categories?post=14900"},{"taxonomy":"post_tag","embeddable":true,"href":"https:\/\/portalv1.com.br\/api\/wp\/v2\/tags?post=14900"}],"curies":[{"name":"wp","href":"https:\/\/api.w.org\/{rel}","templated":true}]}}