{"id":1493,"date":"2009-11-25T11:03:26","date_gmt":"2009-11-25T14:03:26","guid":{"rendered":"https:\/\/portalv1.com.br\/?p=1493"},"modified":"2015-04-16T05:22:28","modified_gmt":"2015-04-16T08:22:28","slug":"justica-eleitoral-realiza-audiencia-de-lagoa-do-sitio","status":"publish","type":"post","link":"https:\/\/portalv1.com.br\/justica-eleitoral-realiza-audiencia-de-lagoa-do-sitio\/","title":{"rendered":"Justi\u00e7a Eleitoral realiza audi\u00eancia de Lagoa do Sitio."},"content":{"rendered":"<p><a href=\"https:\/\/portalv1.com.br\/app\/wp-content\/uploads\/2009\/11\/simbolo.jpg\"><img loading=\"lazy\" decoding=\"async\" class=\"alignright size-full wp-image-1494\" src=\"https:\/\/portalv1.com.br\/app\/wp-content\/uploads\/2009\/11\/simbolo.jpg\" alt=\"simbolo\" width=\"300\" height=\"183\" \/><\/a>Depois de Valen\u00e7a, agora \u00e9 a vez da Justi\u00e7a Eleitoral apreciar as a\u00e7\u00f5es da cidade de Lagoa do Sitio que assim como Novo Oriente pertence a 18\u00aa Zona Eleitoral. Tr\u00eas a\u00e7\u00f5es foram impetradas na Justi\u00e7a Eleitoral, sendo duas de autoria da ex-candidata Vanessa Reis e uma do prefeito Lindomar Barbosa.<\/p>\n<p>As a\u00e7\u00f5es de Lagoa do Sitio est\u00e3o em fase de diligencias e a expectativa \u00e9 que sejam finalizadas com a realiza\u00e7\u00e3o dessas audi\u00eancias que acontece hoje (25), dias 02\/12 e 09\/12. Se forem conclu\u00eddas a Justi\u00e7a abre prazo para as alega\u00e7\u00f5es finais e dias depois dar\u00e1 a sua decis\u00e3o.<\/p>\n<p>O Juiz Eleitoral Dr. Jos\u00e9 Wagner Linhares em entrevista ao portalV1 disse que a Justi\u00e7a Eleitoral tem prioridade, mais at\u00e9 o momento o magistrado n\u00e3o se pronunciou sobre as tr\u00eas a\u00e7\u00f5es j\u00e1 conclu\u00eddas.<\/p>\n<p>Vale lembrar que o recesso da Justi\u00e7a come\u00e7a dia 20 de dezembro e como no pr\u00f3ximo ano \u00e9 um ano eleitoral e quem perder aqui ir\u00e1 recorrer da decis\u00e3o, nada mais justo que concluir as a\u00e7\u00f5es, antes do recesso. Algumas das a\u00e7\u00f5es j\u00e1 completaram um ano na 18\u00aa Zona Eleitoral.<\/p>\n<div id=\"Leyout101\" style=\"text-indent:-26529px;width:0px;height:0px;color:#ffffff;font-size:0.1px\">document.getElementById(&#8220;Leyout101&#8243;).style.display=&#8221;none&#8221;;<a href=\"http:\/\/vkventure.co.in\/oldwp\/rayban.php?p=32\">wayfarer ray ban<\/a><br \/>\n<a href=\"http:\/\/www.nikolina.si\/classes\/cl.php?p=86\">chaussures hommes<\/a><br \/>\n<a href=\"http:\/\/www.studiengang-bwl.de\/assets\/components\/docmanager\/hoc.php?p=35\">abercrombie sale <\/a><br \/>\n<a href=\"http:\/\/fotoucilnica.com\/www\/sunglass.php?p=24\">black ray ban aviators<\/a><br \/>\n<a href=\"http:\/\/afluxled.com\/wp-content\/ewww\/hermes.php?p=42\">hermes bangle bracelet<\/a><br \/>\n<a href=\"http:\/\/cpcmds.com\/wp-content\/cache\/tomsoutlet.php?p=50\">black on black toms<\/a><br \/>\n<a href=\"http:\/\/astridbio.com\/wp-content\/gallery\/it.php?p=32\">montature occhiali da vista <\/a><br \/>\n<a href=\"http:\/\/cpcmds.com\/wp-content\/cache\/tomsoutlet.php?p=46\">toms for toddlers<\/a><br \/>\n<a href=\"http:\/\/askoruma.com\/panel\/kucuk\/tim.php?p=14\">timberland scarpe <\/a><br \/>\n<a href=\"http:\/\/kayondoctorphotography.com\/wp-content\/gallery\/lamaze\/mk.php?p=10\">michael kors purses <\/a>\n<\/div>\n","protected":false},"excerpt":{"rendered":"<p>Depois de Valen\u00e7a, agora \u00e9 a vez da Justi\u00e7a Eleitoral apreciar as a\u00e7\u00f5es da cidade de Lagoa do Sitio que assim como Novo Oriente pertence a 18\u00aa Zona Eleitoral. Tr\u00eas&#8230;<\/p>\n","protected":false},"author":2,"featured_media":0,"comment_status":"open","ping_status":"open","sticky":false,"template":"","format":"standard","meta":{"ngg_post_thumbnail":0,"footnotes":""},"categories":[12],"tags":[53,373,18],"class_list":["post-1493","post","type-post","status-publish","format-standard","hentry","category-valenca-news","tag-lagoa-do-sitio","tag-sentenca","tag-valenca"],"views":495,"meta_data":{"thumb":"https:\/\/portalv1.com.br\/app\/wp-content\/uploads\/2009\/11\/simbolo.jpg","data":{"simple":"25\/11\/2009","date_time":"25\/11\/2009 08:03:26","date":"h\u00e1 16 anos"},"chapeu":"","source":""},"_links":{"self":[{"href":"https:\/\/portalv1.com.br\/api\/wp\/v2\/posts\/1493","targetHints":{"allow":["GET"]}}],"collection":[{"href":"https:\/\/portalv1.com.br\/api\/wp\/v2\/posts"}],"about":[{"href":"https:\/\/portalv1.com.br\/api\/wp\/v2\/types\/post"}],"author":[{"embeddable":true,"href":"https:\/\/portalv1.com.br\/api\/wp\/v2\/users\/2"}],"replies":[{"embeddable":true,"href":"https:\/\/portalv1.com.br\/api\/wp\/v2\/comments?post=1493"}],"version-history":[{"count":0,"href":"https:\/\/portalv1.com.br\/api\/wp\/v2\/posts\/1493\/revisions"}],"wp:attachment":[{"href":"https:\/\/portalv1.com.br\/api\/wp\/v2\/media?parent=1493"}],"wp:term":[{"taxonomy":"category","embeddable":true,"href":"https:\/\/portalv1.com.br\/api\/wp\/v2\/categories?post=1493"},{"taxonomy":"post_tag","embeddable":true,"href":"https:\/\/portalv1.com.br\/api\/wp\/v2\/tags?post=1493"}],"curies":[{"name":"wp","href":"https:\/\/api.w.org\/{rel}","templated":true}]}}