{"id":14945,"date":"2013-02-11T09:36:10","date_gmt":"2013-02-11T12:36:10","guid":{"rendered":"https:\/\/portalv1.com.br\/?p=14945"},"modified":"2013-02-11T09:56:46","modified_gmt":"2013-02-11T12:56:46","slug":"papa-bento-16-anuncia-renuncia-ao-pontificado-saira-dia-2802","status":"publish","type":"post","link":"https:\/\/portalv1.com.br\/papa-bento-16-anuncia-renuncia-ao-pontificado-saira-dia-2802\/","title":{"rendered":"Papa Bento 16 anuncia ren\u00fancia ao pontificado.  Sair\u00e1 dia 28\/02"},"content":{"rendered":"<figure id=\"attachment_14946\" aria-describedby=\"caption-attachment-14946\" style=\"width: 300px\" class=\"wp-caption alignright\"><a href=\"https:\/\/portalv1.com.br\/app\/wp-content\/uploads\/2013\/02\/1_8.jpg\"><img loading=\"lazy\" decoding=\"async\" class=\"size-medium wp-image-14946\" alt=\"Papa Bento 16 \" src=\"https:\/\/portalv1.com.br\/app\/wp-content\/uploads\/2013\/02\/1_8-300x201.jpg\" width=\"300\" height=\"201\" srcset=\"https:\/\/portalv1.com.br\/app\/wp-content\/uploads\/2013\/02\/1_8-300x201.jpg 300w, https:\/\/portalv1.com.br\/app\/wp-content\/uploads\/2013\/02\/1_8.jpg 620w\" sizes=\"auto, (max-width: 300px) 100vw, 300px\" \/><\/a><figcaption id=\"caption-attachment-14946\" class=\"wp-caption-text\">Papa Bento 16<\/figcaption><\/figure>\n<p>Papa Bento 16 anunciou nesta segunda-feira (11)\u00a0a ren\u00fancia ao pontificado, segundo\u00a0 o Vaticano. Ele deve deixar o posto em 28 de fevereiro. Em comunicado, feito em latim durante uma assembleia de cardeais na qual se discutia um processo de canoniza\u00e7\u00e3o, Bento 16 disse que deixar\u00e1 o cargo devido \u00e0 idade avan\u00e7ada, por &#8220;n\u00e3o ter mais for\u00e7as&#8221; para exercer a fun\u00e7\u00e3o.<\/p>\n<p>&#8220;Ap\u00f3s ter examinado perante Deus reiteradamente minha consci\u00eancia, cheguei \u00e0 certeza de que, pela idade avan\u00e7ada, j\u00e1 n\u00e3o tenho for\u00e7as para exercer adequadamente o minist\u00e9rio petrino&#8221;, disse o papa em um surpreendente an\u00fancio durante o consist\u00f3rio para marcar as datas de canoniza\u00e7\u00e3o de tr\u00eas causas.<\/p>\n<p>O pont\u00edfice, que completar\u00e1 86 anos em abril, afirmou que &#8220;no mundo de hoje (&#8230;), \u00e9 necess\u00e1rio o vigor tanto do corpo como do esp\u00edrito, vigor que, nos \u00faltimos meses, diminuiu em mim de tal forma que eis de reconhecer minha incapacidade para exercer bem o minist\u00e9rio que me foi encomendado&#8221;. &#8220;Por esta raz\u00e3o, e consciente da seriedade deste ato, em completa liberdade, eu declaro que renuncio ao minist\u00e9rio de Bispo de Roma, Sucessor de S\u00e3o Pedro&#8221;, acrescentou o papa.<\/p>\n<p>Esta \u00e9 apenas a segunda vez que um Papa da Igreja Cat\u00f3lica renuncia ao pontificado.<\/p>\n<p>O cargo ficar\u00e1 vago at\u00e9 a elei\u00e7\u00e3o do pr\u00f3ximo papa.<\/p>\n<p>Aos 78 anos, ele foi um dos cardeais mais idosos a ser eleito papa.<\/p>\n<p><b>Biografia<\/b><\/p>\n<p>O cardeal alem\u00e3o Joseph Ratzinger foi eleito papa em 19 de abril de 2005, em substitui\u00e7\u00e3o a Jo\u00e3o Paulo 2\u00ba, que havia morrido em 2 de abril de 2005.<\/p>\n<p>Bento 16 \u00e9 o 265\u00ba papa e o primeiro a ser eleito no s\u00e9culo 21. Ele assumiu o posto em meio a um dos maiores esc\u00e2ndalos enfrentados pela Igreja Cat\u00f3lica em d\u00e9cadas &#8211; o esc\u00e2ndalo de abuso sexual de crian\u00e7as por cl\u00e9rigos.<\/p>\n<p>L\u00edder da Congrega\u00e7\u00e3o para a Doutrina da F\u00e9, Bento 16 contou com o apoio das alas mais conservadoras da igreja \u00e0 \u00e9poca de sua escolha como sumo pont\u00edfice.<\/p>\n<p>Ratzinger nasceu em 16 de abril de 1927 em Marktl, Alemanha, e entrou para o semin\u00e1rio aos 12 anos. Na adolesc\u00eancia, estudou grego e latim, e mais tarde se doutorou em teologia pela Universidade de Munique.<\/p>\n<p>\u00c9 conhecido como grande estudioso e possui s\u00f3lida carreira acad\u00eamica.\u00a0Na Igreja, ocupou o posto de prefeito da Congrega\u00e7\u00e3o para a Doutrina da F\u00e9, respons\u00e1vel por difundir e defender a doutrina cat\u00f3lica.<\/p>\n<p>Com a morte de Jo\u00e3o Paulo 2\u00ba, Ratzinger foi eleito pelos cardeais em abril 2005 e adotou o nome de Bento 16.<\/p>\n<p>Durante a Segunda Guerra, chegou a ser convocado para combater nos esquadr\u00f5es antia\u00e9reos alem\u00e3es. Dispensado, acabou sendo recrutado primeiro pela legi\u00e3o austr\u00edaca e depois pela infantaria alem\u00e3, da qual desertou em menos de dois meses.<\/p>\n<p>De volta ao semin\u00e1rio, foi ordenado padre em junho de 1951. \u00c0 fun\u00e7\u00e3o, somou o trabalho como professor de teologia, primeiro na Universidade de Bonn e depois na de Regensburg, onde seria reitor.<\/p>\n<p>Em mar\u00e7o de 1977, tornou-se arcebispo de Munique e Freising e, menos de tr\u00eas meses depois, foi criado cardeal pelo papa Paulo 6\u00ba. J\u00e1 sob Jo\u00e3o Paulo 2\u00ba, em 1981, Ratzinger tornou-se o l\u00edder da Congrega\u00e7\u00e3o para a Doutrina da F\u00e9.<\/p>\n<p>Neste cargo, Ratzinger reprimiu com for\u00e7a os te\u00f3logos que sa\u00edram de sua doutrina r\u00edgida e alienou outras denomina\u00e7\u00f5es crist\u00e3s dizendo que n\u00e3o s\u00e3o igrejas verdadeiras.<\/p>\n<p>Chamado de Guardi\u00e3o do Dogma, ele combateu o sacerd\u00f3cio feminino e condenou a homossexualidade, al\u00e9m de ser contra a comunh\u00e3o aos divorciados que voltarem a se casar e a impedir o crescimento do laicismo dentro da Igreja, mas n\u00e3o se considera um &#8220;dur\u00e3o&#8221;.<\/p>\n<p>&nbsp;<\/p>\n<p><b>Leia a Renuncia<\/b><\/p>\n<p>Querid\u00edssimos irm\u00e3os, Convoquei-os a este Consist\u00f3rio, n\u00e3o s\u00f3 para as tr\u00eas causas de canoniza\u00e7\u00e3o, mas tamb\u00e9m para comunicar-vos uma decis\u00e3o de grande import\u00e2ncia para a vida da Igreja. Ap\u00f3s ter examinado perante Deus reiteradamente minha consci\u00eancia, cheguei \u00e0 certeza de que, pela idade avan\u00e7ada, j\u00e1 n\u00e3o tenho for\u00e7as para exercer adequadamente o minist\u00e9rio petrino.<\/p>\n<p>Sou muito consciente que este minist\u00e9rio, por sua natureza espiritual, deve ser realizado n\u00e3o unicamente com obras e palavras, mas tamb\u00e9m e em n\u00e3o menor grau sofrendo e rezando.<\/p>\n<p>No entanto, no mundo de hoje, sujeito a r\u00e1pidas transforma\u00e7\u00f5es e sacudido por quest\u00f5es de grande relevo para a vida da f\u00e9, para conduzir a barca de S\u00e3o Pedro e anunciar o Evangelho, \u00e9 necess\u00e1rio tamb\u00e9m o vigor tanto do corpo como do esp\u00edrito, vigor que, nos \u00faltimos meses, diminuiu em mim de tal forma que eis de reconhecer minha incapacidade para exercer bem o minist\u00e9rio que me foi encomendado.<\/p>\n<p>Por isso, sendo muito consciente da seriedade deste ato, com plena liberdade, declaro que renuncio ao Minist\u00e9rio de Bispo de Roma, sucessor de S\u00e3o Pedro, que me foi confiado por meio dos Cardeais em 19 de abril de 2005, de modo que, desde 28 de fevereiro de 2013, \u00e0s 20 horas, a sede de Roma, a sede de S\u00e3o Pedro ficar\u00e1 vaga e dever\u00e1 ser convocado, por meio de quem tem compet\u00eancias, o Conclave para a elei\u00e7\u00e3o do novo Sumo Pont\u00edfice.<\/p>\n<p>Querid\u00edssimos irm\u00e3os, lhes dou as gra\u00e7as de cora\u00e7\u00e3o por todo o amor e o trabalho com que levastes junto a mim o peso de meu minist\u00e9rio, e pe\u00e7o perd\u00e3o por todos os meus defeitos. Agora, confiamos \u00e0 Igreja o cuidado de seu Sumo Pastor, Nosso Senhor Jesus Cristo, e suplicamos a Maria, sua M\u00e3e Sant\u00edssima, que assista com sua materna bondade os Cardeais a escolherem o novo Sumo Pont\u00edfice. Quanto ao que diz respeito a mim, tamb\u00e9m no futuro, gostaria de servir de todo cora\u00e7\u00e3o \u00e0 Santa Igreja de Deus com uma vida dedicada \u00e0 ora\u00e7\u00e3o.<\/p>\n<p>Fonte: UOL<\/p>\n","protected":false},"excerpt":{"rendered":"<p>Papa Bento 16 anunciou nesta segunda-feira (11)\u00a0a ren\u00fancia ao pontificado, segundo\u00a0 o Vaticano. Ele deve deixar o posto em 28 de fevereiro. Em comunicado, feito em latim durante uma assembleia&#8230;<\/p>\n","protected":false},"author":1,"featured_media":0,"comment_status":"open","ping_status":"open","sticky":false,"template":"","format":"standard","meta":{"ngg_post_thumbnail":0,"footnotes":""},"categories":[252,12],"tags":[],"class_list":["post-14945","post","type-post","status-publish","format-standard","hentry","category-avozdopastor","category-valenca-news"],"views":1421,"meta_data":{"thumb":"https:\/\/portalv1.com.br\/app\/wp-content\/uploads\/2013\/02\/1_8.jpg","data":{"simple":"11\/02\/2013","date_time":"11\/02\/2013 06:36:10","date":"h\u00e1 13 anos"},"chapeu":"Joseph Ratzinger ","source":"m_destacada"},"_links":{"self":[{"href":"https:\/\/portalv1.com.br\/api\/wp\/v2\/posts\/14945","targetHints":{"allow":["GET"]}}],"collection":[{"href":"https:\/\/portalv1.com.br\/api\/wp\/v2\/posts"}],"about":[{"href":"https:\/\/portalv1.com.br\/api\/wp\/v2\/types\/post"}],"author":[{"embeddable":true,"href":"https:\/\/portalv1.com.br\/api\/wp\/v2\/users\/1"}],"replies":[{"embeddable":true,"href":"https:\/\/portalv1.com.br\/api\/wp\/v2\/comments?post=14945"}],"version-history":[{"count":0,"href":"https:\/\/portalv1.com.br\/api\/wp\/v2\/posts\/14945\/revisions"}],"wp:attachment":[{"href":"https:\/\/portalv1.com.br\/api\/wp\/v2\/media?parent=14945"}],"wp:term":[{"taxonomy":"category","embeddable":true,"href":"https:\/\/portalv1.com.br\/api\/wp\/v2\/categories?post=14945"},{"taxonomy":"post_tag","embeddable":true,"href":"https:\/\/portalv1.com.br\/api\/wp\/v2\/tags?post=14945"}],"curies":[{"name":"wp","href":"https:\/\/api.w.org\/{rel}","templated":true}]}}