{"id":149638,"date":"2023-07-11T09:35:18","date_gmt":"2023-07-11T12:35:18","guid":{"rendered":"https:\/\/portalv1.com.br\/?p=149638"},"modified":"2023-07-11T09:35:18","modified_gmt":"2023-07-11T12:35:18","slug":"bolsa-familia-sob-a-coordenacao-de-wellington-dias-e-o-melhor-avaliado-do-governo-lula","status":"publish","type":"post","link":"https:\/\/portalv1.com.br\/bolsa-familia-sob-a-coordenacao-de-wellington-dias-e-o-melhor-avaliado-do-governo-lula\/","title":{"rendered":"Bolsa Fam\u00edlia, sob a coordena\u00e7\u00e3o de Wellington Dias, \u00e9 o melhor avaliado do governo Lula"},"content":{"rendered":"<p>Pesquisa encomendada pelo Pal\u00e1cio do Planalto junto ao Instituto de Pesquisa de Reputa\u00e7\u00e3o e Imagem (IPRI) mostra que o programa Bolsa Fam\u00edlia \u00e9 a a\u00e7\u00e3o do governo Lula mais conhecida e de melhor avalia\u00e7\u00e3o. O programa fica em primeiro lugar em todos os indicadores avaliados.&nbsp;<\/p>\n<p>Quando perguntados sobre como avaliam o Governo Federal em diferentes \u00e1reas, os programas sociais ficam em primeiro lugar com 39% considerando como \u00f3timo ou bom e 33% regular. Ficando apenas 22% ruim ou p\u00e9ssimo. Em segundo lugar vem \u201caten\u00e7\u00e3o \u00e0s crian\u00e7as\u201d com 30% de \u00f3timo ou bom, 32% de regular e 33% de ruim ou p\u00e9ssimo. Prote\u00e7\u00e3o ao meio ambiente vem em terceiro com 30% de \u00f3timo ou bom, 33% de regular e 32% de ruim ou p\u00e9ssimo. \u00c1reas como educa\u00e7\u00e3o, habita\u00e7\u00e3o, sa\u00fade, seguran\u00e7a e economia ocupam percentuais de aprova\u00e7\u00e3o mais baixos. <a href=\"https:\/\/portalv1.com.br\/app\/wp-content\/uploads\/2023\/07\/1.jpeg\"><img loading=\"lazy\" decoding=\"async\" class=\"aligncenter size-large wp-image-149639\" src=\"https:\/\/portalv1.com.br\/app\/wp-content\/uploads\/2023\/07\/1-640x358.jpeg\" alt=\"\" width=\"600\" height=\"336\" srcset=\"https:\/\/portalv1.com.br\/app\/wp-content\/uploads\/2023\/07\/1-640x358.jpeg 640w, https:\/\/portalv1.com.br\/app\/wp-content\/uploads\/2023\/07\/1-300x168.jpeg 300w, https:\/\/portalv1.com.br\/app\/wp-content\/uploads\/2023\/07\/1-768x430.jpeg 768w, https:\/\/portalv1.com.br\/app\/wp-content\/uploads\/2023\/07\/1.jpeg 1170w\" sizes=\"auto, (max-width: 600px) 100vw, 600px\" \/><\/a><\/p>\n<p>A pesquisa tamb\u00e9m perguntou o que achavam do Bolsa Fam\u00edlia em compara\u00e7\u00e3o com o antigo Aux\u00edlio Brasil e 58% disseram que o programa atual est\u00e1 melhor que o da gest\u00e3o passada. 27% falaram que est\u00e1 igual e apenas 11% responderam estar pior do que o programa anterior. <a href=\"https:\/\/portalv1.com.br\/app\/wp-content\/uploads\/2023\/07\/2.jpeg\"><img loading=\"lazy\" decoding=\"async\" class=\"aligncenter size-large wp-image-149640\" src=\"https:\/\/portalv1.com.br\/app\/wp-content\/uploads\/2023\/07\/2-640x444.jpeg\" alt=\"\" width=\"600\" height=\"416\" srcset=\"https:\/\/portalv1.com.br\/app\/wp-content\/uploads\/2023\/07\/2-640x444.jpeg 640w, https:\/\/portalv1.com.br\/app\/wp-content\/uploads\/2023\/07\/2-300x208.jpeg 300w, https:\/\/portalv1.com.br\/app\/wp-content\/uploads\/2023\/07\/2-768x533.jpeg 768w, https:\/\/portalv1.com.br\/app\/wp-content\/uploads\/2023\/07\/2-1536x1066.jpeg 1536w, https:\/\/portalv1.com.br\/app\/wp-content\/uploads\/2023\/07\/2.jpeg 1600w\" sizes=\"auto, (max-width: 600px) 100vw, 600px\" \/><\/a><\/p>\n<p>J\u00e1 quando s\u00e3o perguntados qual a\u00e7\u00e3o do Governo Federal \u00e9 a mais conhecida dos entrevistados, o programa Bolsa Fam\u00edlia \u00e9 dito por 96%, ficando em primeiro lugar nas cita\u00e7\u00f5es. Em segundo fica vacina\u00e7\u00e3o bivalente com 91%, Minha Casa Minha Vida em terceiro com 90%, Farm\u00e1cia Popular em quarto com 80% e combate ao desmatamento na Amaz\u00f4nia em quinto com 70%. A\u00e7\u00f5es como Mais M\u00e9dicos, Prouni, \u00c1gua para Todos, recadastramento de armas de fogo tamb\u00e9m s\u00e3o citados em percentuais menores. <a href=\"https:\/\/portalv1.com.br\/app\/wp-content\/uploads\/2023\/07\/02_699581980109860750.jpeg\"><img loading=\"lazy\" decoding=\"async\" class=\"aligncenter size-large wp-image-149641\" src=\"https:\/\/portalv1.com.br\/app\/wp-content\/uploads\/2023\/07\/02_699581980109860750-640x360.jpeg\" alt=\"\" width=\"600\" height=\"338\" srcset=\"https:\/\/portalv1.com.br\/app\/wp-content\/uploads\/2023\/07\/02_699581980109860750-640x360.jpeg 640w, https:\/\/portalv1.com.br\/app\/wp-content\/uploads\/2023\/07\/02_699581980109860750-300x169.jpeg 300w, https:\/\/portalv1.com.br\/app\/wp-content\/uploads\/2023\/07\/02_699581980109860750-768x432.jpeg 768w, https:\/\/portalv1.com.br\/app\/wp-content\/uploads\/2023\/07\/02_699581980109860750.jpeg 1170w\" sizes=\"auto, (max-width: 600px) 100vw, 600px\" \/><\/a><\/p>\n<p><strong>Principais dados captados pela pesquisa<\/strong><\/p>\n<p>96% consideram o Bolsa Fam\u00edlia o principal programa do Governo Federal&nbsp;<\/p>\n<p>39% consideram os programas sociais do Governo com \u00f3timo ou bom<\/p>\n<p>58% dizem que o Bolsa Fam\u00edlia atual \u00e9 melhor que o antigo Aux\u00edlio Brasil<\/p>\n<p>73% dizem que o Bolsa Fam\u00edlia favorece a acomoda\u00e7\u00e3o das pessoas mais pobres<\/p>\n<p>66% dizem que melhorou a vida das pessoas mais pobres do Brasil<\/p>\n","protected":false},"excerpt":{"rendered":"<p>Pesquisa encomendada pelo Pal\u00e1cio do Planalto junto ao Instituto de Pesquisa de Reputa\u00e7\u00e3o e Imagem (IPRI) mostra que o programa Bolsa Fam\u00edlia \u00e9 a a\u00e7\u00e3o do governo Lula mais conhecida&#8230;<\/p>\n","protected":false},"author":1,"featured_media":62749,"comment_status":"open","ping_status":"open","sticky":false,"template":"","format":"standard","meta":{"ngg_post_thumbnail":0,"footnotes":""},"categories":[243],"tags":[],"class_list":["post-149638","post","type-post","status-publish","format-standard","has-post-thumbnail","hentry","category-geral"],"views":724,"meta_data":{"thumb":"https:\/\/portalv1.com.br\/app\/wp-content\/uploads\/2018\/09\/wellington-dias.jpg","imagem":{"fullsize":{"url":"https:\/\/portalv1.com.br\/app\/wp-content\/uploads\/2018\/09\/wellington-dias.jpg","width":670,"height":447},"thumbnail":{"url":"https:\/\/portalv1.com.br\/app\/wp-content\/uploads\/2018\/09\/wellington-dias-100x100.jpg","width":100,"height":100},"medium":{"url":"https:\/\/portalv1.com.br\/app\/wp-content\/uploads\/2018\/09\/wellington-dias-300x200.jpg","width":300,"height":200},"large":{"url":"https:\/\/portalv1.com.br\/app\/wp-content\/uploads\/2018\/09\/wellington-dias-640x427.jpg","width":640,"height":427}},"data":{"simple":"11\/07\/2023","date_time":"11\/07\/2023 06:35:18","date":"h\u00e1 3 anos"},"chapeu":"Saiba Detalhes ","source":"m_destacada"},"_links":{"self":[{"href":"https:\/\/portalv1.com.br\/api\/wp\/v2\/posts\/149638","targetHints":{"allow":["GET"]}}],"collection":[{"href":"https:\/\/portalv1.com.br\/api\/wp\/v2\/posts"}],"about":[{"href":"https:\/\/portalv1.com.br\/api\/wp\/v2\/types\/post"}],"author":[{"embeddable":true,"href":"https:\/\/portalv1.com.br\/api\/wp\/v2\/users\/1"}],"replies":[{"embeddable":true,"href":"https:\/\/portalv1.com.br\/api\/wp\/v2\/comments?post=149638"}],"version-history":[{"count":0,"href":"https:\/\/portalv1.com.br\/api\/wp\/v2\/posts\/149638\/revisions"}],"wp:featuredmedia":[{"embeddable":true,"href":"https:\/\/portalv1.com.br\/api\/wp\/v2\/media\/62749"}],"wp:attachment":[{"href":"https:\/\/portalv1.com.br\/api\/wp\/v2\/media?parent=149638"}],"wp:term":[{"taxonomy":"category","embeddable":true,"href":"https:\/\/portalv1.com.br\/api\/wp\/v2\/categories?post=149638"},{"taxonomy":"post_tag","embeddable":true,"href":"https:\/\/portalv1.com.br\/api\/wp\/v2\/tags?post=149638"}],"curies":[{"name":"wp","href":"https:\/\/api.w.org\/{rel}","templated":true}]}}