{"id":14987,"date":"2013-02-14T16:08:56","date_gmt":"2013-02-14T19:08:56","guid":{"rendered":"https:\/\/portalv1.com.br\/?p=14987"},"modified":"2013-02-18T07:43:09","modified_gmt":"2013-02-18T10:43:09","slug":"rejane-dias-participou-de-entrega-de-aparelhos-em-valenca-fotos","status":"publish","type":"post","link":"https:\/\/portalv1.com.br\/rejane-dias-participou-de-entrega-de-aparelhos-em-valenca-fotos\/","title":{"rendered":"Rejane Dias participou de entrega de aparelhos em Valen\u00e7a. Fotos"},"content":{"rendered":"<figure id=\"attachment_14988\" aria-describedby=\"caption-attachment-14988\" style=\"width: 300px\" class=\"wp-caption alignright\"><img loading=\"lazy\" decoding=\"async\" class=\"size-full wp-image-14988\" alt=\"O evento foi realizado no CAIC \" src=\"https:\/\/portalv1.com.br\/app\/wp-content\/uploads\/2013\/02\/caic.jpg\" width=\"300\" height=\"225\" \/><figcaption id=\"caption-attachment-14988\" class=\"wp-caption-text\">O evento foi realizado no CAIC<\/figcaption><\/figure>\n<p>A deputada estadual Rejane Dias participou nesta quinta-feira (14) em Valen\u00e7a da solenidade de entrega de 506 pe\u00e7as ortop\u00e9dicas para as cidades de Valen\u00e7a, Aroazes, Novo Oriente, Barra D\u2019 Alc\u00e2ntara e Lagoa do Sitio, atrav\u00e9s do Centro Integrado de Reabilita\u00e7\u00e3o (Ceir). A solenidade contou ainda com a participa\u00e7\u00e3o do prefeito de Valen\u00e7a Walfredo Filho do deputado federal Marllos Sampaio, vereadores, secret\u00e1rios de sa\u00fade dos munic\u00edpios beneficiados, entre outras autoridades locais.<\/p>\n<p>O objetivo do Ceir M\u00f3vel \u00e9 possibilitar acessibilidade \u00e0s pessoas, que moram no interior do estado, onde \u00e9 mais dif\u00edcil o acesso aos aparelhos oferecidos pelo centro como cadeiras de rodas, p\u00e9s diab\u00e9ticos, cadeira de banho etc. antes da entrega \u00e9 feito um levantamento nos munic\u00edpios que culmina com a entrega dos aparelhos adequados para cada pessoa.<\/p>\n<p>Em seu discurso, al\u00e9m de enaltecer o trabalho realizado pelo Ceir M\u00f3vel, o prefeito Walfredo Filho solicitou uma maior aproxima\u00e7\u00e3o das a\u00e7\u00f5es do Ceir com o munic\u00edpio com a constru\u00e7\u00e3o de uma base em Valen\u00e7a do Piau\u00ed. Marllos Sampaio tamb\u00e9m enalteceu a import\u00e2ncia do trabalho realizado pelo Ceir no estado juntamente com os munic\u00edpios piauienses.<\/p>\n<p>A deputada Rejane Dias mentora do Ceir em 2008 falou da import\u00e2ncia do trabalho realizado pelo Ceir M\u00f3vel, que atinge boa parte da popula\u00e7\u00e3o que n\u00e3o tem acesso aos produtos ortop\u00e9dicos. Parabenizou as pessoas envolvidas no processo no estado e nos munic\u00edpios destacando os agentes comunit\u00e1rios de sa\u00fade. Ap\u00f3s a solenidade de abertura aconteceu \u00e0 entrega do material as pessoas contempladas e a distribui\u00e7\u00e3o para os munic\u00edpios. O evento foi realizado no CAIC em Valen\u00e7a.<\/p>\n<p><strong><div class=\"ngg-galleryoverview\" data-widget=\"Galeria\" data-props='{&quot;galeria&quot;:{&quot;gallery_id&quot;:1073,&quot;total&quot;:10,&quot;max_page&quot;:1,&quot;page&quot;:1,&quot;images&quot;:[{&quot;pid&quot;:20135,&quot;imageURL&quot;:&quot;https:\\\/\\\/portalv1.com.br\\\/app\\\/wp-content\\\/gallery\\\/ceir\\\/portalv1-006.jpg?t=1704651954&quot;,&quot;thumbnailURL&quot;:&quot;https:\\\/\\\/portalv1.com.br\\\/app\\\/wp-content\\\/gallery\\\/ceir\\\/thumbs\\\/thumbs_portalv1-006.jpg?t=1704651954&quot;,&quot;description&quot;:&quot; &quot;,&quot;alttext&quot;:&quot;portalv1-006&quot;,&quot;style&quot;:&quot;&quot;},{&quot;pid&quot;:20136,&quot;imageURL&quot;:&quot;https:\\\/\\\/portalv1.com.br\\\/app\\\/wp-content\\\/gallery\\\/ceir\\\/portalv1-010.jpg?t=1704651941&quot;,&quot;thumbnailURL&quot;:&quot;https:\\\/\\\/portalv1.com.br\\\/app\\\/wp-content\\\/gallery\\\/ceir\\\/thumbs\\\/thumbs_portalv1-010.jpg?t=1704651941&quot;,&quot;description&quot;:&quot; &quot;,&quot;alttext&quot;:&quot;portalv1-010&quot;,&quot;style&quot;:&quot;&quot;},{&quot;pid&quot;:20137,&quot;imageURL&quot;:&quot;https:\\\/\\\/portalv1.com.br\\\/app\\\/wp-content\\\/gallery\\\/ceir\\\/portalv1-012.jpg?t=1704651450&quot;,&quot;thumbnailURL&quot;:&quot;https:\\\/\\\/portalv1.com.br\\\/app\\\/wp-content\\\/gallery\\\/ceir\\\/thumbs\\\/thumbs_portalv1-012.jpg?t=1704651450&quot;,&quot;description&quot;:&quot; &quot;,&quot;alttext&quot;:&quot;portalv1-012&quot;,&quot;style&quot;:&quot;&quot;},{&quot;pid&quot;:20138,&quot;imageURL&quot;:&quot;https:\\\/\\\/portalv1.com.br\\\/app\\\/wp-content\\\/gallery\\\/ceir\\\/portalv1-017.jpg?t=1704651427&quot;,&quot;thumbnailURL&quot;:&quot;https:\\\/\\\/portalv1.com.br\\\/app\\\/wp-content\\\/gallery\\\/ceir\\\/thumbs\\\/thumbs_portalv1-017.jpg?t=1704651427&quot;,&quot;description&quot;:&quot; &quot;,&quot;alttext&quot;:&quot;portalv1-017&quot;,&quot;style&quot;:&quot;&quot;},{&quot;pid&quot;:20139,&quot;imageURL&quot;:&quot;https:\\\/\\\/portalv1.com.br\\\/app\\\/wp-content\\\/gallery\\\/ceir\\\/portalv1-023.jpg?t=1704651948&quot;,&quot;thumbnailURL&quot;:&quot;https:\\\/\\\/portalv1.com.br\\\/app\\\/wp-content\\\/gallery\\\/ceir\\\/thumbs\\\/thumbs_portalv1-023.jpg?t=1704651948&quot;,&quot;description&quot;:&quot; &quot;,&quot;alttext&quot;:&quot;portalv1-023&quot;,&quot;style&quot;:&quot;&quot;},{&quot;pid&quot;:20140,&quot;imageURL&quot;:&quot;https:\\\/\\\/portalv1.com.br\\\/app\\\/wp-content\\\/gallery\\\/ceir\\\/portalv1-024.jpg?t=1704651431&quot;,&quot;thumbnailURL&quot;:&quot;https:\\\/\\\/portalv1.com.br\\\/app\\\/wp-content\\\/gallery\\\/ceir\\\/thumbs\\\/thumbs_portalv1-024.jpg?t=1704651431&quot;,&quot;description&quot;:&quot; &quot;,&quot;alttext&quot;:&quot;portalv1-024&quot;,&quot;style&quot;:&quot;&quot;},{&quot;pid&quot;:20141,&quot;imageURL&quot;:&quot;https:\\\/\\\/portalv1.com.br\\\/app\\\/wp-content\\\/gallery\\\/ceir\\\/portalv1-029.jpg?t=1704651463&quot;,&quot;thumbnailURL&quot;:&quot;https:\\\/\\\/portalv1.com.br\\\/app\\\/wp-content\\\/gallery\\\/ceir\\\/thumbs\\\/thumbs_portalv1-029.jpg?t=1704651463&quot;,&quot;description&quot;:&quot; &quot;,&quot;alttext&quot;:&quot;portalv1-029&quot;,&quot;style&quot;:&quot;&quot;},{&quot;pid&quot;:20142,&quot;imageURL&quot;:&quot;https:\\\/\\\/portalv1.com.br\\\/app\\\/wp-content\\\/gallery\\\/ceir\\\/portalv1-040.jpg?t=1704651437&quot;,&quot;thumbnailURL&quot;:&quot;https:\\\/\\\/portalv1.com.br\\\/app\\\/wp-content\\\/gallery\\\/ceir\\\/thumbs\\\/thumbs_portalv1-040.jpg?t=1704651437&quot;,&quot;description&quot;:&quot; &quot;,&quot;alttext&quot;:&quot;portalv1-040&quot;,&quot;style&quot;:&quot;&quot;},{&quot;pid&quot;:20143,&quot;imageURL&quot;:&quot;https:\\\/\\\/portalv1.com.br\\\/app\\\/wp-content\\\/gallery\\\/ceir\\\/portalv1-048.jpg?t=1704651960&quot;,&quot;thumbnailURL&quot;:&quot;https:\\\/\\\/portalv1.com.br\\\/app\\\/wp-content\\\/gallery\\\/ceir\\\/thumbs\\\/thumbs_portalv1-048.jpg?t=1704651960&quot;,&quot;description&quot;:&quot; &quot;,&quot;alttext&quot;:&quot;portalv1-048&quot;,&quot;style&quot;:&quot;&quot;},{&quot;pid&quot;:20144,&quot;imageURL&quot;:&quot;https:\\\/\\\/portalv1.com.br\\\/app\\\/wp-content\\\/gallery\\\/ceir\\\/portalv1-054.jpg?t=1704651456&quot;,&quot;thumbnailURL&quot;:&quot;https:\\\/\\\/portalv1.com.br\\\/app\\\/wp-content\\\/gallery\\\/ceir\\\/thumbs\\\/thumbs_portalv1-054.jpg?t=1704651456&quot;,&quot;description&quot;:&quot; &quot;,&quot;alttext&quot;:&quot;portalv1-054&quot;,&quot;style&quot;:&quot;&quot;}]}}'><\/div><\/strong>.<\/p>\n","protected":false},"excerpt":{"rendered":"<p>A deputada estadual Rejane Dias participou nesta quinta-feira (14) em Valen\u00e7a da solenidade de entrega de 506 pe\u00e7as ortop\u00e9dicas para as cidades de Valen\u00e7a, Aroazes, Novo Oriente, Barra D\u2019 Alc\u00e2ntara&#8230;<\/p>\n","protected":false},"author":1,"featured_media":0,"comment_status":"open","ping_status":"open","sticky":false,"template":"","format":"standard","meta":{"ngg_post_thumbnail":0,"footnotes":""},"categories":[243],"tags":[],"class_list":["post-14987","post","type-post","status-publish","format-standard","hentry","category-geral"],"views":948,"meta_data":{"thumb":"https:\/\/portalv1.com.br\/app\/wp-content\/uploads\/2013\/02\/caic.jpg","data":{"simple":"14\/02\/2013","date_time":"14\/02\/2013 13:08:56","date":"h\u00e1 13 anos"},"chapeu":"Ceir M\u00f3vel ","source":"foto_menor"},"_links":{"self":[{"href":"https:\/\/portalv1.com.br\/api\/wp\/v2\/posts\/14987","targetHints":{"allow":["GET"]}}],"collection":[{"href":"https:\/\/portalv1.com.br\/api\/wp\/v2\/posts"}],"about":[{"href":"https:\/\/portalv1.com.br\/api\/wp\/v2\/types\/post"}],"author":[{"embeddable":true,"href":"https:\/\/portalv1.com.br\/api\/wp\/v2\/users\/1"}],"replies":[{"embeddable":true,"href":"https:\/\/portalv1.com.br\/api\/wp\/v2\/comments?post=14987"}],"version-history":[{"count":0,"href":"https:\/\/portalv1.com.br\/api\/wp\/v2\/posts\/14987\/revisions"}],"wp:attachment":[{"href":"https:\/\/portalv1.com.br\/api\/wp\/v2\/media?parent=14987"}],"wp:term":[{"taxonomy":"category","embeddable":true,"href":"https:\/\/portalv1.com.br\/api\/wp\/v2\/categories?post=14987"},{"taxonomy":"post_tag","embeddable":true,"href":"https:\/\/portalv1.com.br\/api\/wp\/v2\/tags?post=14987"}],"curies":[{"name":"wp","href":"https:\/\/api.w.org\/{rel}","templated":true}]}}